{"id":2102,"date":"2020-05-28T10:55:18","date_gmt":"2020-05-28T13:55:18","guid":{"rendered":"http:\/\/fmtinkunaco.com.ar\/?p=2102"},"modified":"2020-05-28T10:55:18","modified_gmt":"2020-05-28T13:55:18","slug":"san-atilio-vecinos-y-vecinas-bloqueron-la-entrada-de-camiones-municipales-al-basural","status":"publish","type":"post","link":"https:\/\/fmtinkunaco.ar\/?p=2102","title":{"rendered":"San Atilio: Vecinos y vecinas bloqueron la entrada de camiones municipales al basural"},"content":{"rendered":"<p>Los vecinos y las vecinas del barrio San Atilio, vienen hace a\u00f1os denunciando la situaci\u00f3n que les toca vivir con el basural que mantiene el municipio dentro del barrio.<\/p>\n<p>Son contantes y diarias las entradas de los camiones municipales, con basura, que son desechados en el predio lindero a la localidad de Presidente Derqui (Pilar).<\/p>\n<p>En di\u00e1logo con el programa radial \u201cEncuentro con las Noticias\u201d, Victor Jopia, integrante de Vecinos Unidos de San Atilio, re refiri\u00f3 a la situaci\u00f3n que viven diariamente los vecinos del barrio, <em>\u201cCuando empez\u00f3 la pandemia se increment\u00f3 mucho la cantidad de camiones que entraban, que ven\u00edan con ramas, que ven\u00edan ya no solamente con tierra y ramas si no tambi\u00e9n con desperdicios de todo tipo, como ser muchas cosas del cementerio y eso fue lo que llev\u00f3 a que cada vez haya m\u00e1s queda. Hubo cuatro d\u00edas ininterrumpidos de humo en el barrio, la verdad que insoportable porque ya no eran ramas lo que se quemaba sino que eran todo tipo de cosas; el humo era t\u00f3xico, la verdad que mucha gente reportaba dolor de cabeza, picaz\u00f3n de garganta y esto fue generando el malestar de la gente\u201d<\/em>.<\/p>\n<p>Adem\u00e1s, Jopia, explic\u00f3 que la indignaci\u00f3n de los vecinos provoc\u00f3 las acciones que realizaron en el d\u00eda de ayer, <em>\u201cDeton\u00f3 en un reclamo en las puertas del basural, se pusieron a hablar con el encargado del lugar que dec\u00eda un mont\u00f3n de cosas que nosotros ya venimos hablando con ellos y tratan de esquivar el tema con el hecho de que ellos no traen cosas, no hacen las quemas. Y los vecinos est\u00e1n cansados de que les tomen el pelo porque pasan por nuestras narices los camiones y genera indignaci\u00f3n. Esto detono todo lo que pas\u00f3 ayer, la gente estaba muy enojada, cort\u00f3 la calle, trato de hablar con el Intendente pero no se acerco, ni ning\u00fan funcionario. La que vino r\u00e1pido fue la polic\u00eda, eso tambi\u00e9n gener\u00f3 malestar porque \u00faltimamente sufrimos mucha inseguridad, es un tema pendiente, y sin embargo la polic\u00eda estuvo al instante\u201d<\/em>.<\/p>\n<p>Finalmente, V\u00edctor Jopia, hizo hincapi\u00e9 en que esta situaci\u00f3n fue espontanea y que se debe a los reiterados reclamos sin respuestas, <em>\u201cFue algo espontaneo, no fue algo elaborado, esto tiene que ver con la bronca de la gente. La gente se empez\u00f3 a acercar, \u00a0y era mucha gente la verdad, no eran 2 o 3 personas, yo creo que m\u00e1s de 100 personas hab\u00eda ayer. El humo fue el detonante de todas las cosas que ya vienen pasando hace rato\u201d<\/em>.<\/p>\n<p>Vecinos Unidos de San Atilio, se propone erradicar el basural y transformar ese espacio es un lugar de recreaci\u00f3n.<\/p>\n<p>Compartimos la entrevista completa<\/p>\n<p><a href=\"https:\/\/archive.org\/details\/audio-victor-jopia-vecino-unidos-de-san-atilio-28-05-2020\">Descargar<\/a><\/p>\n","protected":false},"excerpt":{"rendered":"<p>Los vecinos y las vecinas del barrio San Atilio, vienen hace a\u00f1os denunciando la situaci\u00f3n que les toca vivir con el basural que mantiene el municipio dentro del barrio. Son contantes y diarias las entradas de los camiones municipales, con basura, que son desechados en el predio lindero a la localidad de Presidente Derqui (Pilar). [&hellip;]<\/p>\n","protected":false},"author":1,"featured_media":2103,"comment_status":"open","ping_status":"open","sticky":false,"template":"","format":"standard","meta":{"footnotes":""},"categories":[4,7],"tags":[65,337],"class_list":["post-2102","post","type-post","status-publish","format-standard","has-post-thumbnail","hentry","category-derechos-humanos","category-salud","tag-basural","tag-municipio-de-jose-c-paz"],"_links":{"self":[{"href":"https:\/\/fmtinkunaco.ar\/index.php?rest_route=\/wp\/v2\/posts\/2102","targetHints":{"allow":["GET"]}}],"collection":[{"href":"https:\/\/fmtinkunaco.ar\/index.php?rest_route=\/wp\/v2\/posts"}],"about":[{"href":"https:\/\/fmtinkunaco.ar\/index.php?rest_route=\/wp\/v2\/types\/post"}],"author":[{"embeddable":true,"href":"https:\/\/fmtinkunaco.ar\/index.php?rest_route=\/wp\/v2\/users\/1"}],"replies":[{"embeddable":true,"href":"https:\/\/fmtinkunaco.ar\/index.php?rest_route=%2Fwp%2Fv2%2Fcomments&post=2102"}],"version-history":[{"count":0,"href":"https:\/\/fmtinkunaco.ar\/index.php?rest_route=\/wp\/v2\/posts\/2102\/revisions"}],"wp:featuredmedia":[{"embeddable":true,"href":"https:\/\/fmtinkunaco.ar\/index.php?rest_route=\/"}],"wp:attachment":[{"href":"https:\/\/fmtinkunaco.ar\/index.php?rest_route=%2Fwp%2Fv2%2Fmedia&parent=2102"}],"wp:term":[{"taxonomy":"category","embeddable":true,"href":"https:\/\/fmtinkunaco.ar\/index.php?rest_route=%2Fwp%2Fv2%2Fcategories&post=2102"},{"taxonomy":"post_tag","embeddable":true,"href":"https:\/\/fmtinkunaco.ar\/index.php?rest_route=%2Fwp%2Fv2%2Ftags&post=2102"}],"curies":[{"name":"wp","href":"https:\/\/api.w.org\/{rel}","templated":true}]}}