{"id":2110,"date":"2020-06-01T11:29:25","date_gmt":"2020-06-01T14:29:25","guid":{"rendered":"http:\/\/fmtinkunaco.com.ar\/?p=2110"},"modified":"2020-06-01T11:29:25","modified_gmt":"2020-06-01T14:29:25","slug":"3-de-junio-educadores-por-la-esi-te-invita-a-llenar-las-redes-sociales-con-consignas-y-reflexiones","status":"publish","type":"post","link":"https:\/\/fmtinkunaco.ar\/?p=2110","title":{"rendered":"3 de Junio: EducadorEs por la ESI te invita a llenar las redes sociales con consignas y reflexiones"},"content":{"rendered":"<p>A\u00a0 5 a\u00f1os del primer 3 de Junio \u201cNi Una Menos\u201d, y en el marco de un aislamiento preventivo y obligatorio que limita la posibilidad de movilizaci\u00f3n, diferentes organizaciones y espacios han impulsado diferentes propuestas virtuales con el fin de que esta fecha no pase desapercibida.<\/p>\n<p>En la regi\u00f3n, <strong>\u201cEducadorEs por la ESI\u201d<\/strong>, invitan a llenar las redes sociales y el espacio que habitamos de consignas, reflexiones y propuestas.<\/p>\n<p>En di\u00e1logo con el programa radial \u201cEncuentro con las Noticias\u201d, Catalina L\u00f3pez Lovera, integrante de EducadorEs por la ESI se refiri\u00f3 a la propuesta, <em>\u201cAprovechamos la iniciativa que tambi\u00e9n se piensa desde el Ministerio de Educaci\u00f3n de utilizar la radio como un canal de difusi\u00f3n de ense\u00f1anzas y de aprendizaje. As\u00ed que bajo esa propuesta pensamos en micro radiales y nos pareci\u00f3 que esto de pensar las efem\u00e9rides desde una perspectiva de g\u00e9nero o desde una perspectiva de la Educaci\u00f3n sexual integral pod\u00eda ser un paso muy \u00fatil para algo que ya ven\u00edamos pensando hace rato, esto de que las efem\u00e9rides escolares deben repensarse. (\u2026) Pensando en todo esto, apareci\u00f3 esta fecha del Ni una menos que desde el primer ni una menos se transform\u00f3 en un acontecimiento \u00a0que entr\u00f3 directamente a la escuela\u201d<\/em>.<\/p>\n<p>L\u00f3pez Lovera, adem\u00e1s, remarc\u00f3, <em>\u201cNos pareci\u00f3 m\u00e1s que necesario volver a poner este tema en agenda aprovechando esta efem\u00e9ride, as\u00ed que bueno armamos este micro radial pensando que le llegu\u00e9 \u00a0a las juventudes, que les llegu\u00e9 a les docentes, a nuestros colegas educadores, que llegu\u00e9 a donde tenga que llegar y que se pueda utilizar para pensar estas violencias y tambi\u00e9n pensar nuevas estrategias para transformar estas situaciones tan injustas\u201d<\/em>.<\/p>\n<p>Adem\u00e1s, desde EducadorEs por la ESI te invitan a entrar a su perfil de facebook y responder a la pregunta \u00bfPorque Ni Una Menos en las escuelas o en las organizaciones populares?.<\/p>\n<p>Compartimos la entrevista completa<\/p>\n<p><a href=\"https:\/\/archive.org\/details\/audio-catalia-lopez-lovera-educadores-por-la-esi-01-06-2020\">Descargar<\/a><\/p>\n","protected":false},"excerpt":{"rendered":"<p>A\u00a0 5 a\u00f1os del primer 3 de Junio \u201cNi Una Menos\u201d, y en el marco de un aislamiento preventivo y obligatorio que limita la posibilidad de movilizaci\u00f3n, diferentes organizaciones y espacios han impulsado diferentes propuestas virtuales con el fin de que esta fecha no pase desapercibida. En la regi\u00f3n, \u201cEducadorEs por la ESI\u201d, invitan a [&hellip;]<\/p>\n","protected":false},"author":1,"featured_media":2111,"comment_status":"open","ping_status":"open","sticky":false,"template":"","format":"standard","meta":{"footnotes":""},"categories":[5],"tags":[178,193,337,350],"class_list":["post-2110","post","type-post","status-publish","format-standard","has-post-thumbnail","hentry","category-educacion","tag-educadores-por-la-esi","tag-esi","tag-municipio-de-jose-c-paz","tag-ni-una-menos"],"_links":{"self":[{"href":"https:\/\/fmtinkunaco.ar\/index.php?rest_route=\/wp\/v2\/posts\/2110","targetHints":{"allow":["GET"]}}],"collection":[{"href":"https:\/\/fmtinkunaco.ar\/index.php?rest_route=\/wp\/v2\/posts"}],"about":[{"href":"https:\/\/fmtinkunaco.ar\/index.php?rest_route=\/wp\/v2\/types\/post"}],"author":[{"embeddable":true,"href":"https:\/\/fmtinkunaco.ar\/index.php?rest_route=\/wp\/v2\/users\/1"}],"replies":[{"embeddable":true,"href":"https:\/\/fmtinkunaco.ar\/index.php?rest_route=%2Fwp%2Fv2%2Fcomments&post=2110"}],"version-history":[{"count":0,"href":"https:\/\/fmtinkunaco.ar\/index.php?rest_route=\/wp\/v2\/posts\/2110\/revisions"}],"wp:featuredmedia":[{"embeddable":true,"href":"https:\/\/fmtinkunaco.ar\/index.php?rest_route=\/"}],"wp:attachment":[{"href":"https:\/\/fmtinkunaco.ar\/index.php?rest_route=%2Fwp%2Fv2%2Fmedia&parent=2110"}],"wp:term":[{"taxonomy":"category","embeddable":true,"href":"https:\/\/fmtinkunaco.ar\/index.php?rest_route=%2Fwp%2Fv2%2Fcategories&post=2110"},{"taxonomy":"post_tag","embeddable":true,"href":"https:\/\/fmtinkunaco.ar\/index.php?rest_route=%2Fwp%2Fv2%2Ftags&post=2110"}],"curies":[{"name":"wp","href":"https:\/\/api.w.org\/{rel}","templated":true}]}}