{"id":2113,"date":"2020-06-02T10:41:57","date_gmt":"2020-06-02T13:41:57","guid":{"rendered":"http:\/\/fmtinkunaco.com.ar\/?p=2113"},"modified":"2020-06-02T10:41:57","modified_gmt":"2020-06-02T13:41:57","slug":"jose-c-paz-el-mtd-oscar-barrios-denuncia-falta-de-seguimiento-del-municipio-a-los-casos-de-contacto-de-covid-19","status":"publish","type":"post","link":"https:\/\/fmtinkunaco.ar\/?p=2113","title":{"rendered":"Jos\u00e9. C. Paz: El MTD Oscar Barrios denuncia falta de seguimiento del municipio a los casos de contacto de COVID 19"},"content":{"rendered":"<p>Durante esta pandemia, el Movimiento de Trabajadores Desocupados (MTD) Oscar Barrios se encuentra garantizando mediante ollas populares el alimento para vecinos y vecinas de Jos\u00e9. C. Paz.<\/p>\n<p>En las \u00faltimas horas, dieron a conocer casos positivos de COVID 19 dentro del movimiento y denunciaron la falta de respuestas por parte del Municipio de Jos\u00e9. C. Paz.<\/p>\n<p>En di\u00e1logo con el programa radial \u201cEncuentro con las Noticias\u201d, Natalia, integrante del MTD, se refiri\u00f3 a la situaci\u00f3n que est\u00e1n viviendo, <em>\u201cDetectamos que no hab\u00eda seguimiento en el caso de los contactos de un compa\u00f1ero que dio positivo en Coronavirus; el jueves lo internaron y le hicieron los an\u00e1lisis r\u00e1pido y nosotros nos enteramos el lunes que este compa\u00f1ero tenia coronavirus porque la familia le aviso a los contactos paras que est\u00e9n atentos si ten\u00edan alg\u00fan s\u00edntoma. Y ah\u00ed llamamos a la pareja y le preguntamos si se hab\u00eda acercado alguien para decirle que se tiene que aislar, pero con un aislamiento m\u00e1s estricto y la compa\u00f1era dijo que no, que nadie le hab\u00eda dicho nada. Le pregunt\u00e9 si se hab\u00eda acercado la municipalidad y no, si la hab\u00edan llamado de provincia y tampoco, y si el m\u00e9dico que lo atend\u00eda le hab\u00eda avisado. As\u00ed que nosotros le dijimos que se aisl\u00e9 y que hoy le \u00edbamos a llevar todos los elementos necesarios\u201d<\/em>.<\/p>\n<p>Natalia, adem\u00e1s, remarc\u00f3 que luego de que el caso se conociera y de comunicarse con las autoridades, las ambulancias llegaron al barrio, <em>\u201cLlamamos a salud y le explic\u00f3 la situaci\u00f3n, y a la tarde noche fueron dos ambulancias y se comunico por tel\u00e9fono el epidemi\u00f3logo. As\u00ed que la hija ya est\u00e1 bastante tranquila. \u00a0As\u00ed que las ambulancias fueron, se fijaron quien ten\u00eda s\u00edntomas, quien no y hoy les estar\u00edan haciendo los testeos\u201d<\/em>.<\/p>\n<p>Natalia, describi\u00f3 las respuestas que les dieron las autoridades, <em>\u201cLa municipalidad, los responsables que fueron dijeron que era porque desde el Trauma no hab\u00edan avisado que hab\u00eda un caso de coronavirus en Jos\u00e9. C. Paz, esa es la excusa que dan. Pero si uno viene siguiendo los casos en el partido, es una denuncia de la gente que no hay seguimiento de casos, que nadie informa y que nadie hace nada\u201d<\/em>.<\/p>\n<p>El MTD exige al municipio que tome las medidas y protocolos correspondientes de seguimiento de contacto, desinfecci\u00f3n y testeos en los barrios populares de Jos\u00e9 C Paz donde dieron positivos los casos. Para evitar la propagaci\u00f3n del virus.<\/p>\n<p>Compartimos la entrevista completa<\/p>\n<p><a href=\"https:\/\/archive.org\/details\/audio-natalia-mtd-oscar-barrios-02-06-2020\">Descargar<\/a><\/p>\n","protected":false},"excerpt":{"rendered":"<p>Durante esta pandemia, el Movimiento de Trabajadores Desocupados (MTD) Oscar Barrios se encuentra garantizando mediante ollas populares el alimento para vecinos y vecinas de Jos\u00e9. C. Paz. En las \u00faltimas horas, dieron a conocer casos positivos de COVID 19 dentro del movimiento y denunciaron la falta de respuestas por parte del Municipio de Jos\u00e9. C. [&hellip;]<\/p>\n","protected":false},"author":1,"featured_media":2114,"comment_status":"open","ping_status":"open","sticky":false,"template":"","format":"standard","meta":{"footnotes":""},"categories":[7],"tags":[135,138,331,337],"class_list":["post-2113","post","type-post","status-publish","format-standard","has-post-thumbnail","hentry","category-salud","tag-coronavirus","tag-covid-19","tag-mtd-oscar-barrios","tag-municipio-de-jose-c-paz"],"_links":{"self":[{"href":"https:\/\/fmtinkunaco.ar\/index.php?rest_route=\/wp\/v2\/posts\/2113","targetHints":{"allow":["GET"]}}],"collection":[{"href":"https:\/\/fmtinkunaco.ar\/index.php?rest_route=\/wp\/v2\/posts"}],"about":[{"href":"https:\/\/fmtinkunaco.ar\/index.php?rest_route=\/wp\/v2\/types\/post"}],"author":[{"embeddable":true,"href":"https:\/\/fmtinkunaco.ar\/index.php?rest_route=\/wp\/v2\/users\/1"}],"replies":[{"embeddable":true,"href":"https:\/\/fmtinkunaco.ar\/index.php?rest_route=%2Fwp%2Fv2%2Fcomments&post=2113"}],"version-history":[{"count":0,"href":"https:\/\/fmtinkunaco.ar\/index.php?rest_route=\/wp\/v2\/posts\/2113\/revisions"}],"wp:featuredmedia":[{"embeddable":true,"href":"https:\/\/fmtinkunaco.ar\/index.php?rest_route=\/"}],"wp:attachment":[{"href":"https:\/\/fmtinkunaco.ar\/index.php?rest_route=%2Fwp%2Fv2%2Fmedia&parent=2113"}],"wp:term":[{"taxonomy":"category","embeddable":true,"href":"https:\/\/fmtinkunaco.ar\/index.php?rest_route=%2Fwp%2Fv2%2Fcategories&post=2113"},{"taxonomy":"post_tag","embeddable":true,"href":"https:\/\/fmtinkunaco.ar\/index.php?rest_route=%2Fwp%2Fv2%2Ftags&post=2113"}],"curies":[{"name":"wp","href":"https:\/\/api.w.org\/{rel}","templated":true}]}}