{"id":2116,"date":"2020-06-02T11:19:33","date_gmt":"2020-06-02T14:19:33","guid":{"rendered":"http:\/\/fmtinkunaco.com.ar\/?p=2116"},"modified":"2020-06-02T11:19:33","modified_gmt":"2020-06-02T14:19:33","slug":"cicop-reclama-personal-suficiente-con-salarios-acordes-a-la-responsabilidad-de-la-hora","status":"publish","type":"post","link":"https:\/\/fmtinkunaco.ar\/?p=2116","title":{"rendered":"CICOP reclama personal suficiente con salarios acordes a la responsabilidad de la hora"},"content":{"rendered":"<p>Desde la Asociaci\u00f3n Sindical de Profesionales de la Salud de la Provincia de Buenos Aires (CICOP) convocan el pr\u00f3ximo mi\u00e9rcoles, 10 de junio, a una jornada nacional de lucha reclamando personal suficiente con salarios acordes a la responsabilidad de la hora en este marco de pandemia.<\/p>\n<p>En di\u00e1logo con el programa radial \u201cEncuentro con las Noticias\u201d, Marta M\u00e1rquez, Presidenta de CICOP se refiri\u00f3 a la situaci\u00f3n actual de los hospitales provinciales en cuanto a insumos, luego de los reiterados reclamos, <em>\u201cAl d\u00eda de hoy particularmente en relaci\u00f3n a insumos y equipos de protecci\u00f3n personal, los hospitales de la provincia de Buenos Aires de acuerdo a la demanda que tenemos hoy tambi\u00e9n en relaci\u00f3n a la atenci\u00f3n de pacientes porque son muy contados casos, no tenemos hospitales desbordados, no hemos recibido gran cantidad de pacientes afectados por coronavirus; al d\u00eda de hoy podemos decir \u00a0que estamos con lo suficiente. Y como esto es bastante din\u00e1mico, si la semana que viene llegamos a tener muchos casos quiz\u00e1s vos me llamas y yo te tenga que decir, no nos alcanza en este momento. Pero al d\u00eda de hoy, en la situaci\u00f3n en la que estamos, insumos, equipos de protecci\u00f3n personal son suficientes\u201d<\/em>.<\/p>\n<p>M\u00e1rquez, hizo principal hincapi\u00e9 en que el principal problema hoy, se remite al n\u00famero de trabajadores y trabajadoras de la salud, es insuficiente, <em>\u201cNo tenemos suficiente en los hospitales personales, entonces est\u00e1 muy bien el despliegue de m\u00e1s camas de terapia intensiva o habilitar nuevos lugares o poner hospitales modulares, son medidas correctas; el tema es \u00a0que si no tenemos personal para que atienda a los pacientes de nada sirve que tengamos mayor cantidad de camas\u201d<\/em>.<\/p>\n<p>Con esta exigencia como una de las principales, M\u00e1rquez hizo referencia a la jornada de lucha de la semana que viene, <em>\u201cVenimos organizando una jornada de lucha para el 10 de junio que va a tener las caracter\u00edsticas de hacer visible en cada lugar la problem\u00e1tica, probablemente saliendo a la calle, exhibiendo carteles, hablando con la gente presupuesto siempre guardando \u00a0todas las medidas de distancia social y probablemente con alguna expresi\u00f3n p\u00fablica en alg\u00fan lugar de la ciudad de Buenos Aires. La idea es que en el medio de la emergencia sino fortalecemos el sistema de Salud P\u00fablica, no la vamos a poder abordar correctamente\u201d<\/em>.<\/p>\n<p>Compartimos la entrevista completa<\/p>\n<p><a href=\"https:\/\/archive.org\/details\/audio-marta-marquez-cicop-02-06-2020\">Descargar<\/a><\/p>\n","protected":false},"excerpt":{"rendered":"<p>Desde la Asociaci\u00f3n Sindical de Profesionales de la Salud de la Provincia de Buenos Aires (CICOP) convocan el pr\u00f3ximo mi\u00e9rcoles, 10 de junio, a una jornada nacional de lucha reclamando personal suficiente con salarios acordes a la responsabilidad de la hora en este marco de pandemia. En di\u00e1logo con el programa radial \u201cEncuentro con las [&hellip;]<\/p>\n","protected":false},"author":1,"featured_media":2117,"comment_status":"open","ping_status":"open","sticky":false,"template":"","format":"standard","meta":{"footnotes":""},"categories":[7],"tags":[135,138,443],"class_list":["post-2116","post","type-post","status-publish","format-standard","has-post-thumbnail","hentry","category-salud","tag-coronavirus","tag-covid-19","tag-salud-publica"],"_links":{"self":[{"href":"https:\/\/fmtinkunaco.ar\/index.php?rest_route=\/wp\/v2\/posts\/2116","targetHints":{"allow":["GET"]}}],"collection":[{"href":"https:\/\/fmtinkunaco.ar\/index.php?rest_route=\/wp\/v2\/posts"}],"about":[{"href":"https:\/\/fmtinkunaco.ar\/index.php?rest_route=\/wp\/v2\/types\/post"}],"author":[{"embeddable":true,"href":"https:\/\/fmtinkunaco.ar\/index.php?rest_route=\/wp\/v2\/users\/1"}],"replies":[{"embeddable":true,"href":"https:\/\/fmtinkunaco.ar\/index.php?rest_route=%2Fwp%2Fv2%2Fcomments&post=2116"}],"version-history":[{"count":0,"href":"https:\/\/fmtinkunaco.ar\/index.php?rest_route=\/wp\/v2\/posts\/2116\/revisions"}],"wp:featuredmedia":[{"embeddable":true,"href":"https:\/\/fmtinkunaco.ar\/index.php?rest_route=\/"}],"wp:attachment":[{"href":"https:\/\/fmtinkunaco.ar\/index.php?rest_route=%2Fwp%2Fv2%2Fmedia&parent=2116"}],"wp:term":[{"taxonomy":"category","embeddable":true,"href":"https:\/\/fmtinkunaco.ar\/index.php?rest_route=%2Fwp%2Fv2%2Fcategories&post=2116"},{"taxonomy":"post_tag","embeddable":true,"href":"https:\/\/fmtinkunaco.ar\/index.php?rest_route=%2Fwp%2Fv2%2Ftags&post=2116"}],"curies":[{"name":"wp","href":"https:\/\/api.w.org\/{rel}","templated":true}]}}