{"id":2126,"date":"2020-06-04T10:42:56","date_gmt":"2020-06-04T13:42:56","guid":{"rendered":"http:\/\/fmtinkunaco.com.ar\/?p=2126"},"modified":"2020-06-04T10:42:56","modified_gmt":"2020-06-04T13:42:56","slug":"coronavirus-familiares-de-casos-confirmados-denuncian-que-el-municipio-de-jose-c-paz-no-los-testea","status":"publish","type":"post","link":"https:\/\/fmtinkunaco.ar\/?p=2126","title":{"rendered":"Coronavirus: Familiares de casos confirmados denuncian que el municipio de Jos\u00e9. C. Paz no los testea"},"content":{"rendered":"<p>Vecinos y vecinas del municipio de Jos\u00e9. C. Paz se encuentran denunciando que las autoridades pace\u00f1as no realizan los protocolos estipulados para las personas con s\u00edntomas compatibles al COVID 19 o que han tenido contacto directo con casos positivos.<\/p>\n<p>En di\u00e1logo con el programa radial \u201cEncuentro con las Noticias\u201d, Mariela, vecina del partido e hija de una persona fallecida por Covid 19, se refiri\u00f3 a la situaci\u00f3n que se encuentra viviendo su familia,<em> \u201cMi pap\u00e1 el lunes 12 de mayo falleci\u00f3 por coronavirus, a nosotros ese mismo d\u00eda nos comunicaron que tenia coronavirus y a la tarde de ese d\u00eda falleci\u00f3, estuvo tres d\u00edas internados. Nosotros nos comunicamos al 148, el 148 derivo todo al Ministerio de Salud y me llamaron de ah\u00ed diciendo que iban a derivar todo al municipio y desde el municipio nunca se comunicaron conmigo. Entonces al no tener ninguna respuesta me dieron un n\u00famero del SAME de Jos\u00e9. C. Paz, nosotros llamamos y tambi\u00e9n, me atendieron, me preguntaron los s\u00edntomas, me dijeron que despu\u00e9s mandaban un m\u00f3vil. Me volvieron a llamar, me dieron con un medico y me dijeron que si ten\u00edamos fiebre tomemos paracetamol y que despu\u00e9s el m\u00f3vil iba a llegar\u201d<\/em>.<\/p>\n<p>Mariela, adem\u00e1s, describi\u00f3 las respuestas que recibi\u00f3 por parte del SAME pace\u00f1o,<em> \u201cCuando vino la ambulancia, lo que me dijo el m\u00e9dico era que iba a atender solamente a mi mam\u00e1, entr\u00f3 le tom\u00f3 la temperatura, lo que hizo fue tomarle el oxigeno \u00a0y la controlo muy poco. Y nos mir\u00f3 y nos hizo se\u00f1a como que no la iban a llevar, y despu\u00e9s se dirigi\u00f3 a nosotros y maso menos nos dijo que por qu\u00e9 hab\u00edamos llamado s\u00ed ella estaba estable y a nosotros dos que ten\u00edamos s\u00edntomas, no los control\u00f3<\/em>\u201d.<\/p>\n<p>Y remarc\u00f3, que el m\u00e9dico le dijo que solo podr\u00eda trasladar a su madre si estaba en un estado cr\u00edtico, <em>\u201cNos dijo que la ten\u00edan que trasladar s\u00ed solamente estaba como que no pod\u00eda caminar y le faltaba el aire, pr\u00e1cticamente s\u00ed ya se estaba muriendo\u201d<\/em>.<\/p>\n<p>Lamentablemente, no es el primer caso de vecinos y vecinas que denuncian falta de acci\u00f3n por parte de las autoridades municipales del partido de Jos\u00e9. C. Paz, liderado por Mario Alberto Ishii.<\/p>\n<p>Compartimos la entrevista completa<\/p>\n<p><a href=\"https:\/\/archive.org\/details\/audio-mariela-vecina-de-jcp-04-06-2020\">Descargar<\/a><\/p>\n<p>&nbsp;<\/p>\n","protected":false},"excerpt":{"rendered":"<p>Vecinos y vecinas del municipio de Jos\u00e9. C. Paz se encuentran denunciando que las autoridades pace\u00f1as no realizan los protocolos estipulados para las personas con s\u00edntomas compatibles al COVID 19 o que han tenido contacto directo con casos positivos. En di\u00e1logo con el programa radial \u201cEncuentro con las Noticias\u201d, Mariela, vecina del partido e hija [&hellip;]<\/p>\n","protected":false},"author":1,"featured_media":2127,"comment_status":"open","ping_status":"open","sticky":false,"template":"","format":"standard","meta":{"footnotes":""},"categories":[7],"tags":[135,138,337],"class_list":["post-2126","post","type-post","status-publish","format-standard","has-post-thumbnail","hentry","category-salud","tag-coronavirus","tag-covid-19","tag-municipio-de-jose-c-paz"],"_links":{"self":[{"href":"https:\/\/fmtinkunaco.ar\/index.php?rest_route=\/wp\/v2\/posts\/2126","targetHints":{"allow":["GET"]}}],"collection":[{"href":"https:\/\/fmtinkunaco.ar\/index.php?rest_route=\/wp\/v2\/posts"}],"about":[{"href":"https:\/\/fmtinkunaco.ar\/index.php?rest_route=\/wp\/v2\/types\/post"}],"author":[{"embeddable":true,"href":"https:\/\/fmtinkunaco.ar\/index.php?rest_route=\/wp\/v2\/users\/1"}],"replies":[{"embeddable":true,"href":"https:\/\/fmtinkunaco.ar\/index.php?rest_route=%2Fwp%2Fv2%2Fcomments&post=2126"}],"version-history":[{"count":0,"href":"https:\/\/fmtinkunaco.ar\/index.php?rest_route=\/wp\/v2\/posts\/2126\/revisions"}],"wp:featuredmedia":[{"embeddable":true,"href":"https:\/\/fmtinkunaco.ar\/index.php?rest_route=\/"}],"wp:attachment":[{"href":"https:\/\/fmtinkunaco.ar\/index.php?rest_route=%2Fwp%2Fv2%2Fmedia&parent=2126"}],"wp:term":[{"taxonomy":"category","embeddable":true,"href":"https:\/\/fmtinkunaco.ar\/index.php?rest_route=%2Fwp%2Fv2%2Fcategories&post=2126"},{"taxonomy":"post_tag","embeddable":true,"href":"https:\/\/fmtinkunaco.ar\/index.php?rest_route=%2Fwp%2Fv2%2Ftags&post=2126"}],"curies":[{"name":"wp","href":"https:\/\/api.w.org\/{rel}","templated":true}]}}