{"id":2129,"date":"2020-06-04T11:28:21","date_gmt":"2020-06-04T14:28:21","guid":{"rendered":"http:\/\/fmtinkunaco.com.ar\/?p=2129"},"modified":"2020-06-04T11:28:21","modified_gmt":"2020-06-04T14:28:21","slug":"fotografes-en-emergencia-reclaman-asistencia-del-estado","status":"publish","type":"post","link":"https:\/\/fmtinkunaco.ar\/?p=2129","title":{"rendered":"Fotografes en Emergencia reclaman asistencia del Estado"},"content":{"rendered":"<p>En el marco del aislamiento social, preventivo y obligatorio, los trabajadores y las trabajadoras independientes, artistas, audiovisuales y fot\u00f3grafos, entre otros, se encuentran sin trabajo y por el mismo motivo tienen ciertos reclamos que pretender hac\u00e9rselos llegar al Ministerio de Cultura.<\/p>\n<p>En di\u00e1logo con el programa radial \u201cEncuentro con las Noticias\u201d, Daniel Giampietro, integrante de la Asamblea de Trabajadores de la Fotograf\u00eda, se refiere a la conformaci\u00f3n de este espacio y el principal reclamo por subsidio, <em>\u201cConvocamos a una primera asamblea donde se planteo el tema laboral en estos momentos cr\u00edticos como trabajadores independientes, que nos encontramos sin trabajo y ah\u00ed \u00a0surgi\u00f3 la propuesta del reclamo donde preparamos una serie de reclamos con el eje central en un subsidio mensual de $30.000 mientras dure la crisis del sector\u201d<\/em>.<\/p>\n<p>Giampietro, adem\u00e1s, se refiri\u00f3 al resto de los reclamos que surgieron de los diferentes encuentros, <em>\u201cEntre los reclamos surgi\u00f3, adem\u00e1s, la libre circulaci\u00f3n de reporteros independientes, la prohibici\u00f3n de despidos, el pag\u00f3 del 100% de colaboraciones y salarios porque muchos trabajan bajo relaci\u00f3n de dependencia, subsidio para trabajo online, extensi\u00f3n del pago de servicios p\u00fablicos, esto es lo que estamos terminando de cerrar para llevar la propuesta\u201d<\/em>.<\/p>\n<p>Los principales reclamos son:<\/p>\n<p>* Exenci\u00f3n del monotributo mientras dure la pandemia, cobertura de las Obras Sociales.<\/p>\n<p>* Exenci\u00f3n del pago de servicios p\u00fablicos.<\/p>\n<p>* Libre circulaci\u00f3n para poder trabajar y por libertad de expresi\u00f3n.<\/p>\n<p>* Protocolo sanitario de trabajo. Provisi\u00f3n instrumentos protecci\u00f3n.<\/p>\n<p>* Prohibici\u00f3n de despidos, pago del 100% de salarios y colaboraciones.<\/p>\n<p>* Subsidios para trabajo online (exposiciones, cursos, producciones, etc).<\/p>\n<p>Desde la Asamblea, movilizar\u00e1n este mediod\u00eda al Ministerio de Cultura y el pr\u00f3ximo s\u00e1bado ser\u00e1 la pr\u00f3xima reuni\u00f3n de la asamblea, <em>\u201cVamos a hacer una movilizaci\u00f3n hacia el Ministerio de Cultura, hoy jueves a las 12hs, junt\u00f3 con otros movimientos art\u00edsticos, esc\u00e9nicos, audiovisuales y de m\u00fasicos. Estamos tratando de sumar fuerzas y sumar gente para que el pedido tenga m\u00e1s fuerza ante el Ministerio\u201d<\/em>.<\/p>\n<p>Compartimos la entrevista completa<\/p>\n<p><a href=\"https:\/\/archive.org\/details\/audio-daniel-giampietro-fotografo-04-06-2020\">Descargar<\/a><\/p>\n","protected":false},"excerpt":{"rendered":"<p>En el marco del aislamiento social, preventivo y obligatorio, los trabajadores y las trabajadoras independientes, artistas, audiovisuales y fot\u00f3grafos, entre otros, se encuentran sin trabajo y por el mismo motivo tienen ciertos reclamos que pretender hac\u00e9rselos llegar al Ministerio de Cultura. En di\u00e1logo con el programa radial \u201cEncuentro con las Noticias\u201d, Daniel Giampietro, integrante de [&hellip;]<\/p>\n","protected":false},"author":1,"featured_media":2130,"comment_status":"open","ping_status":"open","sticky":false,"template":"","format":"standard","meta":{"footnotes":""},"categories":[3],"tags":[135,138,143,221],"class_list":["post-2129","post","type-post","status-publish","format-standard","has-post-thumbnail","hentry","category-cultura","tag-coronavirus","tag-covid-19","tag-cultura","tag-fotografes"],"_links":{"self":[{"href":"https:\/\/fmtinkunaco.ar\/index.php?rest_route=\/wp\/v2\/posts\/2129","targetHints":{"allow":["GET"]}}],"collection":[{"href":"https:\/\/fmtinkunaco.ar\/index.php?rest_route=\/wp\/v2\/posts"}],"about":[{"href":"https:\/\/fmtinkunaco.ar\/index.php?rest_route=\/wp\/v2\/types\/post"}],"author":[{"embeddable":true,"href":"https:\/\/fmtinkunaco.ar\/index.php?rest_route=\/wp\/v2\/users\/1"}],"replies":[{"embeddable":true,"href":"https:\/\/fmtinkunaco.ar\/index.php?rest_route=%2Fwp%2Fv2%2Fcomments&post=2129"}],"version-history":[{"count":0,"href":"https:\/\/fmtinkunaco.ar\/index.php?rest_route=\/wp\/v2\/posts\/2129\/revisions"}],"wp:featuredmedia":[{"embeddable":true,"href":"https:\/\/fmtinkunaco.ar\/index.php?rest_route=\/"}],"wp:attachment":[{"href":"https:\/\/fmtinkunaco.ar\/index.php?rest_route=%2Fwp%2Fv2%2Fmedia&parent=2129"}],"wp:term":[{"taxonomy":"category","embeddable":true,"href":"https:\/\/fmtinkunaco.ar\/index.php?rest_route=%2Fwp%2Fv2%2Fcategories&post=2129"},{"taxonomy":"post_tag","embeddable":true,"href":"https:\/\/fmtinkunaco.ar\/index.php?rest_route=%2Fwp%2Fv2%2Ftags&post=2129"}],"curies":[{"name":"wp","href":"https:\/\/api.w.org\/{rel}","templated":true}]}}