{"id":2132,"date":"2020-06-04T16:30:04","date_gmt":"2020-06-04T19:30:04","guid":{"rendered":"http:\/\/fmtinkunaco.com.ar\/?p=2132"},"modified":"2020-06-04T16:30:04","modified_gmt":"2020-06-04T19:30:04","slug":"gremios-docentes-le-piden-al-ips-alejarse-de-una-armonizacion-con-anses","status":"publish","type":"post","link":"https:\/\/fmtinkunaco.ar\/?p=2132","title":{"rendered":"Gremios docentes le piden al IPS alejarse de una armonizaci\u00f3n con Anses"},"content":{"rendered":"<p>En los \u00faltimos d\u00edas, comenzaron los rumores sobre una posible armonizaci\u00f3n entre el Instituto de Previsi\u00f3n Social (IPS) y Anses, en lo que al gremio docente refiere.<\/p>\n<p>En esta l\u00ednea, existe una alarma por parte de los y las docentes por este posible acuerdo, aunque el titular del Instituto, Sant\u00edn, sali\u00f3 a negar esta situaci\u00f3n.<\/p>\n<p>En di\u00e1logo con el programa radial \u201cEncuentro con las Noticias\u201d, Daniel Mart\u00ednez, SUTEBA Jos\u00e9. C. Paz \u2013 seccional General Sarmiento, se refiri\u00f3 a lo que implicar\u00eda la armonizaci\u00f3n, <em>\u201cLa armonizaci\u00f3n es ni m\u00e1s, ni menos, que asimilar situaciones de jubilaci\u00f3n a porcentajes de jubilaci\u00f3n y a\u00f1os de aporte de cajas que no tienen reg\u00edmenes especiales. Entonces, armonizaci\u00f3n es arrimarse a los valores de la Anses cuando nosotros tenemos esta caja especial que es el IPS con perdidas de derechos, ya sea aumentando la cantidad de a\u00f1os de aportes y por lo tanto alejando la jubilaci\u00f3n en t\u00e9rminos etarios y el tema de las perdidas de derechos en general, por ejemplo siempre que se habla de armonizaci\u00f3n se quitan las clausulas de ajuste autom\u00e1tico que tenemos por ejemplo los docentes en relaci\u00f3n cuando se aumentan a los activos, que el pasivo este recibiendo\u201d<\/em>.<\/p>\n<p>Adem\u00e1s, Mart\u00ednez, se refiri\u00f3 a el pedido que le realizaron al Organismo de Previsi\u00f3n, <em>\u201cLo que le pedimos ahora al IPS es el tema de que se plantee claramente alejarnos de cualquier situaci\u00f3n de armonizaci\u00f3n, s\u00ed bien la provincia firm\u00f3 un acuerdo con el Anses vinculadas con otras cuestiones, est\u00e1 es la preocupaci\u00f3n que estamos teniendo los trabajadores en este momento\u201d<\/em>.<\/p>\n<p>Daniel Mart\u00ednez, remarc\u00f3 que las autoridades intentaron tranquilizar a los gremios, <em>\u201cAdelantamiento verbales en relaci\u00f3n a tranquilizarnos pero bueno estamos esperando que esa tranquilidad se trasform\u00e9 en letra escrita, que es fundamental en t\u00e9rminos de derechos\u201d<\/em>.<\/p>\n<p>De esta manera, a pesar de la negaci\u00f3n de esta situaci\u00f3n, las y los docentes esperan la tranquilidad de la letra escrita en un acuerdo.<\/p>\n<p>Compartimos la entrevista completa<\/p>\n<p><a href=\"https:\/\/archive.org\/details\/audio-daniel-martinez-suteba-jcp-04-06-2020\">Descargar<\/a><\/p>\n","protected":false},"excerpt":{"rendered":"<p>En los \u00faltimos d\u00edas, comenzaron los rumores sobre una posible armonizaci\u00f3n entre el Instituto de Previsi\u00f3n Social (IPS) y Anses, en lo que al gremio docente refiere. En esta l\u00ednea, existe una alarma por parte de los y las docentes por este posible acuerdo, aunque el titular del Instituto, Sant\u00edn, sali\u00f3 a negar esta situaci\u00f3n. [&hellip;]<\/p>\n","protected":false},"author":1,"featured_media":2133,"comment_status":"open","ping_status":"open","sticky":false,"template":"","format":"standard","meta":{"footnotes":""},"categories":[5],"tags":[43,175,234,255,470],"class_list":["post-2132","post","type-post","status-publish","format-standard","has-post-thumbnail","hentry","category-educacion","tag-armonizacion","tag-educacion","tag-gremios-docentes","tag-instituto-de-prevision-social","tag-suteba-jose-c-paz"],"_links":{"self":[{"href":"https:\/\/fmtinkunaco.ar\/index.php?rest_route=\/wp\/v2\/posts\/2132","targetHints":{"allow":["GET"]}}],"collection":[{"href":"https:\/\/fmtinkunaco.ar\/index.php?rest_route=\/wp\/v2\/posts"}],"about":[{"href":"https:\/\/fmtinkunaco.ar\/index.php?rest_route=\/wp\/v2\/types\/post"}],"author":[{"embeddable":true,"href":"https:\/\/fmtinkunaco.ar\/index.php?rest_route=\/wp\/v2\/users\/1"}],"replies":[{"embeddable":true,"href":"https:\/\/fmtinkunaco.ar\/index.php?rest_route=%2Fwp%2Fv2%2Fcomments&post=2132"}],"version-history":[{"count":0,"href":"https:\/\/fmtinkunaco.ar\/index.php?rest_route=\/wp\/v2\/posts\/2132\/revisions"}],"wp:featuredmedia":[{"embeddable":true,"href":"https:\/\/fmtinkunaco.ar\/index.php?rest_route=\/"}],"wp:attachment":[{"href":"https:\/\/fmtinkunaco.ar\/index.php?rest_route=%2Fwp%2Fv2%2Fmedia&parent=2132"}],"wp:term":[{"taxonomy":"category","embeddable":true,"href":"https:\/\/fmtinkunaco.ar\/index.php?rest_route=%2Fwp%2Fv2%2Fcategories&post=2132"},{"taxonomy":"post_tag","embeddable":true,"href":"https:\/\/fmtinkunaco.ar\/index.php?rest_route=%2Fwp%2Fv2%2Ftags&post=2132"}],"curies":[{"name":"wp","href":"https:\/\/api.w.org\/{rel}","templated":true}]}}