{"id":2138,"date":"2020-06-08T11:17:30","date_gmt":"2020-06-08T14:17:30","guid":{"rendered":"http:\/\/fmtinkunaco.com.ar\/?p=2138"},"modified":"2020-06-08T11:17:30","modified_gmt":"2020-06-08T14:17:30","slug":"covid-19-mas-de-20-trabajadores-y-trabajadoras-contagiadas-en-el-centro-medico-talar-de-tigre","status":"publish","type":"post","link":"https:\/\/fmtinkunaco.ar\/?p=2138","title":{"rendered":"COVID 19: M\u00e1s de 20 trabajadores y trabajadoras contagiadas en el \u00a0Centro M\u00e9dico Talar de Tigre"},"content":{"rendered":"<p>M\u00e1s de 20 trabajadores y trabajadoras de la Cl\u00ednica Privada Talar, de Tigre, ubicada en panamericana y ruta 197, contagiados por COVID 19.<\/p>\n<p>Los trabajadores denuncian que desde el primer momento de la pandemia exigieron insumos de protecci\u00f3n y protocolos de seguridad, y no tuvieron respuestas por parte de las autoridades.<\/p>\n<p>En di\u00e1logo con el programa radial \u201cEncuentro con las Noticias\u201d, Ester Galarza, enfermera de la Cl\u00ednica y actualmente en aislamiento, se refiri\u00f3 a las primeras exigencias de los trabajadores desde inicio de la pandemia <em>\u201cDesde el inicio de la pandemia nosotros comenzamos a reclamar los elementos de protecci\u00f3n, y nos fueron dados tapabocas, camisolines de baja calidad, y no era lo que correspond\u00eda para el sector donde yo estaba que eran los COVID positivos. Nos tuvimos que comprar nuestros propios elementos, los mamelucos, los barbijos correspondientes, pero as\u00ed y todo no bast\u00f3 porque hay trabajadores que no se pudieron comprar los elementos y tampoco nunca hubo un protocolo de trabajo, nunca fue la intenci\u00f3n de cuidar al personal. Desde la direcci\u00f3n dijeron que los elementos que ten\u00edamos estaban aprobados por la municipalidad pero hubo tantos contagios y no se hicieron responsables ni la cl\u00ednica, ni la ART\u201d<\/em>.<\/p>\n<p>Entre los trabajadores infectados se encuentran enfermeras y enfermeros, camilleros, m\u00e9dicos, y trabajadores de maestranza.<\/p>\n<p>Galarza, adem\u00e1s, se refiri\u00f3 a las amenazas que est\u00e1n recibiendo por parte de la cl\u00ednica,<em> \u201cAhora en este momento est\u00e1n amenazando a la gente, a los trabajadores, para que no participen, est\u00e1n levantando firmas como una contra denuncia de que nosotros estamos mintiendo pero lo real es que los m\u00e1s de 20 contagiados est\u00e1n y existen\u201d<\/em>.<\/p>\n<p>Ester Galarza, actualmente se encuentra en aislamiento por s\u00edntomas pero hoy le entregan el segundo hisopado, <em>\u201cYo estoy aislada porque a m\u00ed me hicieron un hisopado en la cl\u00ednica el d\u00eda martes y supuestamente me dio negativo pero yo el martes a la noche comenc\u00e9 con s\u00edntomas y cada vez me sent\u00eda peor, entonces active el protocolo con mi obra social y me trajeron a la cl\u00ednica y me hisoparon de nuevo y hoy va a estar el resultado<\/em>\u201d.<\/p>\n<p>Ester Galarza, adem\u00e1s, describi\u00f3 la situaci\u00f3n de su compa\u00f1era que se encuentra en terapia intensiva, <em>\u201cYo tengo mi compa\u00f1era Flavia, que la hisoparon un d\u00eda s\u00e1bado, el domingo se entera que es positiva. Estaba aislada en la casa, una sola vez recibi\u00f3 un llamado del infectologo y despu\u00e9s nadie m\u00e1s se comunico con ella. Estuvieron pidiendo el n\u00famero de denuncia para poder tramitar el tema de la ART y que se hagan cargo porque ellos no ten\u00edan ni siquiera medicaci\u00f3n como para controlarse y estaban a la buena de Dios. Y Flavia empez\u00f3 a descomponerse el d\u00eda jueves, el viernes fue una desesperaci\u00f3n porque ella ped\u00eda que alguien la atienda, llamo a la obra social y le dijeron que ten\u00edan que autoriza y nunca m\u00e1s se comunicaron. La ART tampoco se hac\u00eda cargo porque no estaba la denuncia hecha. Cuando la se\u00f1ora de recursos humanos dijo que ella para el s\u00e1bado iba a tener todas las denuncias hechas y los n\u00fameros de siniestros, pero desde el domingo hasta la otra semana a esperar que alguien haga algo y nadie intervino. Flavia se descompenso y su abogada la tuvo que poner como su empleada para que la trasladen. Flavia ahora est\u00e1 en terapia intensiva con asistencia mec\u00e1nica<\/em>\u201d.<\/p>\n<p>Actualmente, de 60 personas que trabajan en la cl\u00ednica, m\u00e1s de 20 se encuentran infectados por COVID 19.<\/p>\n<p>Compartimos la entrevista completa<\/p>\n<p><a href=\"https:\/\/archive.org\/details\/audio-ester-galarza-centro-medico-el-talar-pacheco-08-06-2020\">Descargar<\/a><\/p>\n<p>Compartimos el audio de la llamada de Flavia Almela<\/p>\n<p>&nbsp;<\/p>\n","protected":false},"excerpt":{"rendered":"<p>M\u00e1s de 20 trabajadores y trabajadoras de la Cl\u00ednica Privada Talar, de Tigre, ubicada en panamericana y ruta 197, contagiados por COVID 19. Los trabajadores denuncian que desde el primer momento de la pandemia exigieron insumos de protecci\u00f3n y protocolos de seguridad, y no tuvieron respuestas por parte de las autoridades. En di\u00e1logo con el [&hellip;]<\/p>\n","protected":false},"author":1,"featured_media":2139,"comment_status":"open","ping_status":"open","sticky":false,"template":"","format":"standard","meta":{"footnotes":""},"categories":[7],"tags":[104,135,138,419],"class_list":["post-2138","post","type-post","status-publish","format-standard","has-post-thumbnail","hentry","category-salud","tag-centro-medico-el-talar-pacheco","tag-coronavirus","tag-covid-19","tag-protocolo-de-seguridad"],"_links":{"self":[{"href":"https:\/\/fmtinkunaco.ar\/index.php?rest_route=\/wp\/v2\/posts\/2138","targetHints":{"allow":["GET"]}}],"collection":[{"href":"https:\/\/fmtinkunaco.ar\/index.php?rest_route=\/wp\/v2\/posts"}],"about":[{"href":"https:\/\/fmtinkunaco.ar\/index.php?rest_route=\/wp\/v2\/types\/post"}],"author":[{"embeddable":true,"href":"https:\/\/fmtinkunaco.ar\/index.php?rest_route=\/wp\/v2\/users\/1"}],"replies":[{"embeddable":true,"href":"https:\/\/fmtinkunaco.ar\/index.php?rest_route=%2Fwp%2Fv2%2Fcomments&post=2138"}],"version-history":[{"count":0,"href":"https:\/\/fmtinkunaco.ar\/index.php?rest_route=\/wp\/v2\/posts\/2138\/revisions"}],"wp:featuredmedia":[{"embeddable":true,"href":"https:\/\/fmtinkunaco.ar\/index.php?rest_route=\/"}],"wp:attachment":[{"href":"https:\/\/fmtinkunaco.ar\/index.php?rest_route=%2Fwp%2Fv2%2Fmedia&parent=2138"}],"wp:term":[{"taxonomy":"category","embeddable":true,"href":"https:\/\/fmtinkunaco.ar\/index.php?rest_route=%2Fwp%2Fv2%2Fcategories&post=2138"},{"taxonomy":"post_tag","embeddable":true,"href":"https:\/\/fmtinkunaco.ar\/index.php?rest_route=%2Fwp%2Fv2%2Ftags&post=2138"}],"curies":[{"name":"wp","href":"https:\/\/api.w.org\/{rel}","templated":true}]}}