{"id":2141,"date":"2020-06-09T10:04:19","date_gmt":"2020-06-09T13:04:19","guid":{"rendered":"http:\/\/fmtinkunaco.com.ar\/?p=2141"},"modified":"2020-06-09T10:04:19","modified_gmt":"2020-06-09T13:04:19","slug":"jornada-nacional-de-lucha-del-personal-sanitario-por-mayor-inversion-en-salud","status":"publish","type":"post","link":"https:\/\/fmtinkunaco.ar\/?p=2141","title":{"rendered":"Jornada Nacional de Lucha del personal sanitario por mayor inversi\u00f3n en salud"},"content":{"rendered":"<p>Ma\u00f1ana, mi\u00e9rcoles 10 de junio, la Asociaci\u00f3n Sindical de Profesionales de la Salud de la Provincia de Buenos Aires (CICOP) convoca a una jornada nacional de lucha reclamando personal suficiente con salarios acordes a la responsabilidad de la hora en este marco de pandemia.<\/p>\n<p>En di\u00e1logo con el programa radial \u201cEncuentro con las Noticias\u201d, M\u00f3nica M\u00e9ndez, Secretaria de Organizaci\u00f3n y Finanzas de CICOP y Licenciada en Trabajo Social del Hospital Mel\u00e9ndez de Almirante Brown, se refiri\u00f3 al contexto sanitario en el que arranc\u00f3 la pandemia, <em>\u201cEn enero, febrero est\u00e1bamos discutiendo los graves problemas estructurales de la salud, nos encamin\u00e1bamos hacia solicitar la apertura de paritarias y nos agarr\u00f3 el 20 de marzo con la cuarentena. Cuarentena que apoyamos, es m\u00e1s, en estos momentos creemos que esta demasiado flexibilizada por parte del gobierno. Entonces continuamos con la pelea del problema estructural donde faltaban camas, donde faltaba personal, donde faltaba medicaci\u00f3n cr\u00f3nica como para diabetes y otras, y se nos agreg\u00f3 la pandemia donde nuestra primer pelea tuvo que ser por los famosos elementos de protecci\u00f3n para el personal e insumos para la poblaci\u00f3n\u201d<\/em>.<\/p>\n<p>M\u00e9ndez, remarc\u00f3 los principales reclamos y la diferencia salarial en Almirante Brown,<em> \u201cPeleamos fuertemente por aumento de salario, y el aumento de 2500 cargos para profesionales y donde dijimos, hay que armar comit\u00e9 de crisis en todos los lugares donde los trabajadores podamos discutir exactamente qu\u00e9 se hace frente a esta pandemia. Al d\u00eda de hoy, tuvimos un leve aumento de salario, y somos los \u00fanicos que cobramos los 5 mil pesos; en la mayor\u00eda de los municipios y en el resto del pa\u00eds no los cobraron. Ahora estamos peleando por la reapertura de paritarias de junio\u201d<\/em>.<\/p>\n<p>Desde la Asociaci\u00f3n Sindical de Profesionales de la Salud de la Provincia de Buenos Aires (CICOP) convocan el pr\u00f3ximo mi\u00e9rcoles, 10 de junio, a una jornada nacional de lucha reclamando personal suficiente con salarios acordes a la responsabilidad de la hora en este marco de pandemia.<\/p>\n<p>As\u00ed lo explica M\u00f3nica M\u00e9ndez, <em>\u201cEl d\u00eda 10 vamos a hacer una jornada nacional,\u00a0 articulando con otras agremiaciones de CABA y con algunas provincias del interior; donde a las 10 de la ma\u00f1ana vamos a hacer acciones en todos los hospitales y centros de salud a la vez, reclamando por nuestros derechos y estamos evaluando con el resto de las organizaciones qu\u00e9 vamos a hacer en forma articulada despu\u00e9s de esa acci\u00f3n\u201d<\/em>.<\/p>\n<p>Compartimos la entrevista completa<\/p>\n<p><a href=\"https:\/\/archive.org\/details\/audio-monica-mendez-hospi-melendez-03-06-2020\">Descargar<\/a><\/p>\n","protected":false},"excerpt":{"rendered":"<p>Ma\u00f1ana, mi\u00e9rcoles 10 de junio, la Asociaci\u00f3n Sindical de Profesionales de la Salud de la Provincia de Buenos Aires (CICOP) convoca a una jornada nacional de lucha reclamando personal suficiente con salarios acordes a la responsabilidad de la hora en este marco de pandemia. En di\u00e1logo con el programa radial \u201cEncuentro con las Noticias\u201d, M\u00f3nica [&hellip;]<\/p>\n","protected":false},"author":1,"featured_media":2142,"comment_status":"open","ping_status":"open","sticky":false,"template":"","format":"standard","meta":{"footnotes":""},"categories":[7],"tags":[109,135,138,264,443],"class_list":["post-2141","post","type-post","status-publish","format-standard","has-post-thumbnail","hentry","category-salud","tag-cicop","tag-coronavirus","tag-covid-19","tag-jornada-nacional-de-lucha","tag-salud-publica"],"_links":{"self":[{"href":"https:\/\/fmtinkunaco.ar\/index.php?rest_route=\/wp\/v2\/posts\/2141","targetHints":{"allow":["GET"]}}],"collection":[{"href":"https:\/\/fmtinkunaco.ar\/index.php?rest_route=\/wp\/v2\/posts"}],"about":[{"href":"https:\/\/fmtinkunaco.ar\/index.php?rest_route=\/wp\/v2\/types\/post"}],"author":[{"embeddable":true,"href":"https:\/\/fmtinkunaco.ar\/index.php?rest_route=\/wp\/v2\/users\/1"}],"replies":[{"embeddable":true,"href":"https:\/\/fmtinkunaco.ar\/index.php?rest_route=%2Fwp%2Fv2%2Fcomments&post=2141"}],"version-history":[{"count":0,"href":"https:\/\/fmtinkunaco.ar\/index.php?rest_route=\/wp\/v2\/posts\/2141\/revisions"}],"wp:featuredmedia":[{"embeddable":true,"href":"https:\/\/fmtinkunaco.ar\/index.php?rest_route=\/"}],"wp:attachment":[{"href":"https:\/\/fmtinkunaco.ar\/index.php?rest_route=%2Fwp%2Fv2%2Fmedia&parent=2141"}],"wp:term":[{"taxonomy":"category","embeddable":true,"href":"https:\/\/fmtinkunaco.ar\/index.php?rest_route=%2Fwp%2Fv2%2Fcategories&post=2141"},{"taxonomy":"post_tag","embeddable":true,"href":"https:\/\/fmtinkunaco.ar\/index.php?rest_route=%2Fwp%2Fv2%2Ftags&post=2141"}],"curies":[{"name":"wp","href":"https:\/\/api.w.org\/{rel}","templated":true}]}}