{"id":2145,"date":"2020-06-09T11:10:30","date_gmt":"2020-06-09T14:10:30","guid":{"rendered":"http:\/\/fmtinkunaco.com.ar\/?p=2145"},"modified":"2020-06-09T11:10:30","modified_gmt":"2020-06-09T14:10:30","slug":"hospital-mercante-radio-abierta-de-los-trabajadores-y-trabajadoras-por-las-condiciones-de-trabajo","status":"publish","type":"post","link":"https:\/\/fmtinkunaco.ar\/?p=2145","title":{"rendered":"Hospital Mercante: Radio abierta de los trabajadores y trabajadoras por las condiciones de trabajo"},"content":{"rendered":"<p>Desde que se hizo oficial el decreto de aislamiento social, preventivo y obligatorio,\u00a0 los trabajadores y las trabajadoras de la salud, de todo el pa\u00eds, vienen desarrollando una serie de luchas por la situaci\u00f3n de vaciamiento de los hospitales y las condiciones de trabajo frente al avance de la pandemia.<\/p>\n<p>En di\u00e1logo con el programa radial \u201cEncuentro con las Noticias\u201d, Silvia Mitschenco, trabajadora del Hospital Mercante, se refiri\u00f3 al objetivo de esta radio abierta en las puertas del hospital,<em> \u201cMa\u00f1ana estamos llamando a realizar una radio abierta en la puerta del hospital como gremios, los delegados de ATE de la lista negra del hospital, junto a un sector de la Comisi\u00f3n Gremial \u00a0de CICOP del Hospital Mercante porque no todos apoyan este tipo de reclamo o no est\u00e1n de acuerdo con el tipo de medidas. Nosotros la encuadramos a esta radio en la jornada de lucha que es entre hoy y ma\u00f1ana, es una jornada de lucha que est\u00e1n llamando sectores independientes; si bien la convoca Fesprosa, tambi\u00e9n un sector de CICOP, sectores de agrupamientos en la Capital de residentes en lucha, sectores que se vienen organizando por fuera de la democracia sindical.<\/em><br \/>\n<em> (\u2026) Y en esta radio ponemos de manifiesto los 32 nombramientos que han sido solicitados a ra\u00edz de la declaraci\u00f3n de la emergencia sanitaria en la provincia de Buenos Aires particularmente en el hospital\u201d<\/em>.<\/p>\n<p>Mitschenco, adem\u00e1s, se refiri\u00f3 a la situaci\u00f3n de estos 32 compa\u00f1eros, <em>\u201cEstos 32 nombramientos no vienen a cubrir una demanda suscitada por la pandemia del covid, sino vienen a cubrir en principio las necesidades de los planteles b\u00e1sicos que vienen vaciados de hace a\u00f1os. Son 32 compa\u00f1eros que s\u00ed hasta el 16 de junio, est\u00e1n a la firma de una resoluci\u00f3n ministerial, no son firmadas, estos compa\u00f1eros no cobrar\u00edan sino hasta agosto\u201d<\/em>.<\/p>\n<p>Silvia Mitschenco, finalmente explic\u00f3, \u201cVisibilizar esto, visibilizar que los reclamos contin\u00faan y es el sector que siempre ha salido en defensa de la salud de los pacientes y de las comisiones de trabajo\u201d.<\/p>\n<p>Compartimos la entrevista completa<\/p>\n<p><a href=\"https:\/\/archive.org\/details\/audio-silvia-mitschenco-hospital-mercante-09-06-2020\">Descargar<\/a><\/p>\n<audio class=\"wp-audio-shortcode\" id=\"audio-2145-2\" preload=\"none\" style=\"width: 100%;\" controls=\"controls\"><source type=\"audio\/mpeg\" src=\"https:\/\/archive.org\/download\/audio-silvia-mitschenco-hospital-mercante-09-06-2020\/AUDIO%20-%20SILVIA%20MITSCHENCO%20%28HOSPITAL%20MERCANTE%29%2009%2006%202020.mp3?_=2\" \/><a href=\"https:\/\/archive.org\/download\/audio-silvia-mitschenco-hospital-mercante-09-06-2020\/AUDIO%20-%20SILVIA%20MITSCHENCO%20%28HOSPITAL%20MERCANTE%29%2009%2006%202020.mp3\">https:\/\/archive.org\/download\/audio-silvia-mitschenco-hospital-mercante-09-06-2020\/AUDIO%20-%20SILVIA%20MITSCHENCO%20%28HOSPITAL%20MERCANTE%29%2009%2006%202020.mp3<\/a><\/audio>\n<p>&nbsp;<\/p>\n<div class=\"powerpress_player\" id=\"powerpress_player_3532\"><audio class=\"wp-audio-shortcode\" id=\"audio-2145-1\" preload=\"none\" style=\"width: 100%;\" controls=\"controls\"><source type=\"audio\/mpeg\" src=\"https:\/\/archive.org\/download\/audio-silvia-mitschenco-hospital-mercante-09-06-2020\/AUDIO%20-%20SILVIA%20MITSCHENCO%20%28HOSPITAL%20MERCANTE%29%2009%2006%202020.mp3?_=1\" \/><a href=\"https:\/\/archive.org\/download\/audio-silvia-mitschenco-hospital-mercante-09-06-2020\/AUDIO%20-%20SILVIA%20MITSCHENCO%20%28HOSPITAL%20MERCANTE%29%2009%2006%202020.mp3\">https:\/\/archive.org\/download\/audio-silvia-mitschenco-hospital-mercante-09-06-2020\/AUDIO%20-%20SILVIA%20MITSCHENCO%20%28HOSPITAL%20MERCANTE%29%2009%2006%202020.mp3<\/a><\/audio><\/div><p class=\"powerpress_links powerpress_links_mp3\" style=\"margin-bottom: 1px !important;\">Podcast: <a href=\"https:\/\/archive.org\/download\/audio-silvia-mitschenco-hospital-mercante-09-06-2020\/AUDIO%20-%20SILVIA%20MITSCHENCO%20%28HOSPITAL%20MERCANTE%29%2009%2006%202020.mp3\" class=\"powerpress_link_pinw\" target=\"_blank\" title=\"Reproducir en una nueva ventana\" onclick=\"return powerpress_pinw('https:\/\/fmtinkunaco.ar\/?powerpress_pinw=2145-podcast');\" rel=\"nofollow\">Reproducir en una nueva ventana<\/a> | <a href=\"https:\/\/archive.org\/download\/audio-silvia-mitschenco-hospital-mercante-09-06-2020\/AUDIO%20-%20SILVIA%20MITSCHENCO%20%28HOSPITAL%20MERCANTE%29%2009%2006%202020.mp3\" class=\"powerpress_link_d\" title=\"Descargar\" rel=\"nofollow\" download=\"AUDIO%20-%20SILVIA%20MITSCHENCO%20%28HOSPITAL%20MERCANTE%29%2009%2006%202020.mp3\">Descargar<\/a><\/p>","protected":false},"excerpt":{"rendered":"<p>Desde que se hizo oficial el decreto de aislamiento social, preventivo y obligatorio,\u00a0 los trabajadores y las trabajadoras de la salud, de todo el pa\u00eds, vienen desarrollando una serie de luchas por la situaci\u00f3n de vaciamiento de los hospitales y las condiciones de trabajo frente al avance de la pandemia. En di\u00e1logo con el programa [&hellip;]<\/p>\n","protected":false},"author":1,"featured_media":2146,"comment_status":"open","ping_status":"open","sticky":false,"template":"","format":"standard","meta":{"footnotes":""},"categories":[7],"tags":[135,138,245,443],"class_list":["post-2145","post","type-post","status-publish","format-standard","has-post-thumbnail","hentry","category-salud","tag-coronavirus","tag-covid-19","tag-hospital-mercante","tag-salud-publica"],"_links":{"self":[{"href":"https:\/\/fmtinkunaco.ar\/index.php?rest_route=\/wp\/v2\/posts\/2145","targetHints":{"allow":["GET"]}}],"collection":[{"href":"https:\/\/fmtinkunaco.ar\/index.php?rest_route=\/wp\/v2\/posts"}],"about":[{"href":"https:\/\/fmtinkunaco.ar\/index.php?rest_route=\/wp\/v2\/types\/post"}],"author":[{"embeddable":true,"href":"https:\/\/fmtinkunaco.ar\/index.php?rest_route=\/wp\/v2\/users\/1"}],"replies":[{"embeddable":true,"href":"https:\/\/fmtinkunaco.ar\/index.php?rest_route=%2Fwp%2Fv2%2Fcomments&post=2145"}],"version-history":[{"count":0,"href":"https:\/\/fmtinkunaco.ar\/index.php?rest_route=\/wp\/v2\/posts\/2145\/revisions"}],"wp:featuredmedia":[{"embeddable":true,"href":"https:\/\/fmtinkunaco.ar\/index.php?rest_route=\/"}],"wp:attachment":[{"href":"https:\/\/fmtinkunaco.ar\/index.php?rest_route=%2Fwp%2Fv2%2Fmedia&parent=2145"}],"wp:term":[{"taxonomy":"category","embeddable":true,"href":"https:\/\/fmtinkunaco.ar\/index.php?rest_route=%2Fwp%2Fv2%2Fcategories&post=2145"},{"taxonomy":"post_tag","embeddable":true,"href":"https:\/\/fmtinkunaco.ar\/index.php?rest_route=%2Fwp%2Fv2%2Ftags&post=2145"}],"curies":[{"name":"wp","href":"https:\/\/api.w.org\/{rel}","templated":true}]}}