{"id":2148,"date":"2020-06-10T10:33:18","date_gmt":"2020-06-10T13:33:18","guid":{"rendered":"http:\/\/fmtinkunaco.com.ar\/?p=2148"},"modified":"2020-06-10T10:33:18","modified_gmt":"2020-06-10T13:33:18","slug":"la-herreria-teatro-recibe-donaciones-para-ollas-populares-del-territorio","status":"publish","type":"post","link":"https:\/\/fmtinkunaco.ar\/?p=2148","title":{"rendered":"La Herrer\u00eda Teatro recibe donaciones para ollas populares del territorio"},"content":{"rendered":"<p>Desde el 1 de junio, la Herrer\u00eda Teatro, se encuentra recibiendo donaciones para las ollas populares de los barrios del territorio.<\/p>\n<p>En el marco de la emergencia sanitaria y econ\u00f3mica, a ra\u00edz de la pandemia, desde el espacio entienden que todos estamos transitando esta situaci\u00f3n en condiciones distintas y complejas realidades por lo que han decidido colaborar desde su espacio mediante esta iniciativa.<\/p>\n<p>En di\u00e1logo con el programa radial \u201cEncuentro con las Noticias\u201d, Paula Corco, integrante de la Herrer\u00eda Teatro, se refiri\u00f3 a la iniciativa, <em>\u201cNosotros lo que pensamos y vamos viendo, es c\u00f3mo desde la Herrer\u00eda podemos articular para hacer algo en cuesti\u00f3n con el resto de la comunidad, hay un mont\u00f3n de agrupaciones organiz\u00e1ndose. (\u2026) Me parece que son quienes siempre sostuvieron y siguen sosteniendo a todas las familias en estos momentos\u201d<\/em>.<\/p>\n<p>Corco, adem\u00e1s se refiri\u00f3 a los espacios con los que articulan, <em>\u201cEstamos articulando con tres ollas populares y con el Centro Comunitario Gallo Rojo, para poder darles una mano en aquello que necesiten cada uno de estas instituciones. En un momento pensamos que podr\u00edamos llegar a hacer una olla popular inclusive pero hay organizaciones que ya la est\u00e1n llevando adelante, entonces darle una mano a esas organizaciones\u201d<\/em>.<\/p>\n<p>Las ollas populares que recibir\u00e1n las donaciones ser\u00e1n, en San Miguel, La olla del Fredy \u2013 Charlone 1515, San Miguel; J\u00f3venes por Siempre \u2013 Paula Albarrac\u00edn 389; Gallo Rojo \u2013 Atuel 1836 y en Jos\u00e9. C. Paz, La cortada del cacique \u2013 Plaza Chile.<\/p>\n<p>Se encuentran recibiendo, principalmente, alimentos no perecederos, ropa de abrigo (en buen estado, limpia y clasificada por edad \/talle) y elementos de limpieza (jab\u00f3n blanco, alcohol, lavandina, etc.).<\/p>\n<p>Paula Corco, se refiri\u00f3 a la respuesta de la comunidad, <em>\u201cEl primer d\u00eda tuvimos un poco de miedo porque no lleg\u00f3 nadie, pero despu\u00e9s en el transcurso de la semana entre lo que fuimos a buscar a las casas de las personas y los que se acercaron el mi\u00e9rcoles y el viernes, la verdad que pudimos llevar bastante a J\u00f3venes por Siempre\u201d<\/em>.<\/p>\n<p>Las donaciones se reciben los lunes, mi\u00e9rcoles y viernes de 11 a 14 hs, en la Herrer\u00eda Teatro\u00a0 &#8211; Sarmiento y Arg\u00fcero, San Miguel.<\/p>\n<p>Compartimos la entrevista completa<\/p>\n<p><a href=\"https:\/\/archive.org\/details\/audio-paula-corco-la-herreria-10-06-2020\">Descargar<\/a><\/p>\n<audio class=\"wp-audio-shortcode\" id=\"audio-2148-2\" preload=\"none\" style=\"width: 100%;\" controls=\"controls\"><source type=\"audio\/mpeg\" src=\"https:\/\/archive.org\/download\/audio-paula-corco-la-herreria-10-06-2020\/AUDIO%20-%20PAULA%20CORCO%20-%20LA%20HERRERIA%2010%2006%202020.mp3?_=2\" \/><a href=\"https:\/\/archive.org\/download\/audio-paula-corco-la-herreria-10-06-2020\/AUDIO%20-%20PAULA%20CORCO%20-%20LA%20HERRERIA%2010%2006%202020.mp3\">https:\/\/archive.org\/download\/audio-paula-corco-la-herreria-10-06-2020\/AUDIO%20-%20PAULA%20CORCO%20-%20LA%20HERRERIA%2010%2006%202020.mp3<\/a><\/audio>\n<div class=\"powerpress_player\" id=\"powerpress_player_1786\"><audio class=\"wp-audio-shortcode\" id=\"audio-2148-1\" preload=\"none\" style=\"width: 100%;\" controls=\"controls\"><source type=\"audio\/mpeg\" src=\"https:\/\/archive.org\/download\/audio-paula-corco-la-herreria-10-06-2020\/AUDIO%20-%20PAULA%20CORCO%20-%20LA%20HERRERIA%2010%2006%202020.mp3?_=1\" \/><a href=\"https:\/\/archive.org\/download\/audio-paula-corco-la-herreria-10-06-2020\/AUDIO%20-%20PAULA%20CORCO%20-%20LA%20HERRERIA%2010%2006%202020.mp3\">https:\/\/archive.org\/download\/audio-paula-corco-la-herreria-10-06-2020\/AUDIO%20-%20PAULA%20CORCO%20-%20LA%20HERRERIA%2010%2006%202020.mp3<\/a><\/audio><\/div><p class=\"powerpress_links powerpress_links_mp3\" style=\"margin-bottom: 1px !important;\">Podcast: <a href=\"https:\/\/archive.org\/download\/audio-paula-corco-la-herreria-10-06-2020\/AUDIO%20-%20PAULA%20CORCO%20-%20LA%20HERRERIA%2010%2006%202020.mp3\" class=\"powerpress_link_pinw\" target=\"_blank\" title=\"Reproducir en una nueva ventana\" onclick=\"return powerpress_pinw('https:\/\/fmtinkunaco.ar\/?powerpress_pinw=2148-podcast');\" rel=\"nofollow\">Reproducir en una nueva ventana<\/a> | <a href=\"https:\/\/archive.org\/download\/audio-paula-corco-la-herreria-10-06-2020\/AUDIO%20-%20PAULA%20CORCO%20-%20LA%20HERRERIA%2010%2006%202020.mp3\" class=\"powerpress_link_d\" title=\"Descargar\" rel=\"nofollow\" download=\"AUDIO%20-%20PAULA%20CORCO%20-%20LA%20HERRERIA%2010%2006%202020.mp3\">Descargar<\/a><\/p>","protected":false},"excerpt":{"rendered":"<p>Desde el 1 de junio, la Herrer\u00eda Teatro, se encuentra recibiendo donaciones para las ollas populares de los barrios del territorio. En el marco de la emergencia sanitaria y econ\u00f3mica, a ra\u00edz de la pandemia, desde el espacio entienden que todos estamos transitando esta situaci\u00f3n en condiciones distintas y complejas realidades por lo que han [&hellip;]<\/p>\n","protected":false},"author":1,"featured_media":2149,"comment_status":"open","ping_status":"open","sticky":false,"template":"","format":"standard","meta":{"footnotes":""},"categories":[3,4,9],"tags":[],"class_list":["post-2148","post","type-post","status-publish","format-standard","has-post-thumbnail","hentry","category-cultura","category-derechos-humanos","category-sociedad"],"_links":{"self":[{"href":"https:\/\/fmtinkunaco.ar\/index.php?rest_route=\/wp\/v2\/posts\/2148","targetHints":{"allow":["GET"]}}],"collection":[{"href":"https:\/\/fmtinkunaco.ar\/index.php?rest_route=\/wp\/v2\/posts"}],"about":[{"href":"https:\/\/fmtinkunaco.ar\/index.php?rest_route=\/wp\/v2\/types\/post"}],"author":[{"embeddable":true,"href":"https:\/\/fmtinkunaco.ar\/index.php?rest_route=\/wp\/v2\/users\/1"}],"replies":[{"embeddable":true,"href":"https:\/\/fmtinkunaco.ar\/index.php?rest_route=%2Fwp%2Fv2%2Fcomments&post=2148"}],"version-history":[{"count":0,"href":"https:\/\/fmtinkunaco.ar\/index.php?rest_route=\/wp\/v2\/posts\/2148\/revisions"}],"wp:featuredmedia":[{"embeddable":true,"href":"https:\/\/fmtinkunaco.ar\/index.php?rest_route=\/"}],"wp:attachment":[{"href":"https:\/\/fmtinkunaco.ar\/index.php?rest_route=%2Fwp%2Fv2%2Fmedia&parent=2148"}],"wp:term":[{"taxonomy":"category","embeddable":true,"href":"https:\/\/fmtinkunaco.ar\/index.php?rest_route=%2Fwp%2Fv2%2Fcategories&post=2148"},{"taxonomy":"post_tag","embeddable":true,"href":"https:\/\/fmtinkunaco.ar\/index.php?rest_route=%2Fwp%2Fv2%2Ftags&post=2148"}],"curies":[{"name":"wp","href":"https:\/\/api.w.org\/{rel}","templated":true}]}}