{"id":2151,"date":"2020-06-10T11:19:47","date_gmt":"2020-06-10T14:19:47","guid":{"rendered":"http:\/\/fmtinkunaco.com.ar\/?p=2151"},"modified":"2020-06-10T11:19:47","modified_gmt":"2020-06-10T14:19:47","slug":"moreno-el-consejo-de-organizaciones-de-cuartel-v-exige-presencia-del-estado","status":"publish","type":"post","link":"https:\/\/fmtinkunaco.ar\/?p=2151","title":{"rendered":"Moreno: El Consejo de Organizaciones de Cuartel V exige presencia del Estado"},"content":{"rendered":"<p>En las \u00faltimas horas, se dieron a conocer diferentes hechos violentos en la localidad de Cuartel V, Moreno, es por esto que desde el Consejo de Organizaciones conformado en 2014 e integrado por 35 organizaciones se pronunciaron a favor del valor de la vida y exigen presencia del Estado.<\/p>\n<p>En di\u00e1logo con el programa radial \u201cEncuentro con las Noticias\u201d, Anah\u00ed, referente de la Biblioteca Popular Vicky e integrante del Consejo de Organizaciones, se refiri\u00f3 a la conformaci\u00f3n del espacio y a los objetivos, <em>\u201cEl Consejo de organizaciones es un grupo de organizaciones que estamos trabajando desde el 2014 en todo lo que es la zona de Cuartel V para juntos solucionar problem\u00e1ticas que nos llevan a juntarnos. (\u2026) A ver c\u00f3mo podemos dar soluci\u00f3n a muchas problem\u00e1ticas que hay en Cuartel V y nos atraviesa y bueno la idea es incidir en pol\u00edticas p\u00fablicas, poder juntarnos con los distintos funcionarios de turnos y en conjunto pensar estrategias para que los vecinos de Cuartel V estemos bien\u201d<\/em>.<\/p>\n<p>Anah\u00ed, adem\u00e1s, explic\u00f3 por qu\u00e9 sintieron la necesidad de pronunciarse, \u201cLo que nosotros como Consejo venimos viendo es que en la \u00faltima semana hubo varios incidentes, que se llevaron la vida de Icardi, de D\u00e9bora que se iba a trabajar; del lado de Los Hornos tambi\u00e9n hubo incidentes y lo que vemos es que falta m\u00e1s presencia del Estado, creo que como organizaciones nosotros podemos ayudar al otro pero hay cosas que se nos va de nuestro espacio, entonces nosotros como organizaciones lo \u00fanico que queremos es ayudar a proteger a los dem\u00e1s y la vida de los dem\u00e1s tiene un valor y no est\u00e1 siendo valorada\u201d.<\/p>\n<p>Compartimos el comunicado:<\/p>\n<p><strong>Estamos llamadas y llamados a tejer o entretejer otra realidad.<\/strong><\/p>\n<p><strong>Somos una zona de mujeres y hombres solidarios y trabajadores\/as que hemos luchado por muchos a\u00f1os para construir un pedacito de tierra sin males. No aceptamos que nos denominen los medios hegem\u00f3nicos zona roja. Somos en todo caso zona verde por la Esperanza que nos ha acompa\u00f1ado y nos sostiene en el dolor, las luchas, sue\u00f1os y utop\u00edas.<\/strong><\/p>\n<p><strong>Nos impresiona la muerte s\u00ed, y m\u00e1s a\u00fan la muerte de j\u00f3venes como s\u00ed sus vidas no valiesen nada.<\/strong><\/p>\n<p><b>Nos negamos a aceptar la muerte como algo cotidiano, la Vida de cada ser humano es valiosa e irreemplazable. D\u00e9bora R\u00edos, Gabriel Icardi tienen familia, amigas\/os, compa\u00f1eres. Ten\u00edan una historia que seguir escribiendo y sus vidas fueron brutalmente truncadas.<\/b><\/p>\n<p><strong>No queremos que sus sue\u00f1os sean olvidados, ni sus rostros, ni sus proyectos.<\/strong><\/p>\n<p><strong>Nos invade una impotencia ante la falta de cuidados de quienes tienen la obligaci\u00f3n de estar presentes. La vulnerabilidad de las familias no est\u00e1 s\u00f3lo atravesada por la pandemia, si bien el estado est\u00e1 presente a trav\u00e9s de la AUH, el IFE, la tarjeta alimentaria siempre se necesita m\u00e1s Estado con una presencia cercana y amorosa. Esa presencia es lo contrario a la inseguridad.<\/strong><\/p>\n<p><strong>Para el Consejo de Organizaciones la seguridad viene siendo una lucha desde sus or\u00edgenes. Profundizada y expuesta por el avance de la droga, la violencia de g\u00e9nero, a la ni\u00f1ez y hambruna por la pandemia. Por a\u00f1os construimos centros comunitarios, obras de tendido de red de gas, comedores, defensa de los derechos del ni\u00f1o y ni\u00f1a, centros de protecci\u00f3n a la mujer, educaci\u00f3n y viviendas dignas. Desde nuestro SER y HACER en Cuartel V, sabiendo que la construcci\u00f3n es con todos y todas, quisi\u00e9ramos que se den a conocer cu\u00e1les son las pol\u00edticas concretas del Municipio. \u00bfQu\u00e9 est\u00e1 pensando? \u00bfQu\u00e9 est\u00e1n gestionando para evitar m\u00e1s muertes violentas? \u00bfEst\u00e1n articulando con Provincia y Naci\u00f3n? Las organizaciones convocamos al Estado municipal, provincial y nacional a generar espacios de di\u00e1logos y trazados de estrategias para alcanzar la Vida que nos merecemos y que el neoliberalismo y todos sus males nos arrebatan &#8230;<\/strong><\/p>\n<p><strong>No es No y decimos No y decimos BASTA. Queremos y tenemos el derecho a ser cuidados y protegidos por el estado. Queremos ser escuchados, no somos el enemigo, hemos transitado CV por muchos a\u00f1os construyendo identidad y unidad. Queremos que se acoja la palabra y el sufrimiento de los vecinos\/as y organizaciones. Queremos ser escuchados y necesitamos respuestas y acciones concretas. Necesitamos pol\u00edticas p\u00fablicas en el territorio desplegadas con amor, que sirvan para contener a nuestra juventud para ense\u00f1ar y aprender de sus sue\u00f1os.<\/strong><\/p>\n<p><strong>Esta violencia compleja y con muchas aristas tiene que parar. El estado tiene que actuar para Cuidarnos y de forma efectiva y eficiente. No somos una zona roja.<\/strong><\/p>\n<p><strong>Consejo de Organizaciones de Cuartel V<\/strong><\/p>\n<p>Anah\u00ed, finalmente, explic\u00f3 que no exigen presencia policial, exigen presencia del Estado, <em>\u201cNosotros creemos que todo esto no es que necesitamos m\u00e1s polic\u00edas, si no que se necesitan m\u00e1s actividades, m\u00e1s espacios culturales donde haya contenci\u00f3n para los j\u00f3venes. No es que s\u00ed o s\u00ed tienen que bajar m\u00e1s polic\u00edas en la zona, sino m\u00e1s presencia del Estado va a ayudar\u201d.<\/em><\/p>\n<p>Compartimos la entrevista completa<\/p>\n<p><a href=\"https:\/\/archive.org\/details\/audio-anahi-consejo-de-organizaciones-cuartel-v-10-06-2020\">Descargar<\/a><\/p>\n<audio class=\"wp-audio-shortcode\" id=\"audio-2151-2\" preload=\"none\" style=\"width: 100%;\" controls=\"controls\"><source type=\"audio\/mpeg\" src=\"https:\/\/archive.org\/download\/audio-anahi-consejo-de-organizaciones-cuartel-v-10-06-2020\/AUDIO%20-%20ANAHI%20%28CONSEJO%20DE%20ORGANIZACIONES%20CUARTEL%20V%29%2010%2006%202020.mp3?_=2\" \/><a href=\"https:\/\/archive.org\/download\/audio-anahi-consejo-de-organizaciones-cuartel-v-10-06-2020\/AUDIO%20-%20ANAHI%20%28CONSEJO%20DE%20ORGANIZACIONES%20CUARTEL%20V%29%2010%2006%202020.mp3\">https:\/\/archive.org\/download\/audio-anahi-consejo-de-organizaciones-cuartel-v-10-06-2020\/AUDIO%20-%20ANAHI%20%28CONSEJO%20DE%20ORGANIZACIONES%20CUARTEL%20V%29%2010%2006%202020.mp3<\/a><\/audio>\n<p>&nbsp;<\/p>\n<div class=\"powerpress_player\" id=\"powerpress_player_1670\"><audio class=\"wp-audio-shortcode\" id=\"audio-2151-1\" preload=\"none\" style=\"width: 100%;\" controls=\"controls\"><source type=\"audio\/mpeg\" src=\"https:\/\/archive.org\/download\/audio-anahi-consejo-de-organizaciones-cuartel-v-10-06-2020\/AUDIO%20-%20ANAHI%20%28CONSEJO%20DE%20ORGANIZACIONES%20CUARTEL%20V%29%2010%2006%202020.mp3?_=1\" \/><a href=\"https:\/\/archive.org\/download\/audio-anahi-consejo-de-organizaciones-cuartel-v-10-06-2020\/AUDIO%20-%20ANAHI%20%28CONSEJO%20DE%20ORGANIZACIONES%20CUARTEL%20V%29%2010%2006%202020.mp3\">https:\/\/archive.org\/download\/audio-anahi-consejo-de-organizaciones-cuartel-v-10-06-2020\/AUDIO%20-%20ANAHI%20%28CONSEJO%20DE%20ORGANIZACIONES%20CUARTEL%20V%29%2010%2006%202020.mp3<\/a><\/audio><\/div><p class=\"powerpress_links powerpress_links_mp3\" style=\"margin-bottom: 1px !important;\">Podcast: <a href=\"https:\/\/archive.org\/download\/audio-anahi-consejo-de-organizaciones-cuartel-v-10-06-2020\/AUDIO%20-%20ANAHI%20%28CONSEJO%20DE%20ORGANIZACIONES%20CUARTEL%20V%29%2010%2006%202020.mp3\" class=\"powerpress_link_pinw\" target=\"_blank\" title=\"Reproducir en una nueva ventana\" onclick=\"return powerpress_pinw('https:\/\/fmtinkunaco.ar\/?powerpress_pinw=2151-podcast');\" rel=\"nofollow\">Reproducir en una nueva ventana<\/a> | <a href=\"https:\/\/archive.org\/download\/audio-anahi-consejo-de-organizaciones-cuartel-v-10-06-2020\/AUDIO%20-%20ANAHI%20%28CONSEJO%20DE%20ORGANIZACIONES%20CUARTEL%20V%29%2010%2006%202020.mp3\" class=\"powerpress_link_d\" title=\"Descargar\" rel=\"nofollow\" download=\"AUDIO%20-%20ANAHI%20%28CONSEJO%20DE%20ORGANIZACIONES%20CUARTEL%20V%29%2010%2006%202020.mp3\">Descargar<\/a><\/p>","protected":false},"excerpt":{"rendered":"<p>En las \u00faltimas horas, se dieron a conocer diferentes hechos violentos en la localidad de Cuartel V, Moreno, es por esto que desde el Consejo de Organizaciones conformado en 2014 e integrado por 35 organizaciones se pronunciaron a favor del valor de la vida y exigen presencia del Estado. En di\u00e1logo con el programa radial [&hellip;]<\/p>\n","protected":false},"author":1,"featured_media":2014,"comment_status":"open","ping_status":"open","sticky":false,"template":"","format":"standard","meta":{"footnotes":""},"categories":[4,9],"tags":[125,325,417],"class_list":["post-2151","post","type-post","status-publish","format-standard","has-post-thumbnail","hentry","category-derechos-humanos","category-sociedad","tag-consejo-de-organizaciones-cuartel-v","tag-moreno","tag-pronunciamiento"],"_links":{"self":[{"href":"https:\/\/fmtinkunaco.ar\/index.php?rest_route=\/wp\/v2\/posts\/2151","targetHints":{"allow":["GET"]}}],"collection":[{"href":"https:\/\/fmtinkunaco.ar\/index.php?rest_route=\/wp\/v2\/posts"}],"about":[{"href":"https:\/\/fmtinkunaco.ar\/index.php?rest_route=\/wp\/v2\/types\/post"}],"author":[{"embeddable":true,"href":"https:\/\/fmtinkunaco.ar\/index.php?rest_route=\/wp\/v2\/users\/1"}],"replies":[{"embeddable":true,"href":"https:\/\/fmtinkunaco.ar\/index.php?rest_route=%2Fwp%2Fv2%2Fcomments&post=2151"}],"version-history":[{"count":0,"href":"https:\/\/fmtinkunaco.ar\/index.php?rest_route=\/wp\/v2\/posts\/2151\/revisions"}],"wp:featuredmedia":[{"embeddable":true,"href":"https:\/\/fmtinkunaco.ar\/index.php?rest_route=\/"}],"wp:attachment":[{"href":"https:\/\/fmtinkunaco.ar\/index.php?rest_route=%2Fwp%2Fv2%2Fmedia&parent=2151"}],"wp:term":[{"taxonomy":"category","embeddable":true,"href":"https:\/\/fmtinkunaco.ar\/index.php?rest_route=%2Fwp%2Fv2%2Fcategories&post=2151"},{"taxonomy":"post_tag","embeddable":true,"href":"https:\/\/fmtinkunaco.ar\/index.php?rest_route=%2Fwp%2Fv2%2Ftags&post=2151"}],"curies":[{"name":"wp","href":"https:\/\/api.w.org\/{rel}","templated":true}]}}