{"id":2154,"date":"2020-06-11T10:55:58","date_gmt":"2020-06-11T13:55:58","guid":{"rendered":"http:\/\/fmtinkunaco.com.ar\/?p=2154"},"modified":"2020-06-11T10:55:58","modified_gmt":"2020-06-11T13:55:58","slug":"jornada-nacional-de-lucha-de-los-movimientos-sociales-por-una-cuarentena-sin-hambre","status":"publish","type":"post","link":"https:\/\/fmtinkunaco.ar\/?p=2154","title":{"rendered":"Jornada Nacional de lucha de los movimientos sociales: Por una cuarentena sin hambre"},"content":{"rendered":"<p>Hoy, diferentes organizaciones y movimientos sociales, se movilizan y realizan cortes y ollas populares en todo el pa\u00eds.<\/p>\n<p>La jornada exige la respuesta del gobierno a las claras demandas que hace meses vienen realizando las organizaciones sociales y movimientos barriales: Por una cuarentena sin hambre, Aumento salarial de acuerdo a la canasta b\u00e1sica y apertura de los programas de trabajo ya.<\/p>\n<p>En la regi\u00f3n, el corte es en Panamericana y 197, con posterior movilizaci\u00f3n al Ministerio de Desarrollo Social de la Naci\u00f3n.<\/p>\n<p>En di\u00e1logo con el programa radial \u201cEncuentro con las Noticias\u201d, Cholo, integrante del MTD Oscar Barrios en la FOB La Libertaria, se refiri\u00f3 a la situaci\u00f3n de los compa\u00f1eros y las compa\u00f1era\u00a0<em>\u201chasta el momento nosotros estamos cobrando $8.500 y estamos bajo la l\u00ednea de indigencia total; entonces el gobierno hizo un anuncio de que iba a dar un bono de $3000 pero consideramos que es insuficiente, as\u00ed que estamos reclamando el aumento de los programas y como en otros momentos, pidiendo el incremento de los alimentos para los comedores y merenderos\u201d.<\/em><\/p>\n<p>Cholo, adem\u00e1s, se refiri\u00f3 a la jornada, <em>\u201cEs una jornada nacional, en todas las provincias y esperemos que tenga contundencia y el gobierno pueda estar a la altura de los reclamos de las organizaciones, ya que venimos reclamando ya hace m\u00e1s de un mes y la respuesta no est\u00e1 siendo satisfactoria, todo lo contrario y despu\u00e9s el gobierno hace alarde de que est\u00e1 ayudando a los de abajo, incluso tambi\u00e9n podemos mirar las escuelas que las entregas son insuficientes, las entregas alimentarias\u201d<\/em>.<\/p>\n<p>Los movimientos sociales se proponen marchar al Ministerio de Desarrollo Social y ser recibidos por las autoridades correspondientes y as\u00ed obtener respuestas.<\/p>\n<p>Compartimos la entrevista completa<\/p>\n<p><a href=\"https:\/\/archive.org\/details\/audio-cholo-mtd-oscar-barrios-11-06-2020\">Descargar<\/a><\/p>\n<audio class=\"wp-audio-shortcode\" id=\"audio-2154-2\" preload=\"none\" style=\"width: 100%;\" controls=\"controls\"><source type=\"audio\/mpeg\" src=\"https:\/\/archive.org\/download\/audio-cholo-mtd-oscar-barrios-11-06-2020\/AUDIO%20-%20CHOLO%20%28MTD%20OSCAR%20BARRIOS%29%2011%2006%202020.mp3?_=2\" \/><a href=\"https:\/\/archive.org\/download\/audio-cholo-mtd-oscar-barrios-11-06-2020\/AUDIO%20-%20CHOLO%20%28MTD%20OSCAR%20BARRIOS%29%2011%2006%202020.mp3\">https:\/\/archive.org\/download\/audio-cholo-mtd-oscar-barrios-11-06-2020\/AUDIO%20-%20CHOLO%20%28MTD%20OSCAR%20BARRIOS%29%2011%2006%202020.mp3<\/a><\/audio>\n<div class=\"powerpress_player\" id=\"powerpress_player_5689\"><audio class=\"wp-audio-shortcode\" id=\"audio-2154-1\" preload=\"none\" style=\"width: 100%;\" controls=\"controls\"><source type=\"audio\/mpeg\" src=\"https:\/\/archive.org\/download\/audio-cholo-mtd-oscar-barrios-11-06-2020\/AUDIO%20-%20CHOLO%20%28MTD%20OSCAR%20BARRIOS%29%2011%2006%202020.mp3?_=1\" \/><a href=\"https:\/\/archive.org\/download\/audio-cholo-mtd-oscar-barrios-11-06-2020\/AUDIO%20-%20CHOLO%20%28MTD%20OSCAR%20BARRIOS%29%2011%2006%202020.mp3\">https:\/\/archive.org\/download\/audio-cholo-mtd-oscar-barrios-11-06-2020\/AUDIO%20-%20CHOLO%20%28MTD%20OSCAR%20BARRIOS%29%2011%2006%202020.mp3<\/a><\/audio><\/div><p class=\"powerpress_links powerpress_links_mp3\" style=\"margin-bottom: 1px !important;\">Podcast: <a href=\"https:\/\/archive.org\/download\/audio-cholo-mtd-oscar-barrios-11-06-2020\/AUDIO%20-%20CHOLO%20%28MTD%20OSCAR%20BARRIOS%29%2011%2006%202020.mp3\" class=\"powerpress_link_pinw\" target=\"_blank\" title=\"Reproducir en una nueva ventana\" onclick=\"return powerpress_pinw('https:\/\/fmtinkunaco.ar\/?powerpress_pinw=2154-podcast');\" rel=\"nofollow\">Reproducir en una nueva ventana<\/a> | <a href=\"https:\/\/archive.org\/download\/audio-cholo-mtd-oscar-barrios-11-06-2020\/AUDIO%20-%20CHOLO%20%28MTD%20OSCAR%20BARRIOS%29%2011%2006%202020.mp3\" class=\"powerpress_link_d\" title=\"Descargar\" rel=\"nofollow\" download=\"AUDIO%20-%20CHOLO%20%28MTD%20OSCAR%20BARRIOS%29%2011%2006%202020.mp3\">Descargar<\/a><\/p>","protected":false},"excerpt":{"rendered":"<p>Hoy, diferentes organizaciones y movimientos sociales, se movilizan y realizan cortes y ollas populares en todo el pa\u00eds. La jornada exige la respuesta del gobierno a las claras demandas que hace meses vienen realizando las organizaciones sociales y movimientos barriales: Por una cuarentena sin hambre, Aumento salarial de acuerdo a la canasta b\u00e1sica y apertura [&hellip;]<\/p>\n","protected":false},"author":1,"featured_media":2155,"comment_status":"open","ping_status":"open","sticky":false,"template":"","format":"standard","meta":{"footnotes":""},"categories":[4,9],"tags":[183,185,327,331],"class_list":["post-2154","post","type-post","status-publish","format-standard","has-post-thumbnail","hentry","category-derechos-humanos","category-sociedad","tag-emergencia-alimentaria","tag-emergencia-sanitaria","tag-movilizacion","tag-mtd-oscar-barrios"],"_links":{"self":[{"href":"https:\/\/fmtinkunaco.ar\/index.php?rest_route=\/wp\/v2\/posts\/2154","targetHints":{"allow":["GET"]}}],"collection":[{"href":"https:\/\/fmtinkunaco.ar\/index.php?rest_route=\/wp\/v2\/posts"}],"about":[{"href":"https:\/\/fmtinkunaco.ar\/index.php?rest_route=\/wp\/v2\/types\/post"}],"author":[{"embeddable":true,"href":"https:\/\/fmtinkunaco.ar\/index.php?rest_route=\/wp\/v2\/users\/1"}],"replies":[{"embeddable":true,"href":"https:\/\/fmtinkunaco.ar\/index.php?rest_route=%2Fwp%2Fv2%2Fcomments&post=2154"}],"version-history":[{"count":0,"href":"https:\/\/fmtinkunaco.ar\/index.php?rest_route=\/wp\/v2\/posts\/2154\/revisions"}],"wp:featuredmedia":[{"embeddable":true,"href":"https:\/\/fmtinkunaco.ar\/index.php?rest_route=\/"}],"wp:attachment":[{"href":"https:\/\/fmtinkunaco.ar\/index.php?rest_route=%2Fwp%2Fv2%2Fmedia&parent=2154"}],"wp:term":[{"taxonomy":"category","embeddable":true,"href":"https:\/\/fmtinkunaco.ar\/index.php?rest_route=%2Fwp%2Fv2%2Fcategories&post=2154"},{"taxonomy":"post_tag","embeddable":true,"href":"https:\/\/fmtinkunaco.ar\/index.php?rest_route=%2Fwp%2Fv2%2Ftags&post=2154"}],"curies":[{"name":"wp","href":"https:\/\/api.w.org\/{rel}","templated":true}]}}