{"id":2159,"date":"2020-06-12T11:06:43","date_gmt":"2020-06-12T14:06:43","guid":{"rendered":"http:\/\/fmtinkunaco.com.ar\/?p=2159"},"modified":"2020-06-12T11:06:43","modified_gmt":"2020-06-12T14:06:43","slug":"covid-19-se-agrava-la-situacion-en-el-ferrocarril-san-martin","status":"publish","type":"post","link":"https:\/\/fmtinkunaco.ar\/?p=2159","title":{"rendered":"COVID 19: Se agrava la situaci\u00f3n en el ferrocarril San Mart\u00edn"},"content":{"rendered":"<p>Se agrava la situaci\u00f3n de los trabajadores del ferrocarril San Mart\u00edn, actualmente son m\u00e1s de 130 los trabajadores aislados de esta l\u00ednea.<\/p>\n<p>En di\u00e1logo con el programa radial \u201cEncuentro con las Noticias\u201d, Alejandro Alvite, integrante del Movimiento Nacional Ferroviario y trabajador de la l\u00ednea San Mart\u00edn, se refiri\u00f3 a la situaci\u00f3n actual, <em>\u201cactualmente aislados son alrededor de 50 los guardas y el personal de conducci\u00f3n, entre conductores y ayudantes suma 130. Guardas positivos hasta ahora hay 4 en el San Mart\u00edn, el resto est\u00e1 aislado preventivamente, les han hecho los testeos y est\u00e1n a la espera de los resultados. En el personal de conducci\u00f3n se encontraron 2 que presentan s\u00edntomas y que estuvieron en contacto con estos guardas y tambi\u00e9n en contacto con 3 auxiliares de estaci\u00f3n que dieron positivo. Por ese motivo se aisl\u00f3 preventivamente, 131 de conducci\u00f3n y los resultados est\u00e1n en las pr\u00f3ximas 48 horas\u201d<\/em>.<\/p>\n<p>Este alto n\u00famero de trabajadores aislados repercute directamente en lo servicios que brinda el Tren San Mart\u00edn; en el d\u00eda de ayer y en medio de la pandemia, los pasajeros debieron viajar sin el respeto del distanciamiento social, a ra\u00edz de las diferentes cancelaciones de trenes.<\/p>\n<p>As\u00ed lo explic\u00f3 Alvite, <em>\u201cFue el efecto secundario de esta cantidad de aislados, que dej\u00f3 como consecuencia la cancelaci\u00f3n de numerosos trenes, casi 20 trenes cancelados, lo que hac\u00eda que se amontone la gente de 2 o 3 trenes en uno solo; eso por un lado. Por otro lado, se sigue con cronogramas de domingos y feriados por ende hay menos trenes que los habituales para los d\u00edas de semana y tambi\u00e9n se han incrementado la cantidad de pasajeros dado que muchas de las actividades se van reabriendo y crece el n\u00famero de usuarios\u201d<\/em>.<\/p>\n<p>Compartimos la entrevista completa<\/p>\n<p><a href=\"https:\/\/archive.org\/details\/audio-alejandro-alvite\">Descargar<\/a><\/p>\n<audio class=\"wp-audio-shortcode\" id=\"audio-2159-2\" preload=\"none\" style=\"width: 100%;\" controls=\"controls\"><source type=\"audio\/mpeg\" src=\"https:\/\/archive.org\/download\/audio-alejandro-alvite\/AUDIO%20-%20ALEJANDRO%20ALVITE.mp3?_=2\" \/><a href=\"https:\/\/archive.org\/download\/audio-alejandro-alvite\/AUDIO%20-%20ALEJANDRO%20ALVITE.mp3\">https:\/\/archive.org\/download\/audio-alejandro-alvite\/AUDIO%20-%20ALEJANDRO%20ALVITE.mp3<\/a><\/audio>\n<div class=\"powerpress_player\" id=\"powerpress_player_7627\"><audio class=\"wp-audio-shortcode\" id=\"audio-2159-1\" preload=\"none\" style=\"width: 100%;\" controls=\"controls\"><source type=\"audio\/mpeg\" src=\"https:\/\/archive.org\/download\/audio-alejandro-alvite\/AUDIO%20-%20ALEJANDRO%20ALVITE.mp3?_=1\" \/><a href=\"https:\/\/archive.org\/download\/audio-alejandro-alvite\/AUDIO%20-%20ALEJANDRO%20ALVITE.mp3\">https:\/\/archive.org\/download\/audio-alejandro-alvite\/AUDIO%20-%20ALEJANDRO%20ALVITE.mp3<\/a><\/audio><\/div><p class=\"powerpress_links powerpress_links_mp3\" style=\"margin-bottom: 1px !important;\">Podcast: <a href=\"https:\/\/archive.org\/download\/audio-alejandro-alvite\/AUDIO%20-%20ALEJANDRO%20ALVITE.mp3\" class=\"powerpress_link_pinw\" target=\"_blank\" title=\"Reproducir en una nueva ventana\" onclick=\"return powerpress_pinw('https:\/\/fmtinkunaco.ar\/?powerpress_pinw=2159-podcast');\" rel=\"nofollow\">Reproducir en una nueva ventana<\/a> | <a href=\"https:\/\/archive.org\/download\/audio-alejandro-alvite\/AUDIO%20-%20ALEJANDRO%20ALVITE.mp3\" class=\"powerpress_link_d\" title=\"Descargar\" rel=\"nofollow\" download=\"AUDIO%20-%20ALEJANDRO%20ALVITE.mp3\">Descargar<\/a><\/p>","protected":false},"excerpt":{"rendered":"<p>Se agrava la situaci\u00f3n de los trabajadores del ferrocarril San Mart\u00edn, actualmente son m\u00e1s de 130 los trabajadores aislados de esta l\u00ednea. En di\u00e1logo con el programa radial \u201cEncuentro con las Noticias\u201d, Alejandro Alvite, integrante del Movimiento Nacional Ferroviario y trabajador de la l\u00ednea San Mart\u00edn, se refiri\u00f3 a la situaci\u00f3n actual, \u201cactualmente aislados son [&hellip;]<\/p>\n","protected":false},"author":1,"featured_media":2160,"comment_status":"open","ping_status":"open","sticky":false,"template":"","format":"standard","meta":{"footnotes":""},"categories":[7],"tags":[135,138,488],"class_list":["post-2159","post","type-post","status-publish","format-standard","has-post-thumbnail","hentry","category-salud","tag-coronavirus","tag-covid-19","tag-tren-san-martin"],"_links":{"self":[{"href":"https:\/\/fmtinkunaco.ar\/index.php?rest_route=\/wp\/v2\/posts\/2159","targetHints":{"allow":["GET"]}}],"collection":[{"href":"https:\/\/fmtinkunaco.ar\/index.php?rest_route=\/wp\/v2\/posts"}],"about":[{"href":"https:\/\/fmtinkunaco.ar\/index.php?rest_route=\/wp\/v2\/types\/post"}],"author":[{"embeddable":true,"href":"https:\/\/fmtinkunaco.ar\/index.php?rest_route=\/wp\/v2\/users\/1"}],"replies":[{"embeddable":true,"href":"https:\/\/fmtinkunaco.ar\/index.php?rest_route=%2Fwp%2Fv2%2Fcomments&post=2159"}],"version-history":[{"count":0,"href":"https:\/\/fmtinkunaco.ar\/index.php?rest_route=\/wp\/v2\/posts\/2159\/revisions"}],"wp:featuredmedia":[{"embeddable":true,"href":"https:\/\/fmtinkunaco.ar\/index.php?rest_route=\/"}],"wp:attachment":[{"href":"https:\/\/fmtinkunaco.ar\/index.php?rest_route=%2Fwp%2Fv2%2Fmedia&parent=2159"}],"wp:term":[{"taxonomy":"category","embeddable":true,"href":"https:\/\/fmtinkunaco.ar\/index.php?rest_route=%2Fwp%2Fv2%2Fcategories&post=2159"},{"taxonomy":"post_tag","embeddable":true,"href":"https:\/\/fmtinkunaco.ar\/index.php?rest_route=%2Fwp%2Fv2%2Ftags&post=2159"}],"curies":[{"name":"wp","href":"https:\/\/api.w.org\/{rel}","templated":true}]}}