{"id":2162,"date":"2020-06-17T11:07:59","date_gmt":"2020-06-17T14:07:59","guid":{"rendered":"http:\/\/fmtinkunaco.com.ar\/?p=2162"},"modified":"2020-06-17T11:07:59","modified_gmt":"2020-06-17T14:07:59","slug":"organizaciones-sociales-se-reunen-con-el-ministro-de-desarrollo-social-daniel-arroyo","status":"publish","type":"post","link":"https:\/\/fmtinkunaco.ar\/?p=2162","title":{"rendered":"Organizaciones sociales se re\u00fanen con el Ministro de Desarrollo Social, Daniel Arroyo"},"content":{"rendered":"<p>Tras la jornada nacional de lucha, ollas populares y cortes en las rutas de todo el pa\u00eds del jueves pasado, las organizaciones sociales se re\u00fanen hoy con el Ministro de Desarrollo Social, Daniel Arroyo.<\/p>\n<p>Exigen ser escuchados y obtener respuestas concretas. Entre los pedidos m\u00e1s necesarios y urgentes, requieren la apertura masiva de programas de empleo y plan de obras p\u00fablicas y una actualizaci\u00f3n salarial que recomponga la situaci\u00f3n y que se respete los aumentos para las y los jubilados.<\/p>\n<p>En di\u00e1logo con el programa radial \u201cEncuentro con las Noticias\u201d, Juan Pablo, vocero del MTD An\u00edbal Ver\u00f3n, se refiri\u00f3 al contexto actual,<em> \u201cLas barriadas estamos atravesando una severa crisis, est\u00e1 cuarentena que s\u00ed bien compartimos por el cuidado y la salud de nuestro pueblo, nos est\u00e1 llevando a una situaci\u00f3n de mucho hambre, de mucha necesidad donde los comedores y los merenderos que antes de la cuarentena le est\u00e1bamos dando de comer a cierta cantidad de gente, se triplic\u00f3 y en algunos casos se quintuplic\u00f3\u201d<\/em>.<\/p>\n<p>Juan Pablo, adem\u00e1s, explic\u00f3 algunas de las exigencias que plantear\u00e1n en la reuni\u00f3n del d\u00eda de hoy, <em>\u201cEl gobierno nacional que siempre abastece con alimentos secos a los comedores y merenderos, no nos est\u00e1 entregando la mercader\u00eda o donde lo entrega, lo entrega con muy pocos productos, como te puedo decir que no nos est\u00e1 dando ni arroz, ni az\u00facar. Adem\u00e1s, nosotros seguimos con $8.500 pesos y ante eso le decimos al gobierno que necesitamos un aumento salarial porque aparte el \u00faltimo aumento fue lo que era el salario m\u00ednimo, vital y m\u00f3vil, y los programas de empleo que tenemos nosotros se rigen bajo el salario m\u00ednimo, vital y m\u00f3vil, que es la mitad del salario m\u00ednimo, entonces estamos en $8.500 pesos hace un a\u00f1o. Entonces estamos planteando un aumento y aparte la apertura de programas de empleo, desde el a\u00f1o pasado que no ha ingresado una persona desocupada a un programa de empleo y esto resolver\u00eda un mont\u00f3n de cosas. Con eso vamos hoy al Ministerio\u201d.<\/em><\/p>\n<p>Los movimientos sociales, exigen:<\/p>\n<p>&#8211; Aumento salarial acorde a la canasta b\u00e1sica<br \/>\n&#8211; Apertura de los programas de empleo<br \/>\n&#8211; Subsidios para producci\u00f3n<br \/>\n&#8211; Trabajo con todos los derechos<br \/>\n&#8211; Tierras para vivir y producir<br \/>\n&#8211; Viviendas dignas<br \/>\n&#8211; Presupuesto para prevenir y contener casos de violencia de g\u00e9nero<br \/>\n&#8211; Universalizaci\u00f3n del IFE<br \/>\n&#8211; Apoyo estatal a las f\u00e1bricas recuperadas<\/p>\n<p>La reuni\u00f3n se concretar\u00e1 hoy al mediod\u00eda, y las organizaciones sociales esperan respuestas concretas por partes de las autoridades.<\/p>\n<p>Compartimos la entrevista completa<\/p>\n<p><a href=\"https:\/\/archive.org\/details\/audio-juan-pablo-mtd-anibal-veron-17-06-2020_202006\">Descargar<\/a><\/p>\n<audio class=\"wp-audio-shortcode\" id=\"audio-2162-2\" preload=\"none\" style=\"width: 100%;\" controls=\"controls\"><source type=\"audio\/mpeg\" src=\"https:\/\/archive.org\/download\/audio-juan-pablo-mtd-anibal-veron-17-06-2020_202006\/AUDIO%20-%20JUAN%20PABLO%20%28MTD%20ANIBAL%20VERON%29%2017%2006%202020.mp3?_=2\" \/><a href=\"https:\/\/archive.org\/download\/audio-juan-pablo-mtd-anibal-veron-17-06-2020_202006\/AUDIO%20-%20JUAN%20PABLO%20%28MTD%20ANIBAL%20VERON%29%2017%2006%202020.mp3\">https:\/\/archive.org\/download\/audio-juan-pablo-mtd-anibal-veron-17-06-2020_202006\/AUDIO%20-%20JUAN%20PABLO%20%28MTD%20ANIBAL%20VERON%29%2017%2006%202020.mp3<\/a><\/audio>\n<div class=\"powerpress_player\" id=\"powerpress_player_8980\"><audio class=\"wp-audio-shortcode\" id=\"audio-2162-1\" preload=\"none\" style=\"width: 100%;\" controls=\"controls\"><source type=\"audio\/mpeg\" src=\"https:\/\/archive.org\/download\/audio-juan-pablo-mtd-anibal-veron-17-06-2020_202006\/AUDIO%20-%20JUAN%20PABLO%20%28MTD%20ANIBAL%20VERON%29%2017%2006%202020.mp3?_=1\" \/><a href=\"https:\/\/archive.org\/download\/audio-juan-pablo-mtd-anibal-veron-17-06-2020_202006\/AUDIO%20-%20JUAN%20PABLO%20%28MTD%20ANIBAL%20VERON%29%2017%2006%202020.mp3\">https:\/\/archive.org\/download\/audio-juan-pablo-mtd-anibal-veron-17-06-2020_202006\/AUDIO%20-%20JUAN%20PABLO%20%28MTD%20ANIBAL%20VERON%29%2017%2006%202020.mp3<\/a><\/audio><\/div><p class=\"powerpress_links powerpress_links_mp3\" style=\"margin-bottom: 1px !important;\">Podcast: <a href=\"https:\/\/archive.org\/download\/audio-juan-pablo-mtd-anibal-veron-17-06-2020_202006\/AUDIO%20-%20JUAN%20PABLO%20%28MTD%20ANIBAL%20VERON%29%2017%2006%202020.mp3\" class=\"powerpress_link_pinw\" target=\"_blank\" title=\"Reproducir en una nueva ventana\" onclick=\"return powerpress_pinw('https:\/\/fmtinkunaco.ar\/?powerpress_pinw=2162-podcast');\" rel=\"nofollow\">Reproducir en una nueva ventana<\/a> | <a href=\"https:\/\/archive.org\/download\/audio-juan-pablo-mtd-anibal-veron-17-06-2020_202006\/AUDIO%20-%20JUAN%20PABLO%20%28MTD%20ANIBAL%20VERON%29%2017%2006%202020.mp3\" class=\"powerpress_link_d\" title=\"Descargar\" rel=\"nofollow\" download=\"AUDIO%20-%20JUAN%20PABLO%20%28MTD%20ANIBAL%20VERON%29%2017%2006%202020.mp3\">Descargar<\/a><\/p>","protected":false},"excerpt":{"rendered":"<p>Tras la jornada nacional de lucha, ollas populares y cortes en las rutas de todo el pa\u00eds del jueves pasado, las organizaciones sociales se re\u00fanen hoy con el Ministro de Desarrollo Social, Daniel Arroyo. Exigen ser escuchados y obtener respuestas concretas. Entre los pedidos m\u00e1s necesarios y urgentes, requieren la apertura masiva de programas de [&hellip;]<\/p>\n","protected":false},"author":1,"featured_media":2163,"comment_status":"open","ping_status":"open","sticky":false,"template":"","format":"standard","meta":{"footnotes":""},"categories":[4,9],"tags":[183,330,365],"class_list":["post-2162","post","type-post","status-publish","format-standard","has-post-thumbnail","hentry","category-derechos-humanos","category-sociedad","tag-emergencia-alimentaria","tag-mtd-anibal-veron","tag-organizaciones-sociales"],"_links":{"self":[{"href":"https:\/\/fmtinkunaco.ar\/index.php?rest_route=\/wp\/v2\/posts\/2162","targetHints":{"allow":["GET"]}}],"collection":[{"href":"https:\/\/fmtinkunaco.ar\/index.php?rest_route=\/wp\/v2\/posts"}],"about":[{"href":"https:\/\/fmtinkunaco.ar\/index.php?rest_route=\/wp\/v2\/types\/post"}],"author":[{"embeddable":true,"href":"https:\/\/fmtinkunaco.ar\/index.php?rest_route=\/wp\/v2\/users\/1"}],"replies":[{"embeddable":true,"href":"https:\/\/fmtinkunaco.ar\/index.php?rest_route=%2Fwp%2Fv2%2Fcomments&post=2162"}],"version-history":[{"count":0,"href":"https:\/\/fmtinkunaco.ar\/index.php?rest_route=\/wp\/v2\/posts\/2162\/revisions"}],"wp:featuredmedia":[{"embeddable":true,"href":"https:\/\/fmtinkunaco.ar\/index.php?rest_route=\/"}],"wp:attachment":[{"href":"https:\/\/fmtinkunaco.ar\/index.php?rest_route=%2Fwp%2Fv2%2Fmedia&parent=2162"}],"wp:term":[{"taxonomy":"category","embeddable":true,"href":"https:\/\/fmtinkunaco.ar\/index.php?rest_route=%2Fwp%2Fv2%2Fcategories&post=2162"},{"taxonomy":"post_tag","embeddable":true,"href":"https:\/\/fmtinkunaco.ar\/index.php?rest_route=%2Fwp%2Fv2%2Ftags&post=2162"}],"curies":[{"name":"wp","href":"https:\/\/api.w.org\/{rel}","templated":true}]}}