{"id":2166,"date":"2020-06-19T11:00:30","date_gmt":"2020-06-19T14:00:30","guid":{"rendered":"http:\/\/fmtinkunaco.com.ar\/?p=2166"},"modified":"2020-06-19T11:00:30","modified_gmt":"2020-06-19T14:00:30","slug":"covid-19-trabajadoras-del-hospital-mercante-denuncian-que-la-remodelacion-del-auditorio-es-una-pantalla","status":"publish","type":"post","link":"https:\/\/fmtinkunaco.ar\/?p=2166","title":{"rendered":"COVID 19: Trabajadoras del Hospital Mercante denuncian que la remodelaci\u00f3n del auditorio es una pantalla"},"content":{"rendered":"<p>Los trabajadores y las trabajadoras de la salud contin\u00faan organiz\u00e1ndose por sus salarios, y por los elementos de bioseguridad.<\/p>\n<p>Desde el Hospital Mercante denuncian que las autoridades no los escuchan y reci\u00e9n en mayo llegaron los barbijos de cirug\u00edas para protecci\u00f3n de todos los trabajadores, cuando la pandemia comenz\u00f3 en el mes de marzo.<\/p>\n<p>En di\u00e1logo con el programa radial \u201cEncuentro con las Noticias\u201d, Paola Trejo, trabajadora del Hospital Domingo Mercante, se refiri\u00f3 a la situaci\u00f3n de lucha de los trabajadores para con la Direcci\u00f3n, y como se encuentran hoy, <em>\u201cEllos no quieren escuchar a los trabajadores, ya hemos tenido varios compa\u00f1eros infectados, en este momento tenemos una compa\u00f1era que se est\u00e1 testeando, un compa\u00f1ero camillero que empez\u00f3 con s\u00edntomas y tambi\u00e9n una enfermera de NEO\u201d<\/em>.<\/p>\n<p>Adem\u00e1s, Paola Trejo, se refiri\u00f3 a la remodelaci\u00f3n del auditorio del Hospital Mercante con camas para casos COVID positivo, <em>\u201cLas camas que se han puesto en el auditorio no han sido ocupadas porque tampoco hay enfermer\u00eda para que la atiendan, y porque tampoco tienen la capacidad de que est\u00e9n pacientes ah\u00ed; no tienen un ba\u00f1o, no tienen agua, no podemos hacinar todos los pacientes ah\u00ed. Porque vos para hacer algo as\u00ed ten\u00e9s que primero hacer la infraestructura y despu\u00e9s intentar poner pacientes ah\u00ed. No hay enfermer\u00eda, est\u00e1n todos los lugares llenos y la enfermer\u00eda es escaza, no hay compa\u00f1eros que puedan cubrir un lugar y cubrir otro porque no podemos andar llevando los g\u00e9rmenes de un lado al otro. Ese lugar no est\u00e1 hecho, ese lugar es una pantalla nada m\u00e1s\u201d<\/em>.<\/p>\n<p>Finalmente, Trejo, se refiri\u00f3 a la articulaci\u00f3n entre provincia y municipalidad, <em>\u201cLa articulaci\u00f3n es cero, porque todos los pacientes vienen a parar al mercante, o sea que este sistema de salud de Jos\u00e9. C. Paz, lo p\u00fanico que sirven son las ambulancias porque despu\u00e9s traen todos para el hospital, sea grave, no grave, otra patolog\u00eda, todo al hospital. No funciona el sistema de salud de Jos\u00e9. C. Paz y entonces por eso colapsa, no ha llegado a colapsar, pero traen todos los pacientes ac\u00e1\u201d<\/em>.<\/p>\n","protected":false},"excerpt":{"rendered":"<p>Los trabajadores y las trabajadoras de la salud contin\u00faan organiz\u00e1ndose por sus salarios, y por los elementos de bioseguridad. Desde el Hospital Mercante denuncian que las autoridades no los escuchan y reci\u00e9n en mayo llegaron los barbijos de cirug\u00edas para protecci\u00f3n de todos los trabajadores, cuando la pandemia comenz\u00f3 en el mes de marzo. En [&hellip;]<\/p>\n","protected":false},"author":1,"featured_media":1957,"comment_status":"open","ping_status":"open","sticky":false,"template":"","format":"standard","meta":{"footnotes":""},"categories":[7],"tags":[245,337,443],"class_list":["post-2166","post","type-post","status-publish","format-standard","has-post-thumbnail","hentry","category-salud","tag-hospital-mercante","tag-municipio-de-jose-c-paz","tag-salud-publica"],"_links":{"self":[{"href":"https:\/\/fmtinkunaco.ar\/index.php?rest_route=\/wp\/v2\/posts\/2166","targetHints":{"allow":["GET"]}}],"collection":[{"href":"https:\/\/fmtinkunaco.ar\/index.php?rest_route=\/wp\/v2\/posts"}],"about":[{"href":"https:\/\/fmtinkunaco.ar\/index.php?rest_route=\/wp\/v2\/types\/post"}],"author":[{"embeddable":true,"href":"https:\/\/fmtinkunaco.ar\/index.php?rest_route=\/wp\/v2\/users\/1"}],"replies":[{"embeddable":true,"href":"https:\/\/fmtinkunaco.ar\/index.php?rest_route=%2Fwp%2Fv2%2Fcomments&post=2166"}],"version-history":[{"count":0,"href":"https:\/\/fmtinkunaco.ar\/index.php?rest_route=\/wp\/v2\/posts\/2166\/revisions"}],"wp:featuredmedia":[{"embeddable":true,"href":"https:\/\/fmtinkunaco.ar\/index.php?rest_route=\/"}],"wp:attachment":[{"href":"https:\/\/fmtinkunaco.ar\/index.php?rest_route=%2Fwp%2Fv2%2Fmedia&parent=2166"}],"wp:term":[{"taxonomy":"category","embeddable":true,"href":"https:\/\/fmtinkunaco.ar\/index.php?rest_route=%2Fwp%2Fv2%2Fcategories&post=2166"},{"taxonomy":"post_tag","embeddable":true,"href":"https:\/\/fmtinkunaco.ar\/index.php?rest_route=%2Fwp%2Fv2%2Ftags&post=2166"}],"curies":[{"name":"wp","href":"https:\/\/api.w.org\/{rel}","templated":true}]}}