{"id":2169,"date":"2020-06-22T11:43:56","date_gmt":"2020-06-22T14:43:56","guid":{"rendered":"http:\/\/fmtinkunaco.com.ar\/?p=2169"},"modified":"2020-06-22T11:43:56","modified_gmt":"2020-06-22T14:43:56","slug":"jose-c-paz-las-organizaciones-sociales-preocupadas-por-la-propagacion-del-covid-19-vuelven-a-reunirse-con-el-municipio","status":"publish","type":"post","link":"https:\/\/fmtinkunaco.ar\/?p=2169","title":{"rendered":"Jos\u00e9. C. Paz: Las organizaciones sociales, preocupadas por la propagaci\u00f3n del COVID 19, vuelven a reunirse con el municipio"},"content":{"rendered":"<p>Las organizaciones sociales del territorio, vuelven a reunirse en el d\u00eda de hoy con las autoridades municipales, buscando respuestas a la preocupaci\u00f3n por la propagaci\u00f3n del covid 19.<\/p>\n<p>Luego de la conformaci\u00f3n del comit\u00e9 de crisis del distrito, el mismo no fue aun convocado por el municipio por lo que, a estas reuniones, asisten compa\u00f1eros y compa\u00f1eras elegidas por las organizaciones seg\u00fan sus conocimientos y experiencias en los temas a tratar.<\/p>\n<p>En di\u00e1logo con el programa radial \u201cEncuentro con las noticias\u201d, Marcelo Ochoa, integrante de la Asamblea No al Cierre de las Salitas, se refiri\u00f3 a las principales demandas que presentar\u00e1n en la reuni\u00f3n con el municipio,<em> \u201cEl primer punto tiene que ver con la cuesti\u00f3n de los protocolos, en la mesa de organizaciones, muchas organizaciones son nacionales y tienen sus protocolos, otras fueron probando y adaptando protocolos nacionales y provinciales; lo que nosotros encontramos all\u00ed es que se necesita acordar a nivel local un protocolo especifico para Jos\u00e9. C. Paz de manera que tal que las organizaciones del territorio actuemos igual. <\/em><br \/>\n<em>(\u2026) El siguiente punto tiene que ver con trabajar m\u00e1s lo que es la comunicaci\u00f3n comunitaria sobre temas de salud o la informaci\u00f3n en s\u00ed. Nosotros lo que recibimos de manera p\u00fablica son los cuadritos que publican todas las noches con casos confirmados, casos sospechosos, entonces frente a eso se plantea que se necesita m\u00e1s trabajar comunicacionalmente especificidades de lo que implica la pandemia, cu\u00e1ndo es contacto estrecho, cuando no.<\/em><br \/>\n<em>(\u2026) La otra cuesti\u00f3n tiene que ver con las l\u00edneas telef\u00f3nicas, cuando uno llama al 148 ha sucedido en ocasiones que no obtiene respuestas r\u00e1pidas, o esa respuesta es dada por el municipio y cuando no va a la instancia municipal, est\u00e1 saturado el servicio, creemos que es una de las primeras cosas que hay que hacer\u201d<\/em>.<\/p>\n<p>Las organizaciones esperan respuestas a cada una de las demandas que van a presentar este mediod\u00eda en la municipalidad.<\/p>\n<p>Compartimos la entrevista completa<\/p>\n<p><a href=\"https:\/\/archive.org\/details\/audio-marcelo-ochoa-comite-de-crisis-22-06-2020\">Descargar<\/a><\/p>\n<audio class=\"wp-audio-shortcode\" id=\"audio-2169-2\" preload=\"none\" style=\"width: 100%;\" controls=\"controls\"><source type=\"audio\/mpeg\" src=\"https:\/\/archive.org\/download\/audio-marcelo-ochoa-comite-de-crisis-22-06-2020\/AUDIO%20-%20MARCELO%20OCHOA%20%28COMITE%20DE%20CRISIS%29%2022%2006%202020.mp3?_=2\" \/><a href=\"https:\/\/archive.org\/download\/audio-marcelo-ochoa-comite-de-crisis-22-06-2020\/AUDIO%20-%20MARCELO%20OCHOA%20%28COMITE%20DE%20CRISIS%29%2022%2006%202020.mp3\">https:\/\/archive.org\/download\/audio-marcelo-ochoa-comite-de-crisis-22-06-2020\/AUDIO%20-%20MARCELO%20OCHOA%20%28COMITE%20DE%20CRISIS%29%2022%2006%202020.mp3<\/a><\/audio>\n<p>&nbsp;<\/p>\n<p>&nbsp;<\/p>\n<p>&nbsp;<\/p>\n<p>&nbsp;<\/p>\n<div class=\"powerpress_player\" id=\"powerpress_player_6009\"><audio class=\"wp-audio-shortcode\" id=\"audio-2169-1\" preload=\"none\" style=\"width: 100%;\" controls=\"controls\"><source type=\"audio\/mpeg\" src=\"https:\/\/archive.org\/download\/audio-marcelo-ochoa-comite-de-crisis-22-06-2020\/AUDIO%20-%20MARCELO%20OCHOA%20%28COMITE%20DE%20CRISIS%29%2022%2006%202020.mp3?_=1\" \/><a href=\"https:\/\/archive.org\/download\/audio-marcelo-ochoa-comite-de-crisis-22-06-2020\/AUDIO%20-%20MARCELO%20OCHOA%20%28COMITE%20DE%20CRISIS%29%2022%2006%202020.mp3\">https:\/\/archive.org\/download\/audio-marcelo-ochoa-comite-de-crisis-22-06-2020\/AUDIO%20-%20MARCELO%20OCHOA%20%28COMITE%20DE%20CRISIS%29%2022%2006%202020.mp3<\/a><\/audio><\/div><p class=\"powerpress_links powerpress_links_mp3\" style=\"margin-bottom: 1px !important;\">Podcast: <a href=\"https:\/\/archive.org\/download\/audio-marcelo-ochoa-comite-de-crisis-22-06-2020\/AUDIO%20-%20MARCELO%20OCHOA%20%28COMITE%20DE%20CRISIS%29%2022%2006%202020.mp3\" class=\"powerpress_link_pinw\" target=\"_blank\" title=\"Reproducir en una nueva ventana\" onclick=\"return powerpress_pinw('https:\/\/fmtinkunaco.ar\/?powerpress_pinw=2169-podcast');\" rel=\"nofollow\">Reproducir en una nueva ventana<\/a> | <a href=\"https:\/\/archive.org\/download\/audio-marcelo-ochoa-comite-de-crisis-22-06-2020\/AUDIO%20-%20MARCELO%20OCHOA%20%28COMITE%20DE%20CRISIS%29%2022%2006%202020.mp3\" class=\"powerpress_link_d\" title=\"Descargar\" rel=\"nofollow\" download=\"AUDIO%20-%20MARCELO%20OCHOA%20%28COMITE%20DE%20CRISIS%29%2022%2006%202020.mp3\">Descargar<\/a><\/p>","protected":false},"excerpt":{"rendered":"<p>Las organizaciones sociales del territorio, vuelven a reunirse en el d\u00eda de hoy con las autoridades municipales, buscando respuestas a la preocupaci\u00f3n por la propagaci\u00f3n del covid 19. Luego de la conformaci\u00f3n del comit\u00e9 de crisis del distrito, el mismo no fue aun convocado por el municipio por lo que, a estas reuniones, asisten compa\u00f1eros [&hellip;]<\/p>\n","protected":false},"author":1,"featured_media":2086,"comment_status":"open","ping_status":"open","sticky":false,"template":"","format":"standard","meta":{"footnotes":""},"categories":[7],"tags":[337],"class_list":["post-2169","post","type-post","status-publish","format-standard","has-post-thumbnail","hentry","category-salud","tag-municipio-de-jose-c-paz"],"_links":{"self":[{"href":"https:\/\/fmtinkunaco.ar\/index.php?rest_route=\/wp\/v2\/posts\/2169","targetHints":{"allow":["GET"]}}],"collection":[{"href":"https:\/\/fmtinkunaco.ar\/index.php?rest_route=\/wp\/v2\/posts"}],"about":[{"href":"https:\/\/fmtinkunaco.ar\/index.php?rest_route=\/wp\/v2\/types\/post"}],"author":[{"embeddable":true,"href":"https:\/\/fmtinkunaco.ar\/index.php?rest_route=\/wp\/v2\/users\/1"}],"replies":[{"embeddable":true,"href":"https:\/\/fmtinkunaco.ar\/index.php?rest_route=%2Fwp%2Fv2%2Fcomments&post=2169"}],"version-history":[{"count":0,"href":"https:\/\/fmtinkunaco.ar\/index.php?rest_route=\/wp\/v2\/posts\/2169\/revisions"}],"wp:featuredmedia":[{"embeddable":true,"href":"https:\/\/fmtinkunaco.ar\/index.php?rest_route=\/"}],"wp:attachment":[{"href":"https:\/\/fmtinkunaco.ar\/index.php?rest_route=%2Fwp%2Fv2%2Fmedia&parent=2169"}],"wp:term":[{"taxonomy":"category","embeddable":true,"href":"https:\/\/fmtinkunaco.ar\/index.php?rest_route=%2Fwp%2Fv2%2Fcategories&post=2169"},{"taxonomy":"post_tag","embeddable":true,"href":"https:\/\/fmtinkunaco.ar\/index.php?rest_route=%2Fwp%2Fv2%2Ftags&post=2169"}],"curies":[{"name":"wp","href":"https:\/\/api.w.org\/{rel}","templated":true}]}}