{"id":2173,"date":"2020-06-23T10:07:18","date_gmt":"2020-06-23T13:07:18","guid":{"rendered":"http:\/\/fmtinkunaco.com.ar\/?p=2173"},"modified":"2020-06-23T10:07:18","modified_gmt":"2020-06-23T13:07:18","slug":"san-fernando-la-mesa-de-ninez-exige-al-municipio-la-conformacion-de-un-comite-de-crisis","status":"publish","type":"post","link":"https:\/\/fmtinkunaco.ar\/?p=2173","title":{"rendered":"San Fernando: La Mesa de Ni\u00f1ez exige al municipio la conformaci\u00f3n de un comit\u00e9 de crisis"},"content":{"rendered":"<p>Frente a la emergencia sanitaria y alimentaria, las m\u00e1s de 25 organizaciones territoriales que trabajan con la ni\u00f1ez en San Fernando, exigen al municipio la conformaci\u00f3n de un comit\u00e9 de crisis para trabajar de manera articulada y dar respuesta de manera r\u00e1pida.<\/p>\n<p>En di\u00e1logo con el programa radial \u201cEncuentro con las Noticias\u201d, Sergio Vargas, referente de la Mesa de Ni\u00f1ez de San Fernando, se refiri\u00f3 a la exigencia de las organizaciones al municipio, <em>\u201cSomos entre 25 y 35 organizaciones, todas en territorio, y con la ventaja de tener laburo en cada barrio sobretodo en los barrios m\u00e1s postergados del distrito, el 1 de mayo solicitamos la creaci\u00f3n de un comit\u00e9 de crisis que tenga en cuentas a las organizaciones y que brinde herramientas al municipio de articular con los barrios. (\u2026) Hicimos una carta para presentar esta solicitud, hablamos tambi\u00e9n con el Secretario de Salud y se cerraron todas las puertas, no nos atendieron m\u00e1s el tel\u00e9fono y nunca respondieron a este pedido. Ahora estamos cursando una medida administrativa de pronta respuesta para que el municipio se expida sobre la carta que presentamos\u201d<\/em>.<\/p>\n<p>Vargas, adem\u00e1s, se refiri\u00f3 al objetivo que se pretend\u00eda alcanzar con el comit\u00e9, <em>\u201cEl comit\u00e9 de crisis estaba sobretodo apuntado a tratar la emergencia del COVID, claro que los tiempos municipales no responden al concepto de emergencia y tampoco hay inter\u00e9s en articular, esto lo venimos sintiendo desde antes\u201d<\/em>.<\/p>\n<p>La Mesa de Ni\u00f1ez se encuentra esperando que el municipio de San Fernando se expida de manera urgente sobre el pedido que realizaron.<\/p>\n<p>Compartimos la entrevista completa<\/p>\n<p><a href=\"https:\/\/archive.org\/details\/audio-sergio-vargas-22-06-2020\">Descargar<\/a><\/p>\n<p>&nbsp;<\/p>\n","protected":false},"excerpt":{"rendered":"<p>Frente a la emergencia sanitaria y alimentaria, las m\u00e1s de 25 organizaciones territoriales que trabajan con la ni\u00f1ez en San Fernando, exigen al municipio la conformaci\u00f3n de un comit\u00e9 de crisis para trabajar de manera articulada y dar respuesta de manera r\u00e1pida. En di\u00e1logo con el programa radial \u201cEncuentro con las Noticias\u201d, Sergio Vargas, referente [&hellip;]<\/p>\n","protected":false},"author":1,"featured_media":2174,"comment_status":"open","ping_status":"open","sticky":false,"template":"","format":"standard","meta":{"footnotes":""},"categories":[4,5],"tags":[119,341,365],"class_list":["post-2173","post","type-post","status-publish","format-standard","has-post-thumbnail","hentry","category-derechos-humanos","category-educacion","tag-comite-de-crisis","tag-municipio-de-san-fernando","tag-organizaciones-sociales"],"_links":{"self":[{"href":"https:\/\/fmtinkunaco.ar\/index.php?rest_route=\/wp\/v2\/posts\/2173","targetHints":{"allow":["GET"]}}],"collection":[{"href":"https:\/\/fmtinkunaco.ar\/index.php?rest_route=\/wp\/v2\/posts"}],"about":[{"href":"https:\/\/fmtinkunaco.ar\/index.php?rest_route=\/wp\/v2\/types\/post"}],"author":[{"embeddable":true,"href":"https:\/\/fmtinkunaco.ar\/index.php?rest_route=\/wp\/v2\/users\/1"}],"replies":[{"embeddable":true,"href":"https:\/\/fmtinkunaco.ar\/index.php?rest_route=%2Fwp%2Fv2%2Fcomments&post=2173"}],"version-history":[{"count":0,"href":"https:\/\/fmtinkunaco.ar\/index.php?rest_route=\/wp\/v2\/posts\/2173\/revisions"}],"wp:featuredmedia":[{"embeddable":true,"href":"https:\/\/fmtinkunaco.ar\/index.php?rest_route=\/"}],"wp:attachment":[{"href":"https:\/\/fmtinkunaco.ar\/index.php?rest_route=%2Fwp%2Fv2%2Fmedia&parent=2173"}],"wp:term":[{"taxonomy":"category","embeddable":true,"href":"https:\/\/fmtinkunaco.ar\/index.php?rest_route=%2Fwp%2Fv2%2Fcategories&post=2173"},{"taxonomy":"post_tag","embeddable":true,"href":"https:\/\/fmtinkunaco.ar\/index.php?rest_route=%2Fwp%2Fv2%2Ftags&post=2173"}],"curies":[{"name":"wp","href":"https:\/\/api.w.org\/{rel}","templated":true}]}}