{"id":2177,"date":"2020-06-23T11:14:41","date_gmt":"2020-06-23T14:14:41","guid":{"rendered":"http:\/\/fmtinkunaco.com.ar\/?p=2177"},"modified":"2020-06-23T11:14:41","modified_gmt":"2020-06-23T14:14:41","slug":"inti-raymi-tiempos-de-cambio-y-renovacion","status":"publish","type":"post","link":"https:\/\/fmtinkunaco.ar\/?p=2177","title":{"rendered":"Inti Raymi: Tiempos de Cambio y Renovaci\u00f3n"},"content":{"rendered":"<p>Inti Raymi, es una ceremonia incaica y andina celebrada en honor de Inti, que se realiza cada solsticio de invierno. Este lapso entr\u00e9 el 21 y el 24 de junio, es considerado un tiempo de celebraci\u00f3n, renovaci\u00f3n y cambio.<\/p>\n<p>En di\u00e1logo con el programa radial \u201cEncuentro con las Noticias\u201d, Beatriz Alor, integrante del Ciclo Reencuentro con Pueblos Originrios y el Ciclo Arandu. Comunidades y Resistencia Audiovisual, se refiri\u00f3 al significado del IntyRaimi, <em>\u201cNosotros del 21 al 24 de junio, para los pueblos Andinos, Quechuas, Aymaras y tambi\u00e9n para el pueblo Mapuche estamos en tiempos de celebraci\u00f3n, de cambios de tiempos, de cambio de nuestras energ\u00edas y para nosotros eso representa, con la llegada de los d\u00edas m\u00e1s cortos, representa el a\u00f1o nuevo\u201d<\/em>.<\/p>\n<p>Alor, adem\u00e1s, explic\u00f3 el significado de esta celebraci\u00f3n, <em>\u201cEl IntiRaymi significa fiesta del sol, Raymi significa fiesta, Inti significa sol y durante estas fechas los pueblos Andinos y Mapuches se hab\u00edan percatado de que en estos tiempos el sol se empezaba a alejar de la tierra, y por eso se hac\u00edan estas festividades, para pedirle al sol que regrese, que vuelva para poder continuar estos nuevos tiempos con su energ\u00eda. (\u2026) Entonces es un momento de celebraci\u00f3n, de reivindicaci\u00f3n, de renovaci\u00f3n, de momentos en que se dan este nuevo cambio, este nuevo ciclo natural\u201d<\/em>.<\/p>\n<p>Finalmente, Beatriz Alor, se refiri\u00f3 a los 500 a\u00f1os de colonizaci\u00f3n y la decisi\u00f3n de visibilizar las pr\u00e1cticas ancestrales, <em>\u201cDespu\u00e9s de estos 500 a\u00f1os de colonizaci\u00f3n, se empez\u00f3 a mostrar nuestra ceremonia, alrededor de los a\u00f1os 80 o 90, las comunidades decidieron sacar nuestras ceremonias para que las personas vean que todav\u00eda mantenemos nuestras pr\u00e1cticas y que tambi\u00e9n siguen vivas. Y estos tiempos de pandemia, son justamente para pensar a donde hemos llegado con el deterioro de nuestra Madre tierra, esta ambici\u00f3n que tienen los estados en la extracci\u00f3n de nuestros recursos naturales. (\u2026) Son caminos muy duros que estamos atravesando en estos \u00faltimos tiempos pero todos los pueblos ind\u00edgenas, en este momento, estamos en momentos de celebraci\u00f3n porque para nosotros es importante celebrar la vida, es importante todo lo que nos da nuestra Pacha, lo que nos da el Tata Int\u00ed, lo que nos brinda el hermano Viento, la abuelita Agua\u201d<\/em>.<\/p>\n<p>Compartimos la entrevista<\/p>\n<p><a href=\"https:\/\/archive.org\/details\/audio-beatriz-alor-23-06-2020\">Descargar<\/a><\/p>\n<audio class=\"wp-audio-shortcode\" id=\"audio-2177-2\" preload=\"none\" style=\"width: 100%;\" controls=\"controls\"><source type=\"audio\/mpeg\" src=\"https:\/\/archive.org\/download\/audio-beatriz-alor-23-06-2020\/AUDIO%20-%20BEATRIZ%20ALOR%2023%2006%202020.mp3?_=2\" \/><a href=\"https:\/\/archive.org\/download\/audio-beatriz-alor-23-06-2020\/AUDIO%20-%20BEATRIZ%20ALOR%2023%2006%202020.mp3\">https:\/\/archive.org\/download\/audio-beatriz-alor-23-06-2020\/AUDIO%20-%20BEATRIZ%20ALOR%2023%2006%202020.mp3<\/a><\/audio>\n<div class=\"powerpress_player\" id=\"powerpress_player_4460\"><audio class=\"wp-audio-shortcode\" id=\"audio-2177-1\" preload=\"none\" style=\"width: 100%;\" controls=\"controls\"><source type=\"audio\/mpeg\" src=\"https:\/\/archive.org\/download\/audio-beatriz-alor-23-06-2020\/AUDIO%20-%20BEATRIZ%20ALOR%2023%2006%202020.mp3?_=1\" \/><a href=\"https:\/\/archive.org\/download\/audio-beatriz-alor-23-06-2020\/AUDIO%20-%20BEATRIZ%20ALOR%2023%2006%202020.mp3\">https:\/\/archive.org\/download\/audio-beatriz-alor-23-06-2020\/AUDIO%20-%20BEATRIZ%20ALOR%2023%2006%202020.mp3<\/a><\/audio><\/div><p class=\"powerpress_links powerpress_links_mp3\" style=\"margin-bottom: 1px !important;\">Podcast: <a href=\"https:\/\/archive.org\/download\/audio-beatriz-alor-23-06-2020\/AUDIO%20-%20BEATRIZ%20ALOR%2023%2006%202020.mp3\" class=\"powerpress_link_pinw\" target=\"_blank\" title=\"Reproducir en una nueva ventana\" onclick=\"return powerpress_pinw('https:\/\/fmtinkunaco.ar\/?powerpress_pinw=2177-podcast');\" rel=\"nofollow\">Reproducir en una nueva ventana<\/a> | <a href=\"https:\/\/archive.org\/download\/audio-beatriz-alor-23-06-2020\/AUDIO%20-%20BEATRIZ%20ALOR%2023%2006%202020.mp3\" class=\"powerpress_link_d\" title=\"Descargar\" rel=\"nofollow\" download=\"AUDIO%20-%20BEATRIZ%20ALOR%2023%2006%202020.mp3\">Descargar<\/a><\/p>","protected":false},"excerpt":{"rendered":"<p>Inti Raymi, es una ceremonia incaica y andina celebrada en honor de Inti, que se realiza cada solsticio de invierno. Este lapso entr\u00e9 el 21 y el 24 de junio, es considerado un tiempo de celebraci\u00f3n, renovaci\u00f3n y cambio. En di\u00e1logo con el programa radial \u201cEncuentro con las Noticias\u201d, Beatriz Alor, integrante del Ciclo Reencuentro [&hellip;]<\/p>\n","protected":false},"author":1,"featured_media":2178,"comment_status":"open","ping_status":"open","sticky":false,"template":"","format":"standard","meta":{"footnotes":""},"categories":[3],"tags":[258,408,421],"class_list":["post-2177","post","type-post","status-publish","format-standard","has-post-thumbnail","hentry","category-cultura","tag-inti-raymi","tag-practicas-ancestrales","tag-pueblos-originarios"],"_links":{"self":[{"href":"https:\/\/fmtinkunaco.ar\/index.php?rest_route=\/wp\/v2\/posts\/2177","targetHints":{"allow":["GET"]}}],"collection":[{"href":"https:\/\/fmtinkunaco.ar\/index.php?rest_route=\/wp\/v2\/posts"}],"about":[{"href":"https:\/\/fmtinkunaco.ar\/index.php?rest_route=\/wp\/v2\/types\/post"}],"author":[{"embeddable":true,"href":"https:\/\/fmtinkunaco.ar\/index.php?rest_route=\/wp\/v2\/users\/1"}],"replies":[{"embeddable":true,"href":"https:\/\/fmtinkunaco.ar\/index.php?rest_route=%2Fwp%2Fv2%2Fcomments&post=2177"}],"version-history":[{"count":0,"href":"https:\/\/fmtinkunaco.ar\/index.php?rest_route=\/wp\/v2\/posts\/2177\/revisions"}],"wp:featuredmedia":[{"embeddable":true,"href":"https:\/\/fmtinkunaco.ar\/index.php?rest_route=\/"}],"wp:attachment":[{"href":"https:\/\/fmtinkunaco.ar\/index.php?rest_route=%2Fwp%2Fv2%2Fmedia&parent=2177"}],"wp:term":[{"taxonomy":"category","embeddable":true,"href":"https:\/\/fmtinkunaco.ar\/index.php?rest_route=%2Fwp%2Fv2%2Fcategories&post=2177"},{"taxonomy":"post_tag","embeddable":true,"href":"https:\/\/fmtinkunaco.ar\/index.php?rest_route=%2Fwp%2Fv2%2Ftags&post=2177"}],"curies":[{"name":"wp","href":"https:\/\/api.w.org\/{rel}","templated":true}]}}