{"id":2185,"date":"2020-06-25T10:59:11","date_gmt":"2020-06-25T13:59:11","guid":{"rendered":"http:\/\/fmtinkunaco.com.ar\/?p=2185"},"modified":"2020-06-25T10:59:11","modified_gmt":"2020-06-25T13:59:11","slug":"pilar-se-inauguro-el-hospital-municipal-presidente-derqui","status":"publish","type":"post","link":"https:\/\/fmtinkunaco.ar\/?p=2185","title":{"rendered":"Pilar: Se inaugur\u00f3 el Hospital Municipal Presidente Derqui"},"content":{"rendered":"<p>En el d\u00eda de ayer, con presencia del Gobernador de la Provincia de Buenos Aires y el Ministro de Salud Daniel Goll\u00e1n, se inaugur\u00f3 el Hospital Municipal de Presidente Derqui.<\/p>\n<p>Luego de la gesti\u00f3n de Cambiemos, la construcci\u00f3n hab\u00eda quedado a medio hacer, por lo que en el marco de la pandemia, el gobierno de Federico Achaval, del Frente de Todos, tom\u00f3 la decisi\u00f3n de culminar la obra.<\/p>\n<p>Luego de 100 d\u00edas de trabajo, se inaugur\u00f3 el Hospital, que en principio tratar\u00e1 a pacientes con COVID 19, pero que posteriormente tendr\u00e1 otras especialidades.<\/p>\n<p>En di\u00e1logo con el programa radial \u201cEncuentro con las Noticias\u201d, Juan Pablo Rold\u00e1n, Concejal de Pilar por el Frente de Todos, se refiri\u00f3 a esta inauguraci\u00f3n, \u201cLa verdad que como vecino de la localidad, muy feliz de tener algo concreto, de tener un Hospital, de poder dar una respuesta en este momento tan dif\u00edcil de la pandemia. Una respuesta sanitaria a la comunidad, a nuestros vecinos, es una lucha hist\u00f3rica, de un mont\u00f3n de a\u00f1os, que hoy concretamente ya lo tenemos, as\u00ed que con una inmensa felicidad pero entendiendo tambi\u00e9n la problem\u00e1tica de la pandemia\u201d.<\/p>\n<p>Rold\u00e1n, adem\u00e1s, enumer\u00f3 las principales especialidades con las que contar\u00e1 el nuevo Hospital, \u201cHoy ac\u00e1 el vecino va a tener una guardia las 24hs tanto de pediatr\u00eda como de m\u00e9dico cl\u00ednico, que cuenta con servicios de laboratorio e im\u00e1genes, que eso es muy importante porque antes se resolv\u00eda eso s\u00f3lo en el Hospital Sanguinetti; s\u00ed el paciente requiere alguna internaci\u00f3n o en el caso de que requiera terapia intensiva contamos con todos los equipos necesarios de internaci\u00f3n y de asilamiento. La verdad que la provincia ha equipado a este Hospital con la \u00faltima tecnolog\u00eda y estamos muy felices de tenerlo. (\u2026) Hoy hay un sector, una terapia intensiva de \u00faltima tecnolog\u00eda con 6 respiradores; un segundo pabell\u00f3n que tiene todo el servicio de internaci\u00f3n para terapia con 10 respiradores m\u00e1s y 10 camas m\u00e1s de aislamiento con oxigeno\u201d.<\/p>\n<p>A partir del d\u00eda de hoy comienza la atenci\u00f3n a la comunidad.<\/p>\n<p>Compartimos la entrevista completa<\/p>\n<p><a href=\"https:\/\/archive.org\/details\/audio-juan-pablo-roldan-25-06-2020\">Descargar<\/a><\/p>\n<audio class=\"wp-audio-shortcode\" id=\"audio-2185-2\" preload=\"none\" style=\"width: 100%;\" controls=\"controls\"><source type=\"audio\/mpeg\" src=\"https:\/\/archive.org\/download\/audio-juan-pablo-roldan-25-06-2020\/AUDIO%20-%20JUAN%20PABLO%20ROLDAN%2025%2006%202020.mp3?_=2\" \/><a href=\"https:\/\/archive.org\/download\/audio-juan-pablo-roldan-25-06-2020\/AUDIO%20-%20JUAN%20PABLO%20ROLDAN%2025%2006%202020.mp3\">https:\/\/archive.org\/download\/audio-juan-pablo-roldan-25-06-2020\/AUDIO%20-%20JUAN%20PABLO%20ROLDAN%2025%2006%202020.mp3<\/a><\/audio>\n<div class=\"powerpress_player\" id=\"powerpress_player_1198\"><audio class=\"wp-audio-shortcode\" id=\"audio-2185-1\" preload=\"none\" style=\"width: 100%;\" controls=\"controls\"><source type=\"audio\/mpeg\" src=\"https:\/\/archive.org\/download\/audio-juan-pablo-roldan-25-06-2020\/AUDIO%20-%20JUAN%20PABLO%20ROLDAN%2025%2006%202020.mp3?_=1\" \/><a href=\"https:\/\/archive.org\/download\/audio-juan-pablo-roldan-25-06-2020\/AUDIO%20-%20JUAN%20PABLO%20ROLDAN%2025%2006%202020.mp3\">https:\/\/archive.org\/download\/audio-juan-pablo-roldan-25-06-2020\/AUDIO%20-%20JUAN%20PABLO%20ROLDAN%2025%2006%202020.mp3<\/a><\/audio><\/div><p class=\"powerpress_links powerpress_links_mp3\" style=\"margin-bottom: 1px !important;\">Podcast: <a href=\"https:\/\/archive.org\/download\/audio-juan-pablo-roldan-25-06-2020\/AUDIO%20-%20JUAN%20PABLO%20ROLDAN%2025%2006%202020.mp3\" class=\"powerpress_link_pinw\" target=\"_blank\" title=\"Reproducir en una nueva ventana\" onclick=\"return powerpress_pinw('https:\/\/fmtinkunaco.ar\/?powerpress_pinw=2185-podcast');\" rel=\"nofollow\">Reproducir en una nueva ventana<\/a> | <a href=\"https:\/\/archive.org\/download\/audio-juan-pablo-roldan-25-06-2020\/AUDIO%20-%20JUAN%20PABLO%20ROLDAN%2025%2006%202020.mp3\" class=\"powerpress_link_d\" title=\"Descargar\" rel=\"nofollow\" download=\"AUDIO%20-%20JUAN%20PABLO%20ROLDAN%2025%2006%202020.mp3\">Descargar<\/a><\/p>","protected":false},"excerpt":{"rendered":"<p>En el d\u00eda de ayer, con presencia del Gobernador de la Provincia de Buenos Aires y el Ministro de Salud Daniel Goll\u00e1n, se inaugur\u00f3 el Hospital Municipal de Presidente Derqui. Luego de la gesti\u00f3n de Cambiemos, la construcci\u00f3n hab\u00eda quedado a medio hacer, por lo que en el marco de la pandemia, el gobierno de [&hellip;]<\/p>\n","protected":false},"author":1,"featured_media":2186,"comment_status":"open","ping_status":"open","sticky":false,"template":"","format":"standard","meta":{"footnotes":""},"categories":[7],"tags":[135,138,254,267,340,414,443],"class_list":["post-2185","post","type-post","status-publish","format-standard","has-post-thumbnail","hentry","category-salud","tag-coronavirus","tag-covid-19","tag-inauguracion-hospital-municipal-presidente-derqui","tag-juan-pablo-roldan","tag-municipio-de-pilar","tag-presidente-derqui","tag-salud-publica"],"_links":{"self":[{"href":"https:\/\/fmtinkunaco.ar\/index.php?rest_route=\/wp\/v2\/posts\/2185","targetHints":{"allow":["GET"]}}],"collection":[{"href":"https:\/\/fmtinkunaco.ar\/index.php?rest_route=\/wp\/v2\/posts"}],"about":[{"href":"https:\/\/fmtinkunaco.ar\/index.php?rest_route=\/wp\/v2\/types\/post"}],"author":[{"embeddable":true,"href":"https:\/\/fmtinkunaco.ar\/index.php?rest_route=\/wp\/v2\/users\/1"}],"replies":[{"embeddable":true,"href":"https:\/\/fmtinkunaco.ar\/index.php?rest_route=%2Fwp%2Fv2%2Fcomments&post=2185"}],"version-history":[{"count":0,"href":"https:\/\/fmtinkunaco.ar\/index.php?rest_route=\/wp\/v2\/posts\/2185\/revisions"}],"wp:featuredmedia":[{"embeddable":true,"href":"https:\/\/fmtinkunaco.ar\/index.php?rest_route=\/"}],"wp:attachment":[{"href":"https:\/\/fmtinkunaco.ar\/index.php?rest_route=%2Fwp%2Fv2%2Fmedia&parent=2185"}],"wp:term":[{"taxonomy":"category","embeddable":true,"href":"https:\/\/fmtinkunaco.ar\/index.php?rest_route=%2Fwp%2Fv2%2Fcategories&post=2185"},{"taxonomy":"post_tag","embeddable":true,"href":"https:\/\/fmtinkunaco.ar\/index.php?rest_route=%2Fwp%2Fv2%2Ftags&post=2185"}],"curies":[{"name":"wp","href":"https:\/\/api.w.org\/{rel}","templated":true}]}}