{"id":2190,"date":"2020-06-30T11:35:43","date_gmt":"2020-06-30T14:35:43","guid":{"rendered":"http:\/\/fmtinkunaco.com.ar\/?p=2190"},"modified":"2020-06-30T11:35:43","modified_gmt":"2020-06-30T14:35:43","slug":"cicop-el-personal-sanitario-es-insuficiente-y-el-gobierno-no-convoca-a-paritarias","status":"publish","type":"post","link":"https:\/\/fmtinkunaco.ar\/?p=2190","title":{"rendered":"CICOP: El personal sanitario es insuficiente y el gobierno no convoca a paritarias"},"content":{"rendered":"<p>La pandemia ha puesto de manifiesto y ha terminado de visibilizar la situaci\u00f3n preocupante en la que se encuentra hace ya muchos a\u00f1os la salud de nuestro pa\u00eds.<\/p>\n<p>El vaciamiento sistem\u00e1tico de la salud p\u00fablica, la falta de insumos, los problemas estructurales y la condici\u00f3n de las y los trabajadores sanitarios son aspectos que desde los gremios de la salud denuncian hace much\u00edsimos a\u00f1os.<\/p>\n<p>Actualmente, y pes\u00e9 a los insumos que el gobierno ha brindado en los \u00faltimos meses, y la cantidad de hospitales que se han reorganizado para hacerle frente a la pandemia, hoy los trabajadores denuncian que el personal sanitaria con el que cuentan los hospitales es insuficiente.<\/p>\n<p>Adem\u00e1s, denuncian que el gobierno no convoca a las paritarias que permite negociar estos aspectos.<\/p>\n<p>En di\u00e1logo con el programa radial \u201cEncuentro con las Noticias\u201d, Marta M\u00e1rquez, Presidenta de LA Asociaci\u00f3n Sindical de Profesionales de la Salud de la Provincia de Buenos Aires (CICOP), se refiri\u00f3 a esta situaci\u00f3n, <em>\u201cVenimos reclamando que se incorpore personal en el sistema de salud, (\u2026) en este momento podemos decir que en los hospitales provinciales el tema de equipos de protecci\u00f3n, insumos, est\u00e1 bastante bien protecci\u00f3n, est\u00e1n bastante bien, mientras tengamos estos n\u00fameros de pacientes internadas. Hemos logrado, medianamente dotar a los hospitales con est\u00e1s cuestiones. Tambi\u00e9n que se hayan incorporado m\u00e1s camas de terapia intensiva es bueno, que se hayan abierto centros de aislamiento son buenas medidas. Ahora, ninguna de estas medidas va a ser eficaz si no tenemos personal. (&#8230;) La verdad seguimos teniendo un enorme d\u00e9ficit en la cantidad de personal que tenemos en los hospitales de la provincia de Buenos Aires\u00bb<\/em>.<\/p>\n<p>Adem\u00e1s, Marta Marqu\u00e9z se refiri\u00f3 a las paritarias, <em>\u00abLa paritaria tendr\u00eda que haber sido en junio, nosotros cuando cerramos en abril justamente una de las razones por la que las compa\u00f1eras y compa\u00f1eros decidieron aceptar la propuesta era porque en poqu\u00edsimo tiempo \u00edbamos a estar discutiendo de nuevo salarios y estamos hoy a 30 de junio y no hemos tenido ninguna convocatoria a paritarias\u00bb<\/em>.<\/p>\n<p>Compartimos la entrevista completa<\/p>\n<p><a href=\"https:\/\/archive.org\/details\/audio-marta-marquez-cicop-30-06-2020\">Descargar<\/a><\/p>\n<audio class=\"wp-audio-shortcode\" id=\"audio-2190-2\" preload=\"none\" style=\"width: 100%;\" controls=\"controls\"><source type=\"audio\/mpeg\" src=\"https:\/\/archive.org\/download\/audio-marta-marquez-cicop-30-06-2020\/AUDIO%20-%20MARTA%20MARQUEZ%20%28CICOP%29%2030%2006%202020.mp3?_=2\" \/><a href=\"https:\/\/archive.org\/download\/audio-marta-marquez-cicop-30-06-2020\/AUDIO%20-%20MARTA%20MARQUEZ%20%28CICOP%29%2030%2006%202020.mp3\">https:\/\/archive.org\/download\/audio-marta-marquez-cicop-30-06-2020\/AUDIO%20-%20MARTA%20MARQUEZ%20%28CICOP%29%2030%2006%202020.mp3<\/a><\/audio>\n<div class=\"powerpress_player\" id=\"powerpress_player_3008\"><audio class=\"wp-audio-shortcode\" id=\"audio-2190-1\" preload=\"none\" style=\"width: 100%;\" controls=\"controls\"><source type=\"audio\/mpeg\" src=\"https:\/\/archive.org\/download\/audio-marta-marquez-cicop-30-06-2020\/AUDIO%20-%20MARTA%20MARQUEZ%20%28CICOP%29%2030%2006%202020.mp3?_=1\" \/><a href=\"https:\/\/archive.org\/download\/audio-marta-marquez-cicop-30-06-2020\/AUDIO%20-%20MARTA%20MARQUEZ%20%28CICOP%29%2030%2006%202020.mp3\">https:\/\/archive.org\/download\/audio-marta-marquez-cicop-30-06-2020\/AUDIO%20-%20MARTA%20MARQUEZ%20%28CICOP%29%2030%2006%202020.mp3<\/a><\/audio><\/div><p class=\"powerpress_links powerpress_links_mp3\" style=\"margin-bottom: 1px !important;\">Podcast: <a href=\"https:\/\/archive.org\/download\/audio-marta-marquez-cicop-30-06-2020\/AUDIO%20-%20MARTA%20MARQUEZ%20%28CICOP%29%2030%2006%202020.mp3\" class=\"powerpress_link_pinw\" target=\"_blank\" title=\"Reproducir en una nueva ventana\" onclick=\"return powerpress_pinw('https:\/\/fmtinkunaco.ar\/?powerpress_pinw=2190-podcast');\" rel=\"nofollow\">Reproducir en una nueva ventana<\/a> | <a href=\"https:\/\/archive.org\/download\/audio-marta-marquez-cicop-30-06-2020\/AUDIO%20-%20MARTA%20MARQUEZ%20%28CICOP%29%2030%2006%202020.mp3\" class=\"powerpress_link_d\" title=\"Descargar\" rel=\"nofollow\" download=\"AUDIO%20-%20MARTA%20MARQUEZ%20%28CICOP%29%2030%2006%202020.mp3\">Descargar<\/a><\/p>","protected":false},"excerpt":{"rendered":"<p>La pandemia ha puesto de manifiesto y ha terminado de visibilizar la situaci\u00f3n preocupante en la que se encuentra hace ya muchos a\u00f1os la salud de nuestro pa\u00eds. El vaciamiento sistem\u00e1tico de la salud p\u00fablica, la falta de insumos, los problemas estructurales y la condici\u00f3n de las y los trabajadores sanitarios son aspectos que desde [&hellip;]<\/p>\n","protected":false},"author":1,"featured_media":2191,"comment_status":"open","ping_status":"open","sticky":false,"template":"","format":"standard","meta":{"footnotes":""},"categories":[7],"tags":[109,383,395,443,484],"class_list":["post-2190","post","type-post","status-publish","format-standard","has-post-thumbnail","hentry","category-salud","tag-cicop","tag-paritarias-en-la-salud","tag-personal-sanitario-insuficiente","tag-salud-publica","tag-trabajadorxs-de-la-salud"],"_links":{"self":[{"href":"https:\/\/fmtinkunaco.ar\/index.php?rest_route=\/wp\/v2\/posts\/2190","targetHints":{"allow":["GET"]}}],"collection":[{"href":"https:\/\/fmtinkunaco.ar\/index.php?rest_route=\/wp\/v2\/posts"}],"about":[{"href":"https:\/\/fmtinkunaco.ar\/index.php?rest_route=\/wp\/v2\/types\/post"}],"author":[{"embeddable":true,"href":"https:\/\/fmtinkunaco.ar\/index.php?rest_route=\/wp\/v2\/users\/1"}],"replies":[{"embeddable":true,"href":"https:\/\/fmtinkunaco.ar\/index.php?rest_route=%2Fwp%2Fv2%2Fcomments&post=2190"}],"version-history":[{"count":0,"href":"https:\/\/fmtinkunaco.ar\/index.php?rest_route=\/wp\/v2\/posts\/2190\/revisions"}],"wp:featuredmedia":[{"embeddable":true,"href":"https:\/\/fmtinkunaco.ar\/index.php?rest_route=\/"}],"wp:attachment":[{"href":"https:\/\/fmtinkunaco.ar\/index.php?rest_route=%2Fwp%2Fv2%2Fmedia&parent=2190"}],"wp:term":[{"taxonomy":"category","embeddable":true,"href":"https:\/\/fmtinkunaco.ar\/index.php?rest_route=%2Fwp%2Fv2%2Fcategories&post=2190"},{"taxonomy":"post_tag","embeddable":true,"href":"https:\/\/fmtinkunaco.ar\/index.php?rest_route=%2Fwp%2Fv2%2Ftags&post=2190"}],"curies":[{"name":"wp","href":"https:\/\/api.w.org\/{rel}","templated":true}]}}