{"id":2205,"date":"2020-07-01T15:56:11","date_gmt":"2020-07-01T18:56:11","guid":{"rendered":"http:\/\/fmtinkunaco.com.ar\/?p=2205"},"modified":"2020-07-01T15:56:11","modified_gmt":"2020-07-01T18:56:11","slug":"centro-medico-talar-trabajadoras-delegadas-despedidas-exigen-reincorporacion","status":"publish","type":"post","link":"https:\/\/fmtinkunaco.ar\/?p=2205","title":{"rendered":"Centro M\u00e9dico Talar: Trabajadoras Delegadas despedidas exigen reincorporaci\u00f3n"},"content":{"rendered":"<p>Luego de las reiteras denuncias por parte de trabajadores y trabajadoras de la salud del Centro M\u00e9dico Talar, sobre la situaci\u00f3n en la que se encontraban trabajando y el abandono de persona de las autoridades sobre compa\u00f1eros positivos covid; el centro m\u00e9dico despidi\u00f3 a quienes denunciaban la situaci\u00f3n.<\/p>\n<p>En di\u00e1logo con el programa radial \u201cEncuentro con las Noticias\u201d, Ester Galarza, trabajadora y delegada despedida, quien se infecto coronavirus en la cl\u00ednica, describi\u00f3 cu\u00e1l es su situaci\u00f3n actual <em>\u201cYo ahora estoy aislada en casa, porque clinicamente ya estoy bien entonces estoy en casa y la empresa sigue impartiendo la pol\u00edtica del miedo a los compa\u00f1eros que est\u00e1n en la cl\u00ednica, desprotegidos porque ahora nosotras estamos limitadas como representantes, al estar despedidas tres de las cuatro representantes. Nosotras ahora estamos pidiendo la reincorporaci\u00f3n, la cautelar se expidi\u00f3 para la reincorporaci\u00f3n de las tres que fuimos despedidas<\/em>\u201d.<\/p>\n<p>Galarza, adem\u00e1s, explic\u00f3 que las autoridades la despidieron aun teniendo conocimiento sobre su positivo covid, <em>\u201cA m\u00ed me despidieron siendo positiva, ellos sab\u00edan porque yo les inform\u00e9. Porque a m\u00ed me hicieron ellos un hisopado que para m\u00ed fue un negativo re trucho porque al otro d\u00eda me hicieron el hisopado y me dio positivo. Y as\u00ed y todo no contemplaron nada y me despidieron\u201d<\/em>.<\/p>\n<p>Luego de las denuncias publicas y de visibilizar la situaci\u00f3n, se registraron m\u00e1s de 38 trabajadores sanitarios del centro m\u00e9dico, infectados. Aunque Galarza denuncia que el n\u00famero real de contagiados lo tiene el Director y no lo da a conocer.<\/p>\n<p>Finalmente, Ester Galarza, explic\u00f3 que luego de su despido, s\u00f3lo se comunic\u00f3 Recursos Humanos pero no inform\u00f3 a su pareja el motivo de los llamados, <em>\u201cRecursos humanos trat\u00f3 de comunicarse, supuestamente, conmigo en varias oportunidades pero hablaron con mi esposo, no le dijeron que necesitaban pero no s\u00e9 cu\u00e1l es el fin de la comunicaci\u00f3n porque nunca hablaron conmigo\u201d<\/em>.<\/p>\n<p>Las trabajadores y los trabajadores despedidos se encuentran exigiendo la reincorporaci\u00f3n inmediata.<\/p>\n<p>Compartimos la entrevista completa<\/p>\n<p><a href=\"https:\/\/archive.org\/details\/audio-ester-galarza-centro-medico-el-talar-1-07-2020\">Descargar<\/a><\/p>\n<audio class=\"wp-audio-shortcode\" id=\"audio-2205-2\" preload=\"none\" style=\"width: 100%;\" controls=\"controls\"><source type=\"audio\/mpeg\" src=\"https:\/\/archive.org\/download\/audio-ester-galarza-centro-medico-el-talar-1-07-2020\/AUDIO%20-%20ESTER%20GALARZA%20%28CENTRO%20MEDICO%20EL%20TALAR%29%201%2007%202020.mp3?_=2\" \/><a href=\"https:\/\/archive.org\/download\/audio-ester-galarza-centro-medico-el-talar-1-07-2020\/AUDIO%20-%20ESTER%20GALARZA%20%28CENTRO%20MEDICO%20EL%20TALAR%29%201%2007%202020.mp3\">https:\/\/archive.org\/download\/audio-ester-galarza-centro-medico-el-talar-1-07-2020\/AUDIO%20-%20ESTER%20GALARZA%20%28CENTRO%20MEDICO%20EL%20TALAR%29%201%2007%202020.mp3<\/a><\/audio>\n<div class=\"powerpress_player\" id=\"powerpress_player_4115\"><audio class=\"wp-audio-shortcode\" id=\"audio-2205-1\" preload=\"none\" style=\"width: 100%;\" controls=\"controls\"><source type=\"audio\/mpeg\" src=\"https:\/\/archive.org\/download\/audio-ester-galarza-centro-medico-el-talar-1-07-2020\/AUDIO%20-%20ESTER%20GALARZA%20%28CENTRO%20MEDICO%20EL%20TALAR%29%201%2007%202020.mp3?_=1\" \/><a href=\"https:\/\/archive.org\/download\/audio-ester-galarza-centro-medico-el-talar-1-07-2020\/AUDIO%20-%20ESTER%20GALARZA%20%28CENTRO%20MEDICO%20EL%20TALAR%29%201%2007%202020.mp3\">https:\/\/archive.org\/download\/audio-ester-galarza-centro-medico-el-talar-1-07-2020\/AUDIO%20-%20ESTER%20GALARZA%20%28CENTRO%20MEDICO%20EL%20TALAR%29%201%2007%202020.mp3<\/a><\/audio><\/div><p class=\"powerpress_links powerpress_links_mp3\" style=\"margin-bottom: 1px !important;\">Podcast: <a href=\"https:\/\/archive.org\/download\/audio-ester-galarza-centro-medico-el-talar-1-07-2020\/AUDIO%20-%20ESTER%20GALARZA%20%28CENTRO%20MEDICO%20EL%20TALAR%29%201%2007%202020.mp3\" class=\"powerpress_link_pinw\" target=\"_blank\" title=\"Reproducir en una nueva ventana\" onclick=\"return powerpress_pinw('https:\/\/fmtinkunaco.ar\/?powerpress_pinw=2205-podcast');\" rel=\"nofollow\">Reproducir en una nueva ventana<\/a> | <a href=\"https:\/\/archive.org\/download\/audio-ester-galarza-centro-medico-el-talar-1-07-2020\/AUDIO%20-%20ESTER%20GALARZA%20%28CENTRO%20MEDICO%20EL%20TALAR%29%201%2007%202020.mp3\" class=\"powerpress_link_d\" title=\"Descargar\" rel=\"nofollow\" download=\"AUDIO%20-%20ESTER%20GALARZA%20%28CENTRO%20MEDICO%20EL%20TALAR%29%201%2007%202020.mp3\">Descargar<\/a><\/p>","protected":false},"excerpt":{"rendered":"<p>Luego de las reiteras denuncias por parte de trabajadores y trabajadoras de la salud del Centro M\u00e9dico Talar, sobre la situaci\u00f3n en la que se encontraban trabajando y el abandono de persona de las autoridades sobre compa\u00f1eros positivos covid; el centro m\u00e9dico despidi\u00f3 a quienes denunciaban la situaci\u00f3n. En di\u00e1logo con el programa radial \u201cEncuentro [&hellip;]<\/p>\n","protected":false},"author":1,"featured_media":2139,"comment_status":"open","ping_status":"open","sticky":false,"template":"","format":"standard","meta":{"footnotes":""},"categories":[7],"tags":[105,135,138,152,484],"class_list":["post-2205","post","type-post","status-publish","format-standard","has-post-thumbnail","hentry","category-salud","tag-centro-medico-talar","tag-coronavirus","tag-covid-19","tag-despedidas","tag-trabajadorxs-de-la-salud"],"_links":{"self":[{"href":"https:\/\/fmtinkunaco.ar\/index.php?rest_route=\/wp\/v2\/posts\/2205","targetHints":{"allow":["GET"]}}],"collection":[{"href":"https:\/\/fmtinkunaco.ar\/index.php?rest_route=\/wp\/v2\/posts"}],"about":[{"href":"https:\/\/fmtinkunaco.ar\/index.php?rest_route=\/wp\/v2\/types\/post"}],"author":[{"embeddable":true,"href":"https:\/\/fmtinkunaco.ar\/index.php?rest_route=\/wp\/v2\/users\/1"}],"replies":[{"embeddable":true,"href":"https:\/\/fmtinkunaco.ar\/index.php?rest_route=%2Fwp%2Fv2%2Fcomments&post=2205"}],"version-history":[{"count":0,"href":"https:\/\/fmtinkunaco.ar\/index.php?rest_route=\/wp\/v2\/posts\/2205\/revisions"}],"wp:featuredmedia":[{"embeddable":true,"href":"https:\/\/fmtinkunaco.ar\/index.php?rest_route=\/"}],"wp:attachment":[{"href":"https:\/\/fmtinkunaco.ar\/index.php?rest_route=%2Fwp%2Fv2%2Fmedia&parent=2205"}],"wp:term":[{"taxonomy":"category","embeddable":true,"href":"https:\/\/fmtinkunaco.ar\/index.php?rest_route=%2Fwp%2Fv2%2Fcategories&post=2205"},{"taxonomy":"post_tag","embeddable":true,"href":"https:\/\/fmtinkunaco.ar\/index.php?rest_route=%2Fwp%2Fv2%2Ftags&post=2205"}],"curies":[{"name":"wp","href":"https:\/\/api.w.org\/{rel}","templated":true}]}}