{"id":2208,"date":"2020-07-01T18:37:09","date_gmt":"2020-07-01T21:37:09","guid":{"rendered":"http:\/\/fmtinkunaco.com.ar\/?p=2208"},"modified":"2020-07-01T18:37:09","modified_gmt":"2020-07-01T21:37:09","slug":"malvinas-argentinas-ya-son-22-pacientes-los-transfundidos-con-plasma-convalenciente-en-el-hospital-dr-federico-abete","status":"publish","type":"post","link":"https:\/\/fmtinkunaco.ar\/?p=2208","title":{"rendered":"Malvinas Argentinas: Ya son 22 pacientes los transfundidos con plasma convaleciente en El Hospital Dr. Federico Abete"},"content":{"rendered":"<p>El Hospital Municipal de Trauma y Emergencias Dr. Federico Abete de Malvinas Argentinas, es uno de los hospitales con un sector especifico de terapia intensiva para pacientes con covid y uno de los primeros en aplicar el tratamiento de transfusi\u00f3n de plasma convaleciente.<\/p>\n<p>En di\u00e1logo con el programa radial \u201cEncuentro con las Noticias\u201d, Javier Melis, Subdirector del Hospital Municipal de Trauma y Emergencias Dr. Federico Abete de Malvinas Argentinas, realiz\u00f3 un recorrido de la presentaci\u00f3n de casos en el hospital, <em>\u201cLa verdad que el crecimiento y la cantidad de pacientes que hemos tenido fue aumentando exponencialmente, nosotros comenzamos por marzo que ten\u00edamos uno o dos pacientes que llegaban con alg\u00fan cuadro respiratorio y los ten\u00edamos en aislamiento para hacerle los hisopados. Hoy ya estamos en 25 o 30 pacientes por d\u00eda que dan positivo, de casi 100 testeos que hacemos. Es un aumento importante, no podemos decir que llegamos al pico ya porque eso no lo sabemos, yo siempre digo que por ah\u00ed el pico lo vamos a conocer cuando ya lo pasemos y empecemos la curva del descenso\u201d<\/em>.<\/p>\n<p>Melis, adem\u00e1s, hizo un balance de los resultados que hasta el momento se alcanzaron con la transfusi\u00f3n de plasma convaleciente, \u00abEl 12 de mayo con el primer paciente trasfundido plasma de convaleciente, que nos fue muy bien. hemos transfundido a 22 pacientes, tenemos una evoluci\u00f3n favorable de ellos, 11 han podido ser dados de alta. Yo siempre soy cauto cuando hablo y digo que no es un tratamiento definitivo, no es la cura pero si es una herramienta que tenemos para poder disminuir o frenar esta enfermedad\u201d.<\/p>\n<p>Melis, explic\u00f3 la importancia de la ley de donaci\u00f3n de plasma y dej\u00f3 en claro que la donaci\u00f3n es voluntaria, <em>\u201cLa ley de plasma no sale, ni un cent\u00edmetro de lo que es la ley de donaci\u00f3n de sangre, lo \u00fanico que ayudar\u00eda es la difusi\u00f3n, crear campa\u00f1as, que la gente entienda. Tambi\u00e9n una cosa importante, es que no cualquier plasma es para cualquier persona, cada unidad de sangre tiene grupo y factor, entonces hay que ver si ese grupo y factor corresponde al grupo y factor del paciente que uno va a transfundir. No es algo ajeno a un organismo, por eso no es cualquier plasma para cualquier paciente. (\u2026) Por eso es muy importante la ley para difundir y que se concientice<\/em>\u201d.<\/p>\n<p>&nbsp;<br \/>\nPor \u00faltimo, Javier Melis, afirm\u00f3 que actualmente en el Hospital Abete hay un 70% de ocupaci\u00f3n de camas de pacientes con COVID 19, <em>\u201cNosotros hoy estamos en un 70%, hemos aumentado la cantidad de camas de terapia intensiva; nosotros hemos generado una terapia intensiva paralela con pacientes COVID solamente, para separarlos de los pacientes de patolog\u00edas habituales de todo el a\u00f1o. As\u00ed que estamos en un 70% pero eso es muy din\u00e1mico, dependiendo de la evoluci\u00f3n del paciente\u201d<\/em>.<\/p>\n<p>Compartimos la entrevista completa<\/p>\n<p><a href=\"https:\/\/archive.org\/details\/audio-javier-melis-hospital-abete-01-07-2020\">Descargar<\/a><\/p>\n<p>&nbsp;<\/p>\n<audio class=\"wp-audio-shortcode\" id=\"audio-2208-2\" preload=\"none\" style=\"width: 100%;\" controls=\"controls\"><source type=\"audio\/mpeg\" src=\"https:\/\/archive.org\/download\/audio-javier-melis-hospital-abete-01-07-2020\/AUDIO%20-%20JAVIER%20MELIS%20%28HOSPITAL%20ABETE%29%2001%2007%202020.mp3?_=2\" \/><a href=\"https:\/\/archive.org\/download\/audio-javier-melis-hospital-abete-01-07-2020\/AUDIO%20-%20JAVIER%20MELIS%20%28HOSPITAL%20ABETE%29%2001%2007%202020.mp3\">https:\/\/archive.org\/download\/audio-javier-melis-hospital-abete-01-07-2020\/AUDIO%20-%20JAVIER%20MELIS%20%28HOSPITAL%20ABETE%29%2001%2007%202020.mp3<\/a><\/audio>\n<div class=\"powerpress_player\" id=\"powerpress_player_8832\"><audio class=\"wp-audio-shortcode\" id=\"audio-2208-1\" preload=\"none\" style=\"width: 100%;\" controls=\"controls\"><source type=\"audio\/mpeg\" src=\"https:\/\/archive.org\/download\/audio-javier-melis-hospital-abete-01-07-2020\/AUDIO%20-%20JAVIER%20MELIS%20%28HOSPITAL%20ABETE%29%2001%2007%202020.mp3?_=1\" \/><a href=\"https:\/\/archive.org\/download\/audio-javier-melis-hospital-abete-01-07-2020\/AUDIO%20-%20JAVIER%20MELIS%20%28HOSPITAL%20ABETE%29%2001%2007%202020.mp3\">https:\/\/archive.org\/download\/audio-javier-melis-hospital-abete-01-07-2020\/AUDIO%20-%20JAVIER%20MELIS%20%28HOSPITAL%20ABETE%29%2001%2007%202020.mp3<\/a><\/audio><\/div><p class=\"powerpress_links powerpress_links_mp3\" style=\"margin-bottom: 1px !important;\">Podcast: <a href=\"https:\/\/archive.org\/download\/audio-javier-melis-hospital-abete-01-07-2020\/AUDIO%20-%20JAVIER%20MELIS%20%28HOSPITAL%20ABETE%29%2001%2007%202020.mp3\" class=\"powerpress_link_pinw\" target=\"_blank\" title=\"Reproducir en una nueva ventana\" onclick=\"return powerpress_pinw('https:\/\/fmtinkunaco.ar\/?powerpress_pinw=2208-podcast');\" rel=\"nofollow\">Reproducir en una nueva ventana<\/a> | <a href=\"https:\/\/archive.org\/download\/audio-javier-melis-hospital-abete-01-07-2020\/AUDIO%20-%20JAVIER%20MELIS%20%28HOSPITAL%20ABETE%29%2001%2007%202020.mp3\" class=\"powerpress_link_d\" title=\"Descargar\" rel=\"nofollow\" download=\"AUDIO%20-%20JAVIER%20MELIS%20%28HOSPITAL%20ABETE%29%2001%2007%202020.mp3\">Descargar<\/a><\/p>","protected":false},"excerpt":{"rendered":"<p>El Hospital Municipal de Trauma y Emergencias Dr. Federico Abete de Malvinas Argentinas, es uno de los hospitales con un sector especifico de terapia intensiva para pacientes con covid y uno de los primeros en aplicar el tratamiento de transfusi\u00f3n de plasma convaleciente. En di\u00e1logo con el programa radial \u201cEncuentro con las Noticias\u201d, Javier Melis, [&hellip;]<\/p>\n","protected":false},"author":1,"featured_media":2210,"comment_status":"open","ping_status":"open","sticky":false,"template":"","format":"standard","meta":{"footnotes":""},"categories":[7],"tags":[135,138,247,294,484],"class_list":["post-2208","post","type-post","status-publish","format-standard","has-post-thumbnail","hentry","category-salud","tag-coronavirus","tag-covid-19","tag-hospital-municipal-de-trauma-y-emergencias-dr-federico-abete","tag-malvinas-argentinas","tag-trabajadorxs-de-la-salud"],"_links":{"self":[{"href":"https:\/\/fmtinkunaco.ar\/index.php?rest_route=\/wp\/v2\/posts\/2208","targetHints":{"allow":["GET"]}}],"collection":[{"href":"https:\/\/fmtinkunaco.ar\/index.php?rest_route=\/wp\/v2\/posts"}],"about":[{"href":"https:\/\/fmtinkunaco.ar\/index.php?rest_route=\/wp\/v2\/types\/post"}],"author":[{"embeddable":true,"href":"https:\/\/fmtinkunaco.ar\/index.php?rest_route=\/wp\/v2\/users\/1"}],"replies":[{"embeddable":true,"href":"https:\/\/fmtinkunaco.ar\/index.php?rest_route=%2Fwp%2Fv2%2Fcomments&post=2208"}],"version-history":[{"count":0,"href":"https:\/\/fmtinkunaco.ar\/index.php?rest_route=\/wp\/v2\/posts\/2208\/revisions"}],"wp:featuredmedia":[{"embeddable":true,"href":"https:\/\/fmtinkunaco.ar\/index.php?rest_route=\/"}],"wp:attachment":[{"href":"https:\/\/fmtinkunaco.ar\/index.php?rest_route=%2Fwp%2Fv2%2Fmedia&parent=2208"}],"wp:term":[{"taxonomy":"category","embeddable":true,"href":"https:\/\/fmtinkunaco.ar\/index.php?rest_route=%2Fwp%2Fv2%2Fcategories&post=2208"},{"taxonomy":"post_tag","embeddable":true,"href":"https:\/\/fmtinkunaco.ar\/index.php?rest_route=%2Fwp%2Fv2%2Ftags&post=2208"}],"curies":[{"name":"wp","href":"https:\/\/api.w.org\/{rel}","templated":true}]}}