{"id":2224,"date":"2020-07-08T10:32:47","date_gmt":"2020-07-08T13:32:47","guid":{"rendered":"http:\/\/fmtinkunaco.com.ar\/?p=2224"},"modified":"2020-07-08T10:32:47","modified_gmt":"2020-07-08T13:32:47","slug":"jose-c-paz-la-escuela-madre-teresa-pide-ayuda-del-estado","status":"publish","type":"post","link":"https:\/\/fmtinkunaco.ar\/?p=2224","title":{"rendered":"Jos\u00e9. C. Paz: La Escuela Madre Teresa pide ayuda del Estado"},"content":{"rendered":"<p>La Escuela Madre Teresa, est\u00e1 ubicada en barrio La Paz, Municipio de Jos\u00e9. C. Paz y en los \u00faltimos d\u00edas su comunidad se encuentra visibilizando la situaci\u00f3n econ\u00f3mica critica en la que se encuentra a ra\u00edz de la pandemia.<\/p>\n<p>La instituci\u00f3n no tiene subvenci\u00f3n del Estado, por lo que el \u00fanico ingreso se debe al pago de las cuotas por parte de las familias, pag\u00f3 que ha disminuido a ra\u00edz de la crisis econ\u00f3mica.<\/p>\n<p>En di\u00e1logo con el programa radial \u201cEncuentro con las Noticias\u201d, Mat\u00edas Freire, Director del establecimiento, describi\u00f3 la problem\u00e1tica, <em>\u201cLa problem\u00e1tica en s\u00ed es que nosotros al no tener una subvenci\u00f3n del Estado, la escuela se mantiene solamente con el aporte de las cuotas mensuales que abonan los padres. Y lamentablemente con esta pandemia\u00a0 y con esta situaci\u00f3n econ\u00f3mica que estamos viviendo todos, obviamente que las familias han dejado en gran n\u00famero de pagar la cuota y esto nos est\u00e1 poniendo en una situaci\u00f3n l\u00edmite con respecto a lo econ\u00f3mico\u201d<\/em>.<\/p>\n<p>La escuela cuenta con 22 trabajadores y trabajadoras, tiene nivel inicial y primario y 500 alumnos asisten a la instituci\u00f3n educativa.<\/p>\n<p>Freire, adem\u00e1s, explic\u00f3 que s\u00ed bien la situaci\u00f3n es muy complicada, la intenci\u00f3n de visibilizar es poder llegar a encontrar una soluci\u00f3n, \u00a0<em>\u201cLa realidad es que uno va a intentar por todos los medios, tanto desde la Direcci\u00f3n como desde los docentes, como de las familias, que esto no suceda. La idea es visibilizar la situaci\u00f3n para intentar llegar a alg\u00fan poder que nos ayude en esta petici\u00f3n. Y obviamente que nosotros lo que queremos es continuar, defender la fuente de trabajo y obviamente la educaci\u00f3n para los chicos en este barrio. Es dif\u00edcil la situaci\u00f3n pero nosotros estamos haciendo todo lo posible para continuar\u201d<\/em>.<\/p>\n<p>Finalmente, Mat\u00edas Freire, explic\u00f3 las diferentes acciones que realizaron, <em>\u201cHace 20 d\u00edas, aproximadamente, que arrancamos con esta situaci\u00f3n de visibilizar nuestro problema porque est\u00e1bamos muy mal y tuvimos la suerte de que todo lo que hemos hecho desde la escuela y desde las familias, nos permitieron comunicaciones \u00a0tanto con gobernantes municipales, provinciales y nacionales. Obviamente que estamos charlando, que es una situaci\u00f3n dif\u00edcil del pa\u00eds a nivel naci\u00f3n y a nivel provincia pero estamos charlando con funcionarios para ver si podemos solucionar la situaci\u00f3n\u201d<\/em>.<\/p>\n<p>La comunidad de la Escuela Madre Teresa, se encuentra a la espera de prontas\u00a0 respuestas por parte de las autoridades.<\/p>\n<p>Compartimos entrevista completa<\/p>\n<p><a href=\"https:\/\/archive.org\/details\/audio-matias-freire-esc-madre-teresa-08-07-2020\">Descargar<\/a><\/p>\n<audio class=\"wp-audio-shortcode\" id=\"audio-2224-2\" preload=\"none\" style=\"width: 100%;\" controls=\"controls\"><source type=\"audio\/mpeg\" src=\"https:\/\/archive.org\/download\/audio-matias-freire-esc-madre-teresa-08-07-2020\/AUDIO%20-%20MATIAS%20FREIRE%20%28ESC%20MADRE%20TERESA%29%2008%2007%202020%20.mp3?_=2\" \/><a href=\"https:\/\/archive.org\/download\/audio-matias-freire-esc-madre-teresa-08-07-2020\/AUDIO%20-%20MATIAS%20FREIRE%20%28ESC%20MADRE%20TERESA%29%2008%2007%202020%20.mp3\">https:\/\/archive.org\/download\/audio-matias-freire-esc-madre-teresa-08-07-2020\/AUDIO%20-%20MATIAS%20FREIRE%20%28ESC%20MADRE%20TERESA%29%2008%2007%202020%20.mp3<\/a><\/audio>\n<div class=\"powerpress_player\" id=\"powerpress_player_4489\"><audio class=\"wp-audio-shortcode\" id=\"audio-2224-1\" preload=\"none\" style=\"width: 100%;\" controls=\"controls\"><source type=\"audio\/mpeg\" src=\"https:\/\/archive.org\/download\/audio-matias-freire-esc-madre-teresa-08-07-2020\/AUDIO%20-%20MATIAS%20FREIRE%20%28ESC%20MADRE%20TERESA%29%2008%2007%202020%20.mp3?_=1\" \/><a href=\"https:\/\/archive.org\/download\/audio-matias-freire-esc-madre-teresa-08-07-2020\/AUDIO%20-%20MATIAS%20FREIRE%20%28ESC%20MADRE%20TERESA%29%2008%2007%202020%20.mp3\">https:\/\/archive.org\/download\/audio-matias-freire-esc-madre-teresa-08-07-2020\/AUDIO%20-%20MATIAS%20FREIRE%20%28ESC%20MADRE%20TERESA%29%2008%2007%202020%20.mp3<\/a><\/audio><\/div><p class=\"powerpress_links powerpress_links_mp3\" style=\"margin-bottom: 1px !important;\">Podcast: <a href=\"https:\/\/archive.org\/download\/audio-matias-freire-esc-madre-teresa-08-07-2020\/AUDIO%20-%20MATIAS%20FREIRE%20%28ESC%20MADRE%20TERESA%29%2008%2007%202020%20.mp3\" class=\"powerpress_link_pinw\" target=\"_blank\" title=\"Reproducir en una nueva ventana\" onclick=\"return powerpress_pinw('https:\/\/fmtinkunaco.ar\/?powerpress_pinw=2224-podcast');\" rel=\"nofollow\">Reproducir en una nueva ventana<\/a> | <a href=\"https:\/\/archive.org\/download\/audio-matias-freire-esc-madre-teresa-08-07-2020\/AUDIO%20-%20MATIAS%20FREIRE%20%28ESC%20MADRE%20TERESA%29%2008%2007%202020%20.mp3\" class=\"powerpress_link_d\" title=\"Descargar\" rel=\"nofollow\" download=\"AUDIO%20-%20MATIAS%20FREIRE%20%28ESC%20MADRE%20TERESA%29%2008%2007%202020%20.mp3\">Descargar<\/a><\/p>","protected":false},"excerpt":{"rendered":"<p>La Escuela Madre Teresa, est\u00e1 ubicada en barrio La Paz, Municipio de Jos\u00e9. C. Paz y en los \u00faltimos d\u00edas su comunidad se encuentra visibilizando la situaci\u00f3n econ\u00f3mica critica en la que se encuentra a ra\u00edz de la pandemia. La instituci\u00f3n no tiene subvenci\u00f3n del Estado, por lo que el \u00fanico ingreso se debe al [&hellip;]<\/p>\n","protected":false},"author":1,"featured_media":2225,"comment_status":"open","ping_status":"open","sticky":false,"template":"","format":"standard","meta":{"footnotes":""},"categories":[7],"tags":[190,307,337],"class_list":["post-2224","post","type-post","status-publish","format-standard","has-post-thumbnail","hentry","category-salud","tag-escuela-madre-teresa","tag-matias-freire","tag-municipio-de-jose-c-paz"],"_links":{"self":[{"href":"https:\/\/fmtinkunaco.ar\/index.php?rest_route=\/wp\/v2\/posts\/2224","targetHints":{"allow":["GET"]}}],"collection":[{"href":"https:\/\/fmtinkunaco.ar\/index.php?rest_route=\/wp\/v2\/posts"}],"about":[{"href":"https:\/\/fmtinkunaco.ar\/index.php?rest_route=\/wp\/v2\/types\/post"}],"author":[{"embeddable":true,"href":"https:\/\/fmtinkunaco.ar\/index.php?rest_route=\/wp\/v2\/users\/1"}],"replies":[{"embeddable":true,"href":"https:\/\/fmtinkunaco.ar\/index.php?rest_route=%2Fwp%2Fv2%2Fcomments&post=2224"}],"version-history":[{"count":0,"href":"https:\/\/fmtinkunaco.ar\/index.php?rest_route=\/wp\/v2\/posts\/2224\/revisions"}],"wp:featuredmedia":[{"embeddable":true,"href":"https:\/\/fmtinkunaco.ar\/index.php?rest_route=\/"}],"wp:attachment":[{"href":"https:\/\/fmtinkunaco.ar\/index.php?rest_route=%2Fwp%2Fv2%2Fmedia&parent=2224"}],"wp:term":[{"taxonomy":"category","embeddable":true,"href":"https:\/\/fmtinkunaco.ar\/index.php?rest_route=%2Fwp%2Fv2%2Fcategories&post=2224"},{"taxonomy":"post_tag","embeddable":true,"href":"https:\/\/fmtinkunaco.ar\/index.php?rest_route=%2Fwp%2Fv2%2Ftags&post=2224"}],"curies":[{"name":"wp","href":"https:\/\/api.w.org\/{rel}","templated":true}]}}