{"id":2228,"date":"2020-07-13T11:13:31","date_gmt":"2020-07-13T14:13:31","guid":{"rendered":"http:\/\/fmtinkunaco.com.ar\/?p=2228"},"modified":"2020-07-13T11:13:31","modified_gmt":"2020-07-13T14:13:31","slug":"jose-c-paz-la-direccion-de-rentas-con-un-caso-positivo-de-covid-y-sin-hisopado-ni-aislamiento-de-sus-trabajadores","status":"publish","type":"post","link":"https:\/\/fmtinkunaco.ar\/?p=2228","title":{"rendered":"Jos\u00e9. C. Paz: La Direcci\u00f3n de Rentas con un caso positivo de COVID, y sin hisopado ni aislamiento de sus trabajadores"},"content":{"rendered":"<p>En el d\u00eda ayer, domingo 12 de julio, por la noche, trabajadores y trabajadoras de la Direcci\u00f3n de Rentas del partido de Jos\u00e9. C. Paz tomaban conocimiento de un caso positivo de COVID 19 dentro de su \u00e1rea. A pesar de esta situaci\u00f3n, las principales autoridades exigen que el espacio se mantenga en funcionamiento y los\u00a0 trabajadores contin\u00faen asistiendo a sus puestos de atenci\u00f3n, sin realizarles el hisopado de protocolo en estos casos.<\/p>\n<p>En di\u00e1logo con el programa radial \u201cEncuentro con las Noticias\u201d, una de las trabajadoras de la Direcci\u00f3n de Rentas, se refiri\u00f3 a esta situaci\u00f3n, <em>\u201cAnoche, doce menos diez de la noche nos llega el informe de que tenemos un compa\u00f1ero en el sector\u00a0 que dio COVID positivo y no es suficiente eso parece para que cierren el sector y nos hacen ir a trabajar igual. (\u2026) Tengo entendido que este compa\u00f1ero hace ya 10 d\u00edas que no iba a trabajar, no s\u00e9 cuando le habr\u00e1n echo el hisopado pero a nosotros nos informaron anoche y hasta donde tengo entendido nuestra jefa de rentas ya viene exigiendo hace rato que no tenemos que ir, sobre todo ahora que estamos en fase 1 pero aun as\u00ed la orden de las autoridades superiores a ella, exigen que vayamos\u201d<\/em>.<\/p>\n<p>Los trabajadores y trabajadores, reconocen que la Jefa de la Direcci\u00f3n solicit\u00f3, desde mucho antes de la presentaci\u00f3n de este caso positivos, que se pudieran realizar los trabajos desde sus casas pero las autoridades entre ellos las de la Secretar\u00eda de Hacienda exigi\u00f3 que contin\u00faen yendo a trabajar.<\/p>\n<p>Adem\u00e1s, la trabajadora, explic\u00f3 que si bien dentro del espacio de atenci\u00f3n se pude mantener la distancia, hay lugares que se comparten y que son propensos a ser focos de contagio, <em>\u201cAh\u00ed en el sal\u00f3n donde atendemos, quiz\u00e1s podemos mantener la distancia entre nosotros como compa\u00f1eros pero el ba\u00f1o que compartimos es uno solo, el lugar donde vamos a buscar agua para tomar un t\u00e9 o un mate, es uno solo, es decir tal vez ah\u00ed sentados atendiendo al p\u00fablico no tenemos contacto pero inevitablemente hay un lugar donde \u00a0se puede contagiar, donde podemos transmitirnos el virus. Porque aparte digo yo, este compa\u00f1ero no va hace 10 d\u00edas pero eso no quiere decir que no haya contagiado a alguien m\u00e1s o el no se haya contagiado de alguien m\u00e1s que est\u00e1 yendo a trabajar\u201d.<\/em><\/p>\n<p>Los trabajadores y trabajadoras, prev\u00e9n la realizaci\u00f3n de una nota firmada para presentar a las autoridades exigiendo el aislamiento y la posibilidad de realizar tele trabajo.<\/p>\n<p>&nbsp;<\/p>\n","protected":false},"excerpt":{"rendered":"<p>En el d\u00eda ayer, domingo 12 de julio, por la noche, trabajadores y trabajadoras de la Direcci\u00f3n de Rentas del partido de Jos\u00e9. C. Paz tomaban conocimiento de un caso positivo de COVID 19 dentro de su \u00e1rea. A pesar de esta situaci\u00f3n, las principales autoridades exigen que el espacio se mantenga en funcionamiento y [&hellip;]<\/p>\n","protected":false},"author":1,"featured_media":2229,"comment_status":"open","ping_status":"open","sticky":false,"template":"","format":"standard","meta":{"footnotes":""},"categories":[4,7],"tags":[135,138,166,337],"class_list":["post-2228","post","type-post","status-publish","format-standard","has-post-thumbnail","hentry","category-derechos-humanos","category-salud","tag-coronavirus","tag-covid-19","tag-direccion-de-rentas","tag-municipio-de-jose-c-paz"],"_links":{"self":[{"href":"https:\/\/fmtinkunaco.ar\/index.php?rest_route=\/wp\/v2\/posts\/2228","targetHints":{"allow":["GET"]}}],"collection":[{"href":"https:\/\/fmtinkunaco.ar\/index.php?rest_route=\/wp\/v2\/posts"}],"about":[{"href":"https:\/\/fmtinkunaco.ar\/index.php?rest_route=\/wp\/v2\/types\/post"}],"author":[{"embeddable":true,"href":"https:\/\/fmtinkunaco.ar\/index.php?rest_route=\/wp\/v2\/users\/1"}],"replies":[{"embeddable":true,"href":"https:\/\/fmtinkunaco.ar\/index.php?rest_route=%2Fwp%2Fv2%2Fcomments&post=2228"}],"version-history":[{"count":0,"href":"https:\/\/fmtinkunaco.ar\/index.php?rest_route=\/wp\/v2\/posts\/2228\/revisions"}],"wp:featuredmedia":[{"embeddable":true,"href":"https:\/\/fmtinkunaco.ar\/index.php?rest_route=\/"}],"wp:attachment":[{"href":"https:\/\/fmtinkunaco.ar\/index.php?rest_route=%2Fwp%2Fv2%2Fmedia&parent=2228"}],"wp:term":[{"taxonomy":"category","embeddable":true,"href":"https:\/\/fmtinkunaco.ar\/index.php?rest_route=%2Fwp%2Fv2%2Fcategories&post=2228"},{"taxonomy":"post_tag","embeddable":true,"href":"https:\/\/fmtinkunaco.ar\/index.php?rest_route=%2Fwp%2Fv2%2Ftags&post=2228"}],"curies":[{"name":"wp","href":"https:\/\/api.w.org\/{rel}","templated":true}]}}