{"id":2238,"date":"2020-07-15T09:51:32","date_gmt":"2020-07-15T12:51:32","guid":{"rendered":"http:\/\/fmtinkunaco.com.ar\/?p=2238"},"modified":"2020-07-15T09:51:32","modified_gmt":"2020-07-15T12:51:32","slug":"pilar-la-reserva-natural-cumple-17-anos","status":"publish","type":"post","link":"https:\/\/fmtinkunaco.ar\/?p=2238","title":{"rendered":"Pilar: La Reserva Natural cumple 17 a\u00f1os"},"content":{"rendered":"<p>La Reserva Natural del Pilar cumple en agosto 17 a\u00f1os de trabajo por el ambiente y desea festejarlo en comunidad.<\/p>\n<p>A ra\u00edz de la pandemia, y el aislamiento obligatorio, se hace imposible realizar el festejo en la inmediatez como cada a\u00f1o, es decir realizando plantaciones de nativas en los jardines de vecinos, por lo que desde la Reserva invitan a ir prepar\u00e1ndose para el cumplea\u00f1os.<\/p>\n<p>En di\u00e1logo con el programa radial \u201cEncuentro con las Noticias\u201d, Graciela Capodoglio, referente de la Reserva Natural, realiza la invitaci\u00f3n a participar del festejo, <em>\u201cLos invitamos a que cada uno de ustedes hagan lo que quieran, pinten un cart\u00f3n, tallen una madera, borden un pedazo de tela, escriban un cuento y todo eso lo vamos a exponer todo junto, esperamos que con presencia de visitantes en la Reserva de Pilar para poder festejar los 17 a\u00f1os de un proyecto que est\u00e1 pensado para la gente de Pilar pero tambi\u00e9n para todos los vecinos<\/em>\u201d.<\/p>\n<p>Desde la Reserva esperan poder concretar el festejo, en comunidad, en el mes de septiembre.<\/p>\n<p>Compartimos la entrevista completa<\/p>\n<p><a href=\"https:\/\/archive.org\/details\/audio-graciela-capodoglio-reserva-natural-de-pilar\">Descargar<\/a><\/p>\n<audio class=\"wp-audio-shortcode\" id=\"audio-2238-2\" preload=\"none\" style=\"width: 100%;\" controls=\"controls\"><source type=\"audio\/mpeg\" src=\"https:\/\/archive.org\/download\/audio-graciela-capodoglio-reserva-natural-de-pilar\/AUDIO%20-%20GRACIELA%20CAPODOGLIO%20%28RESERVA%20NATURAL%20DE%20PILAR%29.mp3?_=2\" \/><a href=\"https:\/\/archive.org\/download\/audio-graciela-capodoglio-reserva-natural-de-pilar\/AUDIO%20-%20GRACIELA%20CAPODOGLIO%20%28RESERVA%20NATURAL%20DE%20PILAR%29.mp3\">https:\/\/archive.org\/download\/audio-graciela-capodoglio-reserva-natural-de-pilar\/AUDIO%20-%20GRACIELA%20CAPODOGLIO%20%28RESERVA%20NATURAL%20DE%20PILAR%29.mp3<\/a><\/audio>\n<p>&nbsp;<\/p>\n<div class=\"powerpress_player\" id=\"powerpress_player_6891\"><audio class=\"wp-audio-shortcode\" id=\"audio-2238-1\" preload=\"none\" style=\"width: 100%;\" controls=\"controls\"><source type=\"audio\/mpeg\" src=\"https:\/\/archive.org\/download\/audio-graciela-capodoglio-reserva-natural-de-pilar\/AUDIO%20-%20GRACIELA%20CAPODOGLIO%20%28RESERVA%20NATURAL%20DE%20PILAR%29.mp3?_=1\" \/><a href=\"https:\/\/archive.org\/download\/audio-graciela-capodoglio-reserva-natural-de-pilar\/AUDIO%20-%20GRACIELA%20CAPODOGLIO%20%28RESERVA%20NATURAL%20DE%20PILAR%29.mp3\">https:\/\/archive.org\/download\/audio-graciela-capodoglio-reserva-natural-de-pilar\/AUDIO%20-%20GRACIELA%20CAPODOGLIO%20%28RESERVA%20NATURAL%20DE%20PILAR%29.mp3<\/a><\/audio><\/div><p class=\"powerpress_links powerpress_links_mp3\" style=\"margin-bottom: 1px !important;\">Podcast: <a href=\"https:\/\/archive.org\/download\/audio-graciela-capodoglio-reserva-natural-de-pilar\/AUDIO%20-%20GRACIELA%20CAPODOGLIO%20%28RESERVA%20NATURAL%20DE%20PILAR%29.mp3\" class=\"powerpress_link_pinw\" target=\"_blank\" title=\"Reproducir en una nueva ventana\" onclick=\"return powerpress_pinw('https:\/\/fmtinkunaco.ar\/?powerpress_pinw=2238-podcast');\" rel=\"nofollow\">Reproducir en una nueva ventana<\/a> | <a href=\"https:\/\/archive.org\/download\/audio-graciela-capodoglio-reserva-natural-de-pilar\/AUDIO%20-%20GRACIELA%20CAPODOGLIO%20%28RESERVA%20NATURAL%20DE%20PILAR%29.mp3\" class=\"powerpress_link_d\" title=\"Descargar\" rel=\"nofollow\" download=\"AUDIO%20-%20GRACIELA%20CAPODOGLIO%20%28RESERVA%20NATURAL%20DE%20PILAR%29.mp3\">Descargar<\/a><\/p>","protected":false},"excerpt":{"rendered":"<p>La Reserva Natural del Pilar cumple en agosto 17 a\u00f1os de trabajo por el ambiente y desea festejarlo en comunidad. A ra\u00edz de la pandemia, y el aislamiento obligatorio, se hace imposible realizar el festejo en la inmediatez como cada a\u00f1o, es decir realizando plantaciones de nativas en los jardines de vecinos, por lo que [&hellip;]<\/p>\n","protected":false},"author":1,"featured_media":2239,"comment_status":"open","ping_status":"open","sticky":false,"template":"","format":"standard","meta":{"footnotes":""},"categories":[4,9],"tags":[14,340,432],"class_list":["post-2238","post","type-post","status-publish","format-standard","has-post-thumbnail","hentry","category-derechos-humanos","category-sociedad","tag-17-anos","tag-municipio-de-pilar","tag-reserva-natural-del-pilar"],"_links":{"self":[{"href":"https:\/\/fmtinkunaco.ar\/index.php?rest_route=\/wp\/v2\/posts\/2238","targetHints":{"allow":["GET"]}}],"collection":[{"href":"https:\/\/fmtinkunaco.ar\/index.php?rest_route=\/wp\/v2\/posts"}],"about":[{"href":"https:\/\/fmtinkunaco.ar\/index.php?rest_route=\/wp\/v2\/types\/post"}],"author":[{"embeddable":true,"href":"https:\/\/fmtinkunaco.ar\/index.php?rest_route=\/wp\/v2\/users\/1"}],"replies":[{"embeddable":true,"href":"https:\/\/fmtinkunaco.ar\/index.php?rest_route=%2Fwp%2Fv2%2Fcomments&post=2238"}],"version-history":[{"count":0,"href":"https:\/\/fmtinkunaco.ar\/index.php?rest_route=\/wp\/v2\/posts\/2238\/revisions"}],"wp:featuredmedia":[{"embeddable":true,"href":"https:\/\/fmtinkunaco.ar\/index.php?rest_route=\/"}],"wp:attachment":[{"href":"https:\/\/fmtinkunaco.ar\/index.php?rest_route=%2Fwp%2Fv2%2Fmedia&parent=2238"}],"wp:term":[{"taxonomy":"category","embeddable":true,"href":"https:\/\/fmtinkunaco.ar\/index.php?rest_route=%2Fwp%2Fv2%2Fcategories&post=2238"},{"taxonomy":"post_tag","embeddable":true,"href":"https:\/\/fmtinkunaco.ar\/index.php?rest_route=%2Fwp%2Fv2%2Ftags&post=2238"}],"curies":[{"name":"wp","href":"https:\/\/api.w.org\/{rel}","templated":true}]}}