{"id":2245,"date":"2020-07-15T11:19:07","date_gmt":"2020-07-15T14:19:07","guid":{"rendered":"http:\/\/fmtinkunaco.com.ar\/?p=2245"},"modified":"2020-07-15T11:19:07","modified_gmt":"2020-07-15T14:19:07","slug":"la-red-de-instituciones-de-barrio-obligado-se-organiza-frente-a-la-emergencia-alimentaria","status":"publish","type":"post","link":"https:\/\/fmtinkunaco.ar\/?p=2245","title":{"rendered":"La Red de Instituciones de Barrio Obligado se organiza frente a la emergencia alimentaria"},"content":{"rendered":"<p>La Red de Instituciones de Barrio Obligado, San Miguel, se encuentra integrada por escuelas, merenderos, centros comunitarios y centros de salud municipales. Y tiene m\u00e1s de 15 a\u00f1os de trabajo.<\/p>\n<p>En este marco, de aislamiento y emergencia alimentaria, los espacios sociales se encuentran dando respuestas a las necesidades de las familias m\u00e1s vulnerables.<\/p>\n<p>En di\u00e1logo con el programa radial \u201cEncuentro con las Noticias\u201d, Clara Alem\u00e1n, referente del Centro Comunitario Gallo Rojo e integrante de la Red, se refiri\u00f3 al modo de organizaci\u00f3n en este contexto, <em>\u201cEn barrio Obligado existe esta Red de Instituciones desde hace ya un poco m\u00e1s de 15 a\u00f1os y en este momento, desde que empez\u00f3 el aislamiento, entendimos que era como muy importante fortalecer estos lazos y la red y lo pudimos hacer. As\u00ed que fuimos como tomando distintas estrategias, depende el momento y depende como nos agarraba, fuimos improvisando porque obviamente tambi\u00e9n son todas situaciones nuevas, desaf\u00edos nuevos. (\u2026) Cuando arrancamos lo que hicimos fue empezar a difundir los distintos servicios o recursos de las instituciones, y despu\u00e9s pudimos como empezar a armar un recurso propio de la red, juntando donaciones, mercader\u00edas, art\u00edculos de limpieza y armar cajas o bolsones para familias que est\u00e1n en una situaci\u00f3n m\u00e1s vulnerable\u201d<\/em>.<\/p>\n<p>Clara Alem\u00e1n, adem\u00e1s, explic\u00f3 cu\u00e1l es la situaci\u00f3n de las familias de barrio Obligado, <em>\u201cMuchas de las familias depend\u00edan de changas, de trabajos temporarios, de lo que se conoce como econom\u00eda popular, por ah\u00ed de tener un puesto o un carrito en la estaci\u00f3n de trenes o mismo en alguna esquina del barrio. Muchas familias tambi\u00e9n son extranjeras, por ah\u00ed vienen de Paraguay, de Bolivia, de Per\u00fa y no tienen terminados sus tr\u00e1mites de documentaci\u00f3n, entonces eso les impide acceder a por ejemplo a la asignaci\u00f3n universal, al IFE, entonces ah\u00ed si nos encontramos con situaciones de familias que no pueden salir a trabajar, ni changuear y se encuentran en situaci\u00f3n muy limite\u201d<\/em>.<\/p>\n<p>Finalmente, Alem\u00e1n, remarc\u00f3 que desde el municipio las pol\u00edticas p\u00fablicas de acompa\u00f1amiento son absolutamente nulas, <em>\u201cCon nosotros como red no hay de parte de ellos ni un reconocimiento del trabajo que hacemos, y de echo est\u00e1n el centro de salud y las escuelas pero ni siquiera pudieron proveer a esas instituciones de las protecciones personales, para el cuidado del personal, de los trabajadores y trabajadoras. As\u00ed que bueno, en un momento cuando hab\u00edamos empezado a armar los bolsones y las cajas para las emergencias, empezamos como a duplicar el listado para enviar a la municipalidad y eso finalmente cay\u00f3 porque nunca recibimos respuestas de parte de la municipalidad o la respuesta que recibimos fue como muy escasa\u201d<\/em>.<\/p>\n<p>Actualmente, se encuentran pidiendo donaciones de alimentos, productos de limpieza, pa\u00f1ales, abrigo, frazadas y calzado.<\/p>\n<p>Te podes comunicar al 1137009235 (Rosa) o escribir al facebook: Red de instituciones de Barrio Obligado.<\/p>\n<p>Compartimos la entrevista completa<\/p>\n<p><a href=\"https:\/\/archive.org\/details\/audio-clara-aleman-red-de-barrio-obligado-15-07-2020\">Descargar<\/a><\/p>\n<audio class=\"wp-audio-shortcode\" id=\"audio-2245-2\" preload=\"none\" style=\"width: 100%;\" controls=\"controls\"><source type=\"audio\/mpeg\" src=\"https:\/\/archive.org\/download\/audio-clara-aleman-red-de-barrio-obligado-15-07-2020\/AUDIO%20-%20CLARA%20ALEMAN%20%28RED%20DE%20BARRIO%20OBLIGADO%29%2015%2007%202020.mp3?_=2\" \/><a href=\"https:\/\/archive.org\/download\/audio-clara-aleman-red-de-barrio-obligado-15-07-2020\/AUDIO%20-%20CLARA%20ALEMAN%20%28RED%20DE%20BARRIO%20OBLIGADO%29%2015%2007%202020.mp3\">https:\/\/archive.org\/download\/audio-clara-aleman-red-de-barrio-obligado-15-07-2020\/AUDIO%20-%20CLARA%20ALEMAN%20%28RED%20DE%20BARRIO%20OBLIGADO%29%2015%2007%202020.mp3<\/a><\/audio>\n<div class=\"powerpress_player\" id=\"powerpress_player_1298\"><audio class=\"wp-audio-shortcode\" id=\"audio-2245-1\" preload=\"none\" style=\"width: 100%;\" controls=\"controls\"><source type=\"audio\/mpeg\" src=\"https:\/\/archive.org\/download\/audio-clara-aleman-red-de-barrio-obligado-15-07-2020\/AUDIO%20-%20CLARA%20ALEMAN%20%28RED%20DE%20BARRIO%20OBLIGADO%29%2015%2007%202020.mp3?_=1\" \/><a href=\"https:\/\/archive.org\/download\/audio-clara-aleman-red-de-barrio-obligado-15-07-2020\/AUDIO%20-%20CLARA%20ALEMAN%20%28RED%20DE%20BARRIO%20OBLIGADO%29%2015%2007%202020.mp3\">https:\/\/archive.org\/download\/audio-clara-aleman-red-de-barrio-obligado-15-07-2020\/AUDIO%20-%20CLARA%20ALEMAN%20%28RED%20DE%20BARRIO%20OBLIGADO%29%2015%2007%202020.mp3<\/a><\/audio><\/div><p class=\"powerpress_links powerpress_links_mp3\" style=\"margin-bottom: 1px !important;\">Podcast: <a href=\"https:\/\/archive.org\/download\/audio-clara-aleman-red-de-barrio-obligado-15-07-2020\/AUDIO%20-%20CLARA%20ALEMAN%20%28RED%20DE%20BARRIO%20OBLIGADO%29%2015%2007%202020.mp3\" class=\"powerpress_link_pinw\" target=\"_blank\" title=\"Reproducir en una nueva ventana\" onclick=\"return powerpress_pinw('https:\/\/fmtinkunaco.ar\/?powerpress_pinw=2245-podcast');\" rel=\"nofollow\">Reproducir en una nueva ventana<\/a> | <a href=\"https:\/\/archive.org\/download\/audio-clara-aleman-red-de-barrio-obligado-15-07-2020\/AUDIO%20-%20CLARA%20ALEMAN%20%28RED%20DE%20BARRIO%20OBLIGADO%29%2015%2007%202020.mp3\" class=\"powerpress_link_d\" title=\"Descargar\" rel=\"nofollow\" download=\"AUDIO%20-%20CLARA%20ALEMAN%20%28RED%20DE%20BARRIO%20OBLIGADO%29%2015%2007%202020.mp3\">Descargar<\/a><\/p>","protected":false},"excerpt":{"rendered":"<p>La Red de Instituciones de Barrio Obligado, San Miguel, se encuentra integrada por escuelas, merenderos, centros comunitarios y centros de salud municipales. Y tiene m\u00e1s de 15 a\u00f1os de trabajo. En este marco, de aislamiento y emergencia alimentaria, los espacios sociales se encuentran dando respuestas a las necesidades de las familias m\u00e1s vulnerables. En di\u00e1logo [&hellip;]<\/p>\n","protected":false},"author":1,"featured_media":2246,"comment_status":"open","ping_status":"open","sticky":false,"template":"","format":"standard","meta":{"footnotes":""},"categories":[4,9],"tags":[94,183,342,426],"class_list":["post-2245","post","type-post","status-publish","format-standard","has-post-thumbnail","hentry","category-derechos-humanos","category-sociedad","tag-centro-comunitario-gallo-rojo","tag-emergencia-alimentaria","tag-municipio-de-san-miguel","tag-red-de-instituciones-de-barrio-obligado"],"_links":{"self":[{"href":"https:\/\/fmtinkunaco.ar\/index.php?rest_route=\/wp\/v2\/posts\/2245","targetHints":{"allow":["GET"]}}],"collection":[{"href":"https:\/\/fmtinkunaco.ar\/index.php?rest_route=\/wp\/v2\/posts"}],"about":[{"href":"https:\/\/fmtinkunaco.ar\/index.php?rest_route=\/wp\/v2\/types\/post"}],"author":[{"embeddable":true,"href":"https:\/\/fmtinkunaco.ar\/index.php?rest_route=\/wp\/v2\/users\/1"}],"replies":[{"embeddable":true,"href":"https:\/\/fmtinkunaco.ar\/index.php?rest_route=%2Fwp%2Fv2%2Fcomments&post=2245"}],"version-history":[{"count":0,"href":"https:\/\/fmtinkunaco.ar\/index.php?rest_route=\/wp\/v2\/posts\/2245\/revisions"}],"wp:featuredmedia":[{"embeddable":true,"href":"https:\/\/fmtinkunaco.ar\/index.php?rest_route=\/"}],"wp:attachment":[{"href":"https:\/\/fmtinkunaco.ar\/index.php?rest_route=%2Fwp%2Fv2%2Fmedia&parent=2245"}],"wp:term":[{"taxonomy":"category","embeddable":true,"href":"https:\/\/fmtinkunaco.ar\/index.php?rest_route=%2Fwp%2Fv2%2Fcategories&post=2245"},{"taxonomy":"post_tag","embeddable":true,"href":"https:\/\/fmtinkunaco.ar\/index.php?rest_route=%2Fwp%2Fv2%2Ftags&post=2245"}],"curies":[{"name":"wp","href":"https:\/\/api.w.org\/{rel}","templated":true}]}}