{"id":2248,"date":"2020-07-16T11:24:23","date_gmt":"2020-07-16T14:24:23","guid":{"rendered":"http:\/\/fmtinkunaco.com.ar\/?p=2248"},"modified":"2020-07-16T11:24:23","modified_gmt":"2020-07-16T14:24:23","slug":"moreno-el-consejo-de-organizaciones-de-cuartel-v-continua-organizandose-en-el-marco-de-la-emergencia-sanitaria-y-alimentaria","status":"publish","type":"post","link":"https:\/\/fmtinkunaco.ar\/?p=2248","title":{"rendered":"Moreno: El Consejo de Organizaciones de Cuartel V contin\u00faa organiz\u00e1ndose en el marco de la emergencia sanitaria y alimentaria."},"content":{"rendered":"<p>El Consejo de Organizaciones, conformado por m\u00e1s de 35 organizaciones, con trabajo en el territorio de m\u00e1s de 5 a\u00f1os se encuentra actualmente respondiendo a las necesidades de las familias m\u00e1s vulneradas por el contexto econ\u00f3mico y la imposibilidad de trabajar por el aislamiento obligatorio y preventivo.<\/p>\n<p>En di\u00e1logo con el programa radial \u201cEncuentro con las Noticias\u201d, Silvia Ebis, referente del Consejo de Organizaciones de Cuartel V, se refiri\u00f3 al modo de organizaci\u00f3n en este contexto, <em>\u201cTodos los viernes nosotros como Consejo nos juntamos, analizamos la situaci\u00f3n para encontrar nuevos caminos y nuestra presencia, generalmente fuerte, tiene que ver por lo menos como objetivo nuestro es tratar de incidir en las acciones estatales y organizarnos colectivamente; de hecho son nuestros dos grandes objetivos. Nuestra organizaci\u00f3n tambi\u00e9n la hacemos con lo que tenemos y estamos buscando fondos por todos lados como para acompa\u00f1ar porque no alcanza lo que el Estado est\u00e1 poniendo\u201d<\/em>.<\/p>\n<p>Adem\u00e1s, Ebis, describi\u00f3 que una de las acciones del Consejo es el armado de bolsones alimentarios, <em>\u201cUna de las cosas que hicimos fue organizar bolsones de mercader\u00edas para las familias, con productos no solamente secos sino tambi\u00e9n con pollo, carne, verduras para mejorar la capacidad nutricional y la ultima cuenta que hicimos es que un bols\u00f3n para una familia de cuatro, cinco personas sale alrededor de $1200, $1300 pesos, por lo menos el que armamos nosotros y estamos por organizar una campa\u00f1a para ver si alguno quiere sumarse en aportar bolsones porque es lo que estamos haciendo llegar a las familias que no pueden salir, ni ir a buscar comida a los comedores ni a las ollas\u201d<\/em>.<\/p>\n<p>Finalmente, Silvia Ebis, remarc\u00f3 la importancia del cuidado de la comunidad. Se estima que actualmente hay m\u00e1s de 100 contagios por COVID 19 en Cuartel V, y frente a esto, desde el Consejo estimulan la empat\u00eda y el acompa\u00f1amiento por el vecino y la vecina, promulgando y accionando el acompa\u00f1amiento con estas familias,<em> \u201cEs s\u00faper importante porque si no nos ganas quienes viven de desarticular y de generar el miedo, que generalmente son aquellos que est\u00e1n detr\u00e1s de la transa y tratando de desarmar los territorios para poder crecer. Yo creo que eso lo tenemos que tambi\u00e9n entender como ciudadanos y como sociedad. En la medida que no nos juntemos a hacer cuestiones positivas para crecer todos juntos hay alguien que va a desarticular para crecer y para hacer cuestiones que no nos hacen bien como personas ni como ciudadanos pero es un aprendizaje que estamos haciendo muy fuerte y r\u00e1pido. Aprendizaje que yo siempre digo que no es nuevo, es como recuperar los saberes que ya tenemos y ser cada vez m\u00e1s creativos\u201d<\/em>.<\/p>\n<p>Compartimos la entrevista completa<\/p>\n<p><a href=\"https:\/\/archive.org\/details\/audio-silvia-ebis-17-07-2020\">Descargar<\/a><\/p>\n<p>&nbsp;<\/p>\n<audio class=\"wp-audio-shortcode\" id=\"audio-2248-2\" preload=\"none\" style=\"width: 100%;\" controls=\"controls\"><source type=\"audio\/mpeg\" src=\"https:\/\/archive.org\/download\/audio-silvia-ebis-17-07-2020\/AUDIO%20-%20SILVIA%20EBIS%2017%2007%202020.mp3?_=2\" \/><a href=\"https:\/\/archive.org\/download\/audio-silvia-ebis-17-07-2020\/AUDIO%20-%20SILVIA%20EBIS%2017%2007%202020.mp3\">https:\/\/archive.org\/download\/audio-silvia-ebis-17-07-2020\/AUDIO%20-%20SILVIA%20EBIS%2017%2007%202020.mp3<\/a><\/audio>\n<div class=\"powerpress_player\" id=\"powerpress_player_5350\"><audio class=\"wp-audio-shortcode\" id=\"audio-2248-1\" preload=\"none\" style=\"width: 100%;\" controls=\"controls\"><source type=\"audio\/mpeg\" src=\"https:\/\/archive.org\/download\/audio-silvia-ebis-17-07-2020\/AUDIO%20-%20SILVIA%20EBIS%2017%2007%202020.mp3?_=1\" \/><a href=\"https:\/\/archive.org\/download\/audio-silvia-ebis-17-07-2020\/AUDIO%20-%20SILVIA%20EBIS%2017%2007%202020.mp3\">https:\/\/archive.org\/download\/audio-silvia-ebis-17-07-2020\/AUDIO%20-%20SILVIA%20EBIS%2017%2007%202020.mp3<\/a><\/audio><\/div><p class=\"powerpress_links powerpress_links_mp3\" style=\"margin-bottom: 1px !important;\">Podcast: <a href=\"https:\/\/archive.org\/download\/audio-silvia-ebis-17-07-2020\/AUDIO%20-%20SILVIA%20EBIS%2017%2007%202020.mp3\" class=\"powerpress_link_pinw\" target=\"_blank\" title=\"Reproducir en una nueva ventana\" onclick=\"return powerpress_pinw('https:\/\/fmtinkunaco.ar\/?powerpress_pinw=2248-podcast');\" rel=\"nofollow\">Reproducir en una nueva ventana<\/a> | <a href=\"https:\/\/archive.org\/download\/audio-silvia-ebis-17-07-2020\/AUDIO%20-%20SILVIA%20EBIS%2017%2007%202020.mp3\" class=\"powerpress_link_d\" title=\"Descargar\" rel=\"nofollow\" download=\"AUDIO%20-%20SILVIA%20EBIS%2017%2007%202020.mp3\">Descargar<\/a><\/p>","protected":false},"excerpt":{"rendered":"<p>El Consejo de Organizaciones, conformado por m\u00e1s de 35 organizaciones, con trabajo en el territorio de m\u00e1s de 5 a\u00f1os se encuentra actualmente respondiendo a las necesidades de las familias m\u00e1s vulneradas por el contexto econ\u00f3mico y la imposibilidad de trabajar por el aislamiento obligatorio y preventivo. En di\u00e1logo con el programa radial \u201cEncuentro con [&hellip;]<\/p>\n","protected":false},"author":1,"featured_media":2249,"comment_status":"open","ping_status":"open","sticky":false,"template":"","format":"standard","meta":{"footnotes":""},"categories":[4,9],"tags":[125,183,185,339],"class_list":["post-2248","post","type-post","status-publish","format-standard","has-post-thumbnail","hentry","category-derechos-humanos","category-sociedad","tag-consejo-de-organizaciones-cuartel-v","tag-emergencia-alimentaria","tag-emergencia-sanitaria","tag-municipio-de-moreno"],"_links":{"self":[{"href":"https:\/\/fmtinkunaco.ar\/index.php?rest_route=\/wp\/v2\/posts\/2248","targetHints":{"allow":["GET"]}}],"collection":[{"href":"https:\/\/fmtinkunaco.ar\/index.php?rest_route=\/wp\/v2\/posts"}],"about":[{"href":"https:\/\/fmtinkunaco.ar\/index.php?rest_route=\/wp\/v2\/types\/post"}],"author":[{"embeddable":true,"href":"https:\/\/fmtinkunaco.ar\/index.php?rest_route=\/wp\/v2\/users\/1"}],"replies":[{"embeddable":true,"href":"https:\/\/fmtinkunaco.ar\/index.php?rest_route=%2Fwp%2Fv2%2Fcomments&post=2248"}],"version-history":[{"count":0,"href":"https:\/\/fmtinkunaco.ar\/index.php?rest_route=\/wp\/v2\/posts\/2248\/revisions"}],"wp:featuredmedia":[{"embeddable":true,"href":"https:\/\/fmtinkunaco.ar\/index.php?rest_route=\/"}],"wp:attachment":[{"href":"https:\/\/fmtinkunaco.ar\/index.php?rest_route=%2Fwp%2Fv2%2Fmedia&parent=2248"}],"wp:term":[{"taxonomy":"category","embeddable":true,"href":"https:\/\/fmtinkunaco.ar\/index.php?rest_route=%2Fwp%2Fv2%2Fcategories&post=2248"},{"taxonomy":"post_tag","embeddable":true,"href":"https:\/\/fmtinkunaco.ar\/index.php?rest_route=%2Fwp%2Fv2%2Ftags&post=2248"}],"curies":[{"name":"wp","href":"https:\/\/api.w.org\/{rel}","templated":true}]}}