{"id":2251,"date":"2020-07-16T12:18:37","date_gmt":"2020-07-16T15:18:37","guid":{"rendered":"http:\/\/fmtinkunaco.com.ar\/?p=2251"},"modified":"2020-07-16T12:18:37","modified_gmt":"2020-07-16T15:18:37","slug":"la-orquesta-municipal-de-jose-c-paz-transmitira-conciertos-para-ninos-y-ninas-en-las-vacaciones-de-invierno","status":"publish","type":"post","link":"https:\/\/fmtinkunaco.ar\/?p=2251","title":{"rendered":"La Orquesta Municipal de Jos\u00e9. C. Paz transmitir\u00e1 conciertos para ni\u00f1os y ni\u00f1as en las vacaciones de invierno"},"content":{"rendered":"<p>La Orquesta Municipal de Jos\u00e9. C. Paz, se caracteriza por la llegada a los barrios del municipio y por la presentaci\u00f3n en diferentes espacios culturales y sociales.<\/p>\n<p>Y en los \u00faltimos a\u00f1os, ha realizado en cada receso invernal, presentaciones en espacios p\u00fablicos, apuntadas a los ni\u00f1os, ni\u00f1as y adolescentes.<\/p>\n<p>En este marco de aislamiento social, preventivo y obligatorio, es imposible el encuentro en lugares p\u00fablicos y por lo tanto sus presentaciones, por lo que desde la Orquesta se encuentran impulsando la propuesta de conciertos a trav\u00e9s de sus redes sociales, los dos s\u00e1bados de las vacaciones de invierno.<\/p>\n<p>En di\u00e1logo con el programa radial \u201cEncuentro con las Noticias\u201d, Clara Parodi, Directora de la Orquesta Municipal de Jos\u00e9. C. Paz, se refiri\u00f3 a esta iniciativa,<em> \u201cComo Orquesta pensando y repensando como acompa\u00f1ar estas vacaciones distintas de las familias y reeditamos material que ten\u00edamos del a\u00f1o pasado y del anterior, justamente que hicimos para las vacaciones, y los vamos a estar transmitiendo en vivo\u201d<\/em>.<\/p>\n<p>En principio, la idea es transmitirlo a trav\u00e9s de su canal de Youtube y redes sociales, pero posteriormente y entendiendo que muchos barrios del municipio no tienen la disponibilidad de una conexi\u00f3n a internet, se prev\u00e9 compartir el material en las radios del territorio, para que la reedici\u00f3n de sus conciertos pueda llegar a mas personas y la conexi\u00f3n a internet no sea una limitaci\u00f3n.<\/p>\n<p>La primera transmisi\u00f3n se realizar\u00eda el primer s\u00e1bado de las vacaciones, con el concierto \u201cM\u00fasica de Pel\u00edculas\u201d, y el segundo s\u00e1bado se transmitir\u00e1 \u201cPedro y el Lobo\u201d.<\/p>\n<p>Compartimos la entrevista completa<\/p>\n<p><a href=\"https:\/\/archive.org\/details\/audio-clara-parodi-16-07-2020\">Descargar<\/a><\/p>\n<audio class=\"wp-audio-shortcode\" id=\"audio-2251-2\" preload=\"none\" style=\"width: 100%;\" controls=\"controls\"><source type=\"audio\/mpeg\" src=\"https:\/\/archive.org\/download\/audio-clara-parodi-16-07-2020\/AUDIO%20-%20CLARA%20PARODI%2016%2007%202020.mp3?_=2\" \/><a href=\"https:\/\/archive.org\/download\/audio-clara-parodi-16-07-2020\/AUDIO%20-%20CLARA%20PARODI%2016%2007%202020.mp3\">https:\/\/archive.org\/download\/audio-clara-parodi-16-07-2020\/AUDIO%20-%20CLARA%20PARODI%2016%2007%202020.mp3<\/a><\/audio>\n<p>&nbsp;<\/p>\n<div class=\"powerpress_player\" id=\"powerpress_player_9430\"><audio class=\"wp-audio-shortcode\" id=\"audio-2251-1\" preload=\"none\" style=\"width: 100%;\" controls=\"controls\"><source type=\"audio\/mpeg\" src=\"https:\/\/archive.org\/download\/audio-clara-parodi-16-07-2020\/AUDIO%20-%20CLARA%20PARODI%2016%2007%202020.mp3?_=1\" \/><a href=\"https:\/\/archive.org\/download\/audio-clara-parodi-16-07-2020\/AUDIO%20-%20CLARA%20PARODI%2016%2007%202020.mp3\">https:\/\/archive.org\/download\/audio-clara-parodi-16-07-2020\/AUDIO%20-%20CLARA%20PARODI%2016%2007%202020.mp3<\/a><\/audio><\/div><p class=\"powerpress_links powerpress_links_mp3\" style=\"margin-bottom: 1px !important;\">Podcast: <a href=\"https:\/\/archive.org\/download\/audio-clara-parodi-16-07-2020\/AUDIO%20-%20CLARA%20PARODI%2016%2007%202020.mp3\" class=\"powerpress_link_pinw\" target=\"_blank\" title=\"Reproducir en una nueva ventana\" onclick=\"return powerpress_pinw('https:\/\/fmtinkunaco.ar\/?powerpress_pinw=2251-podcast');\" rel=\"nofollow\">Reproducir en una nueva ventana<\/a> | <a href=\"https:\/\/archive.org\/download\/audio-clara-parodi-16-07-2020\/AUDIO%20-%20CLARA%20PARODI%2016%2007%202020.mp3\" class=\"powerpress_link_d\" title=\"Descargar\" rel=\"nofollow\" download=\"AUDIO%20-%20CLARA%20PARODI%2016%2007%202020.mp3\">Descargar<\/a><\/p>","protected":false},"excerpt":{"rendered":"<p>La Orquesta Municipal de Jos\u00e9. C. Paz, se caracteriza por la llegada a los barrios del municipio y por la presentaci\u00f3n en diferentes espacios culturales y sociales. Y en los \u00faltimos a\u00f1os, ha realizado en cada receso invernal, presentaciones en espacios p\u00fablicos, apuntadas a los ni\u00f1os, ni\u00f1as y adolescentes. En este marco de aislamiento social, [&hellip;]<\/p>\n","protected":false},"author":1,"featured_media":2253,"comment_status":"open","ping_status":"open","sticky":false,"template":"","format":"standard","meta":{"footnotes":""},"categories":[3,4],"tags":[337,368,424,508],"class_list":["post-2251","post","type-post","status-publish","format-standard","has-post-thumbnail","hentry","category-cultura","category-derechos-humanos","tag-municipio-de-jose-c-paz","tag-orquesta-municipal-jose-c-paz","tag-receso-invernal","tag-vacaciones-de-invierno"],"_links":{"self":[{"href":"https:\/\/fmtinkunaco.ar\/index.php?rest_route=\/wp\/v2\/posts\/2251","targetHints":{"allow":["GET"]}}],"collection":[{"href":"https:\/\/fmtinkunaco.ar\/index.php?rest_route=\/wp\/v2\/posts"}],"about":[{"href":"https:\/\/fmtinkunaco.ar\/index.php?rest_route=\/wp\/v2\/types\/post"}],"author":[{"embeddable":true,"href":"https:\/\/fmtinkunaco.ar\/index.php?rest_route=\/wp\/v2\/users\/1"}],"replies":[{"embeddable":true,"href":"https:\/\/fmtinkunaco.ar\/index.php?rest_route=%2Fwp%2Fv2%2Fcomments&post=2251"}],"version-history":[{"count":0,"href":"https:\/\/fmtinkunaco.ar\/index.php?rest_route=\/wp\/v2\/posts\/2251\/revisions"}],"wp:featuredmedia":[{"embeddable":true,"href":"https:\/\/fmtinkunaco.ar\/index.php?rest_route=\/"}],"wp:attachment":[{"href":"https:\/\/fmtinkunaco.ar\/index.php?rest_route=%2Fwp%2Fv2%2Fmedia&parent=2251"}],"wp:term":[{"taxonomy":"category","embeddable":true,"href":"https:\/\/fmtinkunaco.ar\/index.php?rest_route=%2Fwp%2Fv2%2Fcategories&post=2251"},{"taxonomy":"post_tag","embeddable":true,"href":"https:\/\/fmtinkunaco.ar\/index.php?rest_route=%2Fwp%2Fv2%2Ftags&post=2251"}],"curies":[{"name":"wp","href":"https:\/\/api.w.org\/{rel}","templated":true}]}}