{"id":2255,"date":"2020-07-17T11:08:28","date_gmt":"2020-07-17T14:08:28","guid":{"rendered":"http:\/\/fmtinkunaco.com.ar\/?p=2255"},"modified":"2020-07-17T11:08:28","modified_gmt":"2020-07-17T14:08:28","slug":"olla-popular-en-el-centro-comunitario-providencia","status":"publish","type":"post","link":"https:\/\/fmtinkunaco.ar\/?p=2255","title":{"rendered":"Olla Popular en el Centro Comunitario Providencia"},"content":{"rendered":"<p>El Centro Comunitario Providencia, ubicado en Chile y Jun\u00edn \u2013 Jos\u00e9. C. Paz, ha impulsado la realizaci\u00f3n de ollas populares en la organizaci\u00f3n, por lo que se encuentran pidiendo donaciones de alimentos no perecederos y verduras.<\/p>\n<p>En di\u00e1logo con el programa radial \u201cEncuentro con las Noticias\u201d, Omar Foresti, integrante del Centro Comunitario Providencia, se refiri\u00f3 a esta iniciativa y a la importancia de que sea entre pares, <em>\u201cSomos nosotros mismos, busc\u00e1ndole la vuelta a resolver o por lo menos traer un poco de justicia a esta injusticia que volvi\u00f3 a producir esta pandemia. (\u2026) Ven\u00eds como resistiendo y por eso la olla sale ahora, porque ven\u00eds resistiendo como se puede, tratando de zafar y llega un momento en que ten\u00e9s que pegar el grito y decir loco, no me alcanza, no me alcanza para comer, no me alcanza para esto. (\u2026) Y por suerte est\u00e1 la organizaci\u00f3n comunitaria, las organizaciones sociales, que salen a tapar esos agujeros que la organizaci\u00f3n pol\u00edtica deja<\/em>\u201d.<\/p>\n<p>En el marco de la iniciativa, desde el centro comunitario se encuentran en b\u00fasqueda de donaciones para poder seguir llevando adelante la olla.<\/p>\n<p>Foresti, adem\u00e1s, remarc\u00f3 que <em>\u201cLo que se necesita es todo lo que se pueda meter adentro de la olla y que se pueda cocinar, despu\u00e9s esta esa creatividad popular que le da forma a lo que venga. Pero bueno, viene bien todo lo que es fideos, el arroz, tomate, todo lo que es verdura, obviamente si ten\u00e9s un pedazo de carne todo viene bien. \u00a0(\u2026) Por ahora vamos los martes y est\u00e1n entregando a las seis de la tarde maso menos, estamos concretamente con las familias que est\u00e1n alrededor de nuestra historia cultural. Todos los pibes que viene al centro a jugar los s\u00e1bados y mi\u00e9rcoles, y los pibes que son de la murga y las familias, y ya con eso son alrededor de 45 familias, estamos hablando de m\u00e1s de 150 personas<\/em>\u201d.<\/p>\n<p>S\u00ed tenes intenciones de donar, te podes comunicar al 11 2291 5290 (Paola) o 11 5793 1324 (Natalia).<\/p>\n<p>Compartimos la entrevista completa<\/p>\n<p><a href=\"https:\/\/archive.org\/details\/audio-omar-foresti-17-07-2020\">Descargar<\/a><\/p>\n<p>&nbsp;<\/p>\n<audio class=\"wp-audio-shortcode\" id=\"audio-2255-2\" preload=\"none\" style=\"width: 100%;\" controls=\"controls\"><source type=\"audio\/mpeg\" src=\"https:\/\/archive.org\/download\/audio-omar-foresti-17-07-2020\/AUDIO%20-%20OMAR%20FORESTI%2017%2007%202020.mp3?_=2\" \/><a href=\"https:\/\/archive.org\/download\/audio-omar-foresti-17-07-2020\/AUDIO%20-%20OMAR%20FORESTI%2017%2007%202020.mp3\">https:\/\/archive.org\/download\/audio-omar-foresti-17-07-2020\/AUDIO%20-%20OMAR%20FORESTI%2017%2007%202020.mp3<\/a><\/audio>\n<div class=\"powerpress_player\" id=\"powerpress_player_9165\"><audio class=\"wp-audio-shortcode\" id=\"audio-2255-1\" preload=\"none\" style=\"width: 100%;\" controls=\"controls\"><source type=\"audio\/mpeg\" src=\"https:\/\/archive.org\/download\/audio-omar-foresti-17-07-2020\/AUDIO%20-%20OMAR%20FORESTI%2017%2007%202020.mp3?_=1\" \/><a href=\"https:\/\/archive.org\/download\/audio-omar-foresti-17-07-2020\/AUDIO%20-%20OMAR%20FORESTI%2017%2007%202020.mp3\">https:\/\/archive.org\/download\/audio-omar-foresti-17-07-2020\/AUDIO%20-%20OMAR%20FORESTI%2017%2007%202020.mp3<\/a><\/audio><\/div><p class=\"powerpress_links powerpress_links_mp3\" style=\"margin-bottom: 1px !important;\">Podcast: <a href=\"https:\/\/archive.org\/download\/audio-omar-foresti-17-07-2020\/AUDIO%20-%20OMAR%20FORESTI%2017%2007%202020.mp3\" class=\"powerpress_link_pinw\" target=\"_blank\" title=\"Reproducir en una nueva ventana\" onclick=\"return powerpress_pinw('https:\/\/fmtinkunaco.ar\/?powerpress_pinw=2255-podcast');\" rel=\"nofollow\">Reproducir en una nueva ventana<\/a> | <a href=\"https:\/\/archive.org\/download\/audio-omar-foresti-17-07-2020\/AUDIO%20-%20OMAR%20FORESTI%2017%2007%202020.mp3\" class=\"powerpress_link_d\" title=\"Descargar\" rel=\"nofollow\" download=\"AUDIO%20-%20OMAR%20FORESTI%2017%2007%202020.mp3\">Descargar<\/a><\/p>","protected":false},"excerpt":{"rendered":"<p>El Centro Comunitario Providencia, ubicado en Chile y Jun\u00edn \u2013 Jos\u00e9. C. Paz, ha impulsado la realizaci\u00f3n de ollas populares en la organizaci\u00f3n, por lo que se encuentran pidiendo donaciones de alimentos no perecederos y verduras. En di\u00e1logo con el programa radial \u201cEncuentro con las Noticias\u201d, Omar Foresti, integrante del Centro Comunitario Providencia, se refiri\u00f3 [&hellip;]<\/p>\n","protected":false},"author":1,"featured_media":2256,"comment_status":"open","ping_status":"open","sticky":false,"template":"","format":"standard","meta":{"footnotes":""},"categories":[4,9],"tags":[97,170,360],"class_list":["post-2255","post","type-post","status-publish","format-standard","has-post-thumbnail","hentry","category-derechos-humanos","category-sociedad","tag-centro-comunitario-providencia","tag-donaciones","tag-olla-popular"],"_links":{"self":[{"href":"https:\/\/fmtinkunaco.ar\/index.php?rest_route=\/wp\/v2\/posts\/2255","targetHints":{"allow":["GET"]}}],"collection":[{"href":"https:\/\/fmtinkunaco.ar\/index.php?rest_route=\/wp\/v2\/posts"}],"about":[{"href":"https:\/\/fmtinkunaco.ar\/index.php?rest_route=\/wp\/v2\/types\/post"}],"author":[{"embeddable":true,"href":"https:\/\/fmtinkunaco.ar\/index.php?rest_route=\/wp\/v2\/users\/1"}],"replies":[{"embeddable":true,"href":"https:\/\/fmtinkunaco.ar\/index.php?rest_route=%2Fwp%2Fv2%2Fcomments&post=2255"}],"version-history":[{"count":0,"href":"https:\/\/fmtinkunaco.ar\/index.php?rest_route=\/wp\/v2\/posts\/2255\/revisions"}],"wp:featuredmedia":[{"embeddable":true,"href":"https:\/\/fmtinkunaco.ar\/index.php?rest_route=\/"}],"wp:attachment":[{"href":"https:\/\/fmtinkunaco.ar\/index.php?rest_route=%2Fwp%2Fv2%2Fmedia&parent=2255"}],"wp:term":[{"taxonomy":"category","embeddable":true,"href":"https:\/\/fmtinkunaco.ar\/index.php?rest_route=%2Fwp%2Fv2%2Fcategories&post=2255"},{"taxonomy":"post_tag","embeddable":true,"href":"https:\/\/fmtinkunaco.ar\/index.php?rest_route=%2Fwp%2Fv2%2Ftags&post=2255"}],"curies":[{"name":"wp","href":"https:\/\/api.w.org\/{rel}","templated":true}]}}