{"id":2261,"date":"2020-07-21T10:46:01","date_gmt":"2020-07-21T13:46:01","guid":{"rendered":"http:\/\/fmtinkunaco.com.ar\/?p=2261"},"modified":"2020-07-21T10:46:01","modified_gmt":"2020-07-21T13:46:01","slug":"malvinas-argentinas-nardini-firma-convenios-con-el-ministerio-de-desarrollo-social-de-la-nacion","status":"publish","type":"post","link":"https:\/\/fmtinkunaco.ar\/?p=2261","title":{"rendered":"Malvinas Argentinas: Nardini firma convenios con el Ministerio de Desarrollo Social de la Naci\u00f3n"},"content":{"rendered":"<p>El pasado viernes 17 de julio, el intendente de Malvinas Argentinas se reuni\u00f3 con Daniel Arroyo\u00a0Ministro de Desarrollo Social de la Naci\u00f3n, con el objetivo de poner en marcha el plan Potenciar Trabajo y firmar convenios que fortalezcan las pol\u00edticas municipales para la ni\u00f1ez y la adolescencia, junto al secretario nacional Gabriel Lerner.<\/p>\n<p>En di\u00e1logo con el programa radial \u201cEncuentro con las Noticias\u201d, Mariana Melgarejo, Directora Nacional de Sistemas de Protecci\u00f3n en la Secretaria Nacional de Ni\u00f1ez, Adolescencia y Familia dentro del Ministerio de Desarrollo Social, se refiri\u00f3 al convenio que se propone fortalecer el \u00e1rea de ni\u00f1ez del municipio malvinense, \u00a0<em>\u201cEl fortalecimiento tiene varias patas peor por lo pronto hay una que es muy importante y es que generamos un equipo que va a trabajar desde el nivel nacional pero directamente con sede en Malvinas Argentinas. Ese equipo, en principio, empez\u00f3 con trabajo remoto por el tema del aislamiento pero luego va a tener un lugar, una oficina donde va a poder abarcar la situaci\u00f3n de vulneraci\u00f3n de derechos, restituci\u00f3n de derechos y promoci\u00f3n, en los distritos que actualmente no tiene equipo de la regi\u00f3n que son San Miguel y Jos\u00e9. C. Paz\u201d<\/em>.<\/p>\n<p>Mariana Melgarejo, adem\u00e1s, describi\u00f3 el objetivo del convenio, <em>\u201cEl convenio tiene por objetivo fortalecer con equipamiento y digamos con algunas l\u00edneas de capacitaci\u00f3n al \u00e1rea de ni\u00f1ez local de Malvinas Argentinas, esas l\u00edneas se van a extender y se van a ofrecer a los municipios de la regi\u00f3n y tambi\u00e9n, hay una propuesta de generar un proceso de participaci\u00f3n de j\u00f3venes, de adolescentes concretamente a trav\u00e9s de un proyecto que va a articular el equipo nacional con el equipo local\u201d<\/em>.<\/p>\n<p>Desde ambos espacios, esperan que sea el principio de muchas acciones en conjunto, y que se logre una articulaci\u00f3n.<\/p>\n<p>Compartimos testimonio<\/p>\n<p><a href=\"https:\/\/archive.org\/details\/audio-mariana-melgarejo\">Descargar<\/a><\/p>\n<p>&nbsp;<\/p>\n<audio class=\"wp-audio-shortcode\" id=\"audio-2261-2\" preload=\"none\" style=\"width: 100%;\" controls=\"controls\"><source type=\"audio\/mpeg\" src=\"https:\/\/archive.org\/download\/audio-mariana-melgarejo\/AUDIO%20-%20MARIANA%20MELGAREJO.mp3?_=2\" \/><a href=\"https:\/\/archive.org\/download\/audio-mariana-melgarejo\/AUDIO%20-%20MARIANA%20MELGAREJO.mp3\">https:\/\/archive.org\/download\/audio-mariana-melgarejo\/AUDIO%20-%20MARIANA%20MELGAREJO.mp3<\/a><\/audio>\n<div class=\"powerpress_player\" id=\"powerpress_player_1185\"><audio class=\"wp-audio-shortcode\" id=\"audio-2261-1\" preload=\"none\" style=\"width: 100%;\" controls=\"controls\"><source type=\"audio\/mpeg\" src=\"https:\/\/archive.org\/download\/audio-mariana-melgarejo\/AUDIO%20-%20MARIANA%20MELGAREJO.mp3?_=1\" \/><a href=\"https:\/\/archive.org\/download\/audio-mariana-melgarejo\/AUDIO%20-%20MARIANA%20MELGAREJO.mp3\">https:\/\/archive.org\/download\/audio-mariana-melgarejo\/AUDIO%20-%20MARIANA%20MELGAREJO.mp3<\/a><\/audio><\/div><p class=\"powerpress_links powerpress_links_mp3\" style=\"margin-bottom: 1px !important;\">Podcast: <a href=\"https:\/\/archive.org\/download\/audio-mariana-melgarejo\/AUDIO%20-%20MARIANA%20MELGAREJO.mp3\" class=\"powerpress_link_pinw\" target=\"_blank\" title=\"Reproducir en una nueva ventana\" onclick=\"return powerpress_pinw('https:\/\/fmtinkunaco.ar\/?powerpress_pinw=2261-podcast');\" rel=\"nofollow\">Reproducir en una nueva ventana<\/a> | <a href=\"https:\/\/archive.org\/download\/audio-mariana-melgarejo\/AUDIO%20-%20MARIANA%20MELGAREJO.mp3\" class=\"powerpress_link_d\" title=\"Descargar\" rel=\"nofollow\" download=\"AUDIO%20-%20MARIANA%20MELGAREJO.mp3\">Descargar<\/a><\/p>","protected":false},"excerpt":{"rendered":"<p>El pasado viernes 17 de julio, el intendente de Malvinas Argentinas se reuni\u00f3 con Daniel Arroyo\u00a0Ministro de Desarrollo Social de la Naci\u00f3n, con el objetivo de poner en marcha el plan Potenciar Trabajo y firmar convenios que fortalezcan las pol\u00edticas municipales para la ni\u00f1ez y la adolescencia, junto al secretario nacional Gabriel Lerner. En di\u00e1logo [&hellip;]<\/p>\n","protected":false},"author":1,"featured_media":2262,"comment_status":"open","ping_status":"open","sticky":false,"template":"","format":"standard","meta":{"footnotes":""},"categories":[4,9],"tags":[132,279,338,407],"class_list":["post-2261","post","type-post","status-publish","format-standard","has-post-thumbnail","hentry","category-derechos-humanos","category-sociedad","tag-convenios-con-gustavo-arroyo","tag-leonardo-nardini","tag-municipio-de-malvinas-argentinas","tag-potenciar-trabajo"],"_links":{"self":[{"href":"https:\/\/fmtinkunaco.ar\/index.php?rest_route=\/wp\/v2\/posts\/2261","targetHints":{"allow":["GET"]}}],"collection":[{"href":"https:\/\/fmtinkunaco.ar\/index.php?rest_route=\/wp\/v2\/posts"}],"about":[{"href":"https:\/\/fmtinkunaco.ar\/index.php?rest_route=\/wp\/v2\/types\/post"}],"author":[{"embeddable":true,"href":"https:\/\/fmtinkunaco.ar\/index.php?rest_route=\/wp\/v2\/users\/1"}],"replies":[{"embeddable":true,"href":"https:\/\/fmtinkunaco.ar\/index.php?rest_route=%2Fwp%2Fv2%2Fcomments&post=2261"}],"version-history":[{"count":0,"href":"https:\/\/fmtinkunaco.ar\/index.php?rest_route=\/wp\/v2\/posts\/2261\/revisions"}],"wp:featuredmedia":[{"embeddable":true,"href":"https:\/\/fmtinkunaco.ar\/index.php?rest_route=\/"}],"wp:attachment":[{"href":"https:\/\/fmtinkunaco.ar\/index.php?rest_route=%2Fwp%2Fv2%2Fmedia&parent=2261"}],"wp:term":[{"taxonomy":"category","embeddable":true,"href":"https:\/\/fmtinkunaco.ar\/index.php?rest_route=%2Fwp%2Fv2%2Fcategories&post=2261"},{"taxonomy":"post_tag","embeddable":true,"href":"https:\/\/fmtinkunaco.ar\/index.php?rest_route=%2Fwp%2Fv2%2Ftags&post=2261"}],"curies":[{"name":"wp","href":"https:\/\/api.w.org\/{rel}","templated":true}]}}