{"id":2281,"date":"2020-07-28T10:23:04","date_gmt":"2020-07-28T13:23:04","guid":{"rendered":"http:\/\/fmtinkunaco.com.ar\/?p=2281"},"modified":"2020-07-28T10:23:04","modified_gmt":"2020-07-28T13:23:04","slug":"grave-denuncia-de-bajas-fraudulentas-en-becas-del-programa-medicos-comunitarios-por-parte-del-municipio-de-jose-c-paz","status":"publish","type":"post","link":"https:\/\/fmtinkunaco.ar\/?p=2281","title":{"rendered":"Grave: Denuncia de bajas fraudulentas en becas del programa M\u00e9dicos Comunitarios por parte del Municipio de Jos\u00e9 C. Paz"},"content":{"rendered":"<p>La licenciada Carolina Vel\u00e1zquez Rivarola denuncia p\u00fablicamente al municipio de Jos\u00e9 C. Paz por haberle quitado de manera ilegal su beca de comunitarios.<\/p>\n<p>Las becas de comunitarios son otorgadas por Naci\u00f3n y los municipios no tienen potestad para darlas de baja.<\/p>\n<p>Carolina trabaja en el municipio de Jos\u00e9 C. Paz desde el a\u00f1o 2011 con recibo de sueldo a trav\u00e9s de este programa. El d\u00eda 13 de julio fue a reclamar los sueldos de mayo y junio que se le adeudaban al \u00e1rea de recursos humanos y el pedido le fue denegado por la Sra. Patricia Mondovi con el ins\u00f3lito argumento de que hab\u00eda sido despedida por no haber ido a trabajar y no haber reclamado su sueldo de mayo.<\/p>\n<p>En di\u00e1logo con el programa radial \u201cEncuentro con las Noticias\u201d, Carolina Vel\u00e1zquez Rivarola, se refiri\u00f3 a esta situaci\u00f3n, <em>\u201cYo no me hab\u00eda enterado que no hab\u00eda cobrado los sueldos de mayo y junio, porque no llevaba el control de mi cuenta. Por el tema del coronavirus evite ir a los cajeros, as\u00ed que me manejaba con debito nada m\u00e1s de lo que gano ac\u00e1 en Jos\u00e9. C. Paz y tampoco fui a buscar los recibos de mayo y junio, por el tema de tratar de salir lo menos posible y tampoco tengo homebanking. <\/em><br \/>\n<em> (\u2026) Cuando me di cuenta fui a reclamar a la recursos humanos, a la Sra Patricia Mondovi que me dijo que yo estaba despedida\u201d<\/em>.<\/p>\n<p>Carolina Vel\u00e1zquez, remarc\u00f3, adem\u00e1s el maltrato que sufri\u00f3 cuando fue a reclamar,<em> \u201cMe trataron muy mal, me empezaron a gritar como ech\u00e1ndome y me mandaron a hablar a la Secretaria de Salud. Fui a la secretar\u00eda y quien me atendi\u00f3 es Karina, que me dijo que era abogada y me dijo que me iba a hacer una denuncia penal si segu\u00eda insistiendo en mi reclamo\u201d<\/em>.<\/p>\n<p>La Psic\u00f3loga sigue yendo a trabajar y espera que desde el Municipio aclaren la situaci\u00f3n, le paguen los salarios adeudados y cesen las intimidaciones.<\/p>\n<p>Compartimos la entrevista completa<\/p>\n<p><a href=\"https:\/\/archive.org\/details\/audio-carolina-velazquez-rivarola-27-07-2020\">Descargar<\/a><\/p>\n<p>&nbsp;<\/p>\n<audio class=\"wp-audio-shortcode\" id=\"audio-2281-2\" preload=\"none\" style=\"width: 100%;\" controls=\"controls\"><source type=\"audio\/mpeg\" src=\"https:\/\/archive.org\/download\/audio-carolina-velazquez-rivarola-27-07-2020\/AUDIO%20-%20Carolina%20Vel%C3%A1zquez%20Rivarola%2027%2007%202020.mp3?_=2\" \/><a href=\"https:\/\/archive.org\/download\/audio-carolina-velazquez-rivarola-27-07-2020\/AUDIO%20-%20Carolina%20Vel%C3%A1zquez%20Rivarola%2027%2007%202020.mp3\">https:\/\/archive.org\/download\/audio-carolina-velazquez-rivarola-27-07-2020\/AUDIO%20-%20Carolina%20Vel%C3%A1zquez%20Rivarola%2027%2007%202020.mp3<\/a><\/audio>\n<div class=\"powerpress_player\" id=\"powerpress_player_7996\"><audio class=\"wp-audio-shortcode\" id=\"audio-2281-1\" preload=\"none\" style=\"width: 100%;\" controls=\"controls\"><source type=\"audio\/mpeg\" src=\"https:\/\/archive.org\/download\/audio-carolina-velazquez-rivarola-27-07-2020\/AUDIO%20-%20Carolina%20Vel%C3%A1zquez%20Rivarola%2027%2007%202020.mp3?_=1\" \/><a href=\"https:\/\/archive.org\/download\/audio-carolina-velazquez-rivarola-27-07-2020\/AUDIO%20-%20Carolina%20Vel%C3%A1zquez%20Rivarola%2027%2007%202020.mp3\">https:\/\/archive.org\/download\/audio-carolina-velazquez-rivarola-27-07-2020\/AUDIO%20-%20Carolina%20Vel%C3%A1zquez%20Rivarola%2027%2007%202020.mp3<\/a><\/audio><\/div><p class=\"powerpress_links powerpress_links_mp3\" style=\"margin-bottom: 1px !important;\">Podcast: <a href=\"https:\/\/archive.org\/download\/audio-carolina-velazquez-rivarola-27-07-2020\/AUDIO%20-%20Carolina%20Vel%C3%A1zquez%20Rivarola%2027%2007%202020.mp3\" class=\"powerpress_link_pinw\" target=\"_blank\" title=\"Reproducir en una nueva ventana\" onclick=\"return powerpress_pinw('https:\/\/fmtinkunaco.ar\/?powerpress_pinw=2281-podcast');\" rel=\"nofollow\">Reproducir en una nueva ventana<\/a> | <a href=\"https:\/\/archive.org\/download\/audio-carolina-velazquez-rivarola-27-07-2020\/AUDIO%20-%20Carolina%20Vel%C3%A1zquez%20Rivarola%2027%2007%202020.mp3\" class=\"powerpress_link_d\" title=\"Descargar\" rel=\"nofollow\" download=\"AUDIO%20-%20Carolina%20Vel%C3%A1zquez%20Rivarola%2027%2007%202020.mp3\">Descargar<\/a><\/p>","protected":false},"excerpt":{"rendered":"<p>La licenciada Carolina Vel\u00e1zquez Rivarola denuncia p\u00fablicamente al municipio de Jos\u00e9 C. Paz por haberle quitado de manera ilegal su beca de comunitarios. Las becas de comunitarios son otorgadas por Naci\u00f3n y los municipios no tienen potestad para darlas de baja. Carolina trabaja en el municipio de Jos\u00e9 C. Paz desde el a\u00f1o 2011 con [&hellip;]<\/p>\n","protected":false},"author":1,"featured_media":2282,"comment_status":"open","ping_status":"open","sticky":false,"template":"","format":"standard","meta":{"footnotes":""},"categories":[4,7],"tags":[303,337,484],"class_list":["post-2281","post","type-post","status-publish","format-standard","has-post-thumbnail","hentry","category-derechos-humanos","category-salud","tag-mario-ishii","tag-municipio-de-jose-c-paz","tag-trabajadorxs-de-la-salud"],"_links":{"self":[{"href":"https:\/\/fmtinkunaco.ar\/index.php?rest_route=\/wp\/v2\/posts\/2281","targetHints":{"allow":["GET"]}}],"collection":[{"href":"https:\/\/fmtinkunaco.ar\/index.php?rest_route=\/wp\/v2\/posts"}],"about":[{"href":"https:\/\/fmtinkunaco.ar\/index.php?rest_route=\/wp\/v2\/types\/post"}],"author":[{"embeddable":true,"href":"https:\/\/fmtinkunaco.ar\/index.php?rest_route=\/wp\/v2\/users\/1"}],"replies":[{"embeddable":true,"href":"https:\/\/fmtinkunaco.ar\/index.php?rest_route=%2Fwp%2Fv2%2Fcomments&post=2281"}],"version-history":[{"count":0,"href":"https:\/\/fmtinkunaco.ar\/index.php?rest_route=\/wp\/v2\/posts\/2281\/revisions"}],"wp:featuredmedia":[{"embeddable":true,"href":"https:\/\/fmtinkunaco.ar\/index.php?rest_route=\/"}],"wp:attachment":[{"href":"https:\/\/fmtinkunaco.ar\/index.php?rest_route=%2Fwp%2Fv2%2Fmedia&parent=2281"}],"wp:term":[{"taxonomy":"category","embeddable":true,"href":"https:\/\/fmtinkunaco.ar\/index.php?rest_route=%2Fwp%2Fv2%2Fcategories&post=2281"},{"taxonomy":"post_tag","embeddable":true,"href":"https:\/\/fmtinkunaco.ar\/index.php?rest_route=%2Fwp%2Fv2%2Ftags&post=2281"}],"curies":[{"name":"wp","href":"https:\/\/api.w.org\/{rel}","templated":true}]}}