{"id":2284,"date":"2020-07-28T10:53:43","date_gmt":"2020-07-28T13:53:43","guid":{"rendered":"http:\/\/fmtinkunaco.com.ar\/?p=2284"},"modified":"2020-07-28T10:53:43","modified_gmt":"2020-07-28T13:53:43","slug":"adiunpaz-invita-al-conversatorio-covid-19-el-rol-del-estado-en-las-democracias-de-la-region","status":"publish","type":"post","link":"https:\/\/fmtinkunaco.ar\/?p=2284","title":{"rendered":"ADIUNPAZ invita al Conversatorio \u00abCovid-19: El Rol del Estado en las Democracias de la regi\u00f3n\u00bb"},"content":{"rendered":"<p>La Asociaci\u00f3n de Docentes e investigadorxs de la Universidad Nacional de Jos\u00e9. C. Paz (ADIUNPAZ), invita a la participaci\u00f3n del conversatorio \u201cCOVID 19: El rol del Estado en las democracias de la regi\u00f3n\u201d, ma\u00f1ana mi\u00e9rcoles 29 de julio a partir de las 17hs mediante una \u00a0transmisi\u00f3n en vivo por la p\u00e1gina de Facebook de ADIUNPAZ.<\/p>\n<p>En di\u00e1logo con el programa radial \u201cEncuentro con las Noticias\u201d, Pablo Di Salvatore, Antropologo, Secretaria Adjunto de ADIUNPAZ y quien ser\u00e1 el moderador del conversatorio, se refiri\u00f3 a la importancia de analizar el rol del estado, <em>\u201cPensamos que mas all\u00e1 de las acciones concretas que venimos llevando adelante los sindicatos, las organizaciones gremiales, las organizaciones de trabajadores y las organizaciones sociales; poder poner a discutir conceptos como el rol del estado en las democracias de la regi\u00f3n, no solamente en la coyuntura actual sino en lo que venga despu\u00e9s, tambi\u00e9n. Porque si hay algo que se est\u00e1 evidenciando es la presencia, el rol del estado y c\u00f3mo enfrentar, tramitar los efectos de esta crisis ahora y en lo que venga. Y fundamentalmente para nosotros la organizaci\u00f3n de los trabajadores es clave en este sentido\u201d<\/em>.<\/p>\n<p>El panel del conversatorio estar\u00e1 integrado por: Natalia Salvo (abogada laboralista, miembro de la Corriente de abogados laboralistas \u00ab7 de Julio\u00bb y docente UNPAZ &#8211; UBA), Eduardo Rinesi (polit\u00f3logo, fil\u00f3sofo, ex Rector y docente UNGS) y Paula Klachko (soci\u00f3loga, Dra. en Historia, Coordinadora Cap\u00edtulo Argentina de la Red en Defensa de la Humanidad y docente UNDAV \u2013 UNPAZ).<\/p>\n<p>Pablo Di Salvatore, adem\u00e1s, remarc\u00f3 <em>\u201cEs un debate que est\u00e1 abierto, nosotros queremos proponer interrogantes y posibles salidas, y en ese sentido es la propuesta del conversatorio\u201d<\/em>.<\/p>\n<p>El conversatorio ser\u00e1 ma\u00f1ana, a partir de las 17 hs, mediante la p\u00e1gina de facebook <a href=\"https:\/\/www.facebook.com\/adiunpaz\/\">Adiunpaz<\/a>.<\/p>\n<p>Compartimos la entrevista completa<\/p>\n<p><a href=\"https:\/\/archive.org\/details\/audio-pablo-di-salvatore-adiunpaz-28-07-2020\">Descargar<\/a><\/p>\n<p>&nbsp;<\/p>\n<audio class=\"wp-audio-shortcode\" id=\"audio-2284-2\" preload=\"none\" style=\"width: 100%;\" controls=\"controls\"><source type=\"audio\/mpeg\" src=\"https:\/\/archive.org\/download\/audio-pablo-di-salvatore-adiunpaz-28-07-2020\/AUDIO%20-%20PABLO%20DI%20SALVATORE%20%28ADIUNPAZ%29%2028%2007%202020.mp3?_=2\" \/><a href=\"https:\/\/archive.org\/download\/audio-pablo-di-salvatore-adiunpaz-28-07-2020\/AUDIO%20-%20PABLO%20DI%20SALVATORE%20%28ADIUNPAZ%29%2028%2007%202020.mp3\">https:\/\/archive.org\/download\/audio-pablo-di-salvatore-adiunpaz-28-07-2020\/AUDIO%20-%20PABLO%20DI%20SALVATORE%20%28ADIUNPAZ%29%2028%2007%202020.mp3<\/a><\/audio>\n<div class=\"powerpress_player\" id=\"powerpress_player_2189\"><audio class=\"wp-audio-shortcode\" id=\"audio-2284-1\" preload=\"none\" style=\"width: 100%;\" controls=\"controls\"><source type=\"audio\/mpeg\" src=\"https:\/\/archive.org\/download\/audio-pablo-di-salvatore-adiunpaz-28-07-2020\/AUDIO%20-%20PABLO%20DI%20SALVATORE%20%28ADIUNPAZ%29%2028%2007%202020.mp3?_=1\" \/><a href=\"https:\/\/archive.org\/download\/audio-pablo-di-salvatore-adiunpaz-28-07-2020\/AUDIO%20-%20PABLO%20DI%20SALVATORE%20%28ADIUNPAZ%29%2028%2007%202020.mp3\">https:\/\/archive.org\/download\/audio-pablo-di-salvatore-adiunpaz-28-07-2020\/AUDIO%20-%20PABLO%20DI%20SALVATORE%20%28ADIUNPAZ%29%2028%2007%202020.mp3<\/a><\/audio><\/div><p class=\"powerpress_links powerpress_links_mp3\" style=\"margin-bottom: 1px !important;\">Podcast: <a href=\"https:\/\/archive.org\/download\/audio-pablo-di-salvatore-adiunpaz-28-07-2020\/AUDIO%20-%20PABLO%20DI%20SALVATORE%20%28ADIUNPAZ%29%2028%2007%202020.mp3\" class=\"powerpress_link_pinw\" target=\"_blank\" title=\"Reproducir en una nueva ventana\" onclick=\"return powerpress_pinw('https:\/\/fmtinkunaco.ar\/?powerpress_pinw=2284-podcast');\" rel=\"nofollow\">Reproducir en una nueva ventana<\/a> | <a href=\"https:\/\/archive.org\/download\/audio-pablo-di-salvatore-adiunpaz-28-07-2020\/AUDIO%20-%20PABLO%20DI%20SALVATORE%20%28ADIUNPAZ%29%2028%2007%202020.mp3\" class=\"powerpress_link_d\" title=\"Descargar\" rel=\"nofollow\" download=\"AUDIO%20-%20PABLO%20DI%20SALVATORE%20%28ADIUNPAZ%29%2028%2007%202020.mp3\">Descargar<\/a><\/p>","protected":false},"excerpt":{"rendered":"<p>La Asociaci\u00f3n de Docentes e investigadorxs de la Universidad Nacional de Jos\u00e9. C. Paz (ADIUNPAZ), invita a la participaci\u00f3n del conversatorio \u201cCOVID 19: El rol del Estado en las democracias de la regi\u00f3n\u201d, ma\u00f1ana mi\u00e9rcoles 29 de julio a partir de las 17hs mediante una \u00a0transmisi\u00f3n en vivo por la p\u00e1gina de Facebook de ADIUNPAZ. [&hellip;]<\/p>\n","protected":false},"author":1,"featured_media":2285,"comment_status":"open","ping_status":"open","sticky":false,"template":"","format":"standard","meta":{"footnotes":""},"categories":[5],"tags":[133,135,138,247,337,501],"class_list":["post-2284","post","type-post","status-publish","format-standard","has-post-thumbnail","hentry","category-educacion","tag-conversatorio","tag-coronavirus","tag-covid-19","tag-hospital-municipal-de-trauma-y-emergencias-dr-federico-abete","tag-municipio-de-jose-c-paz","tag-universidad-nacional-de-jose-c-paz"],"_links":{"self":[{"href":"https:\/\/fmtinkunaco.ar\/index.php?rest_route=\/wp\/v2\/posts\/2284","targetHints":{"allow":["GET"]}}],"collection":[{"href":"https:\/\/fmtinkunaco.ar\/index.php?rest_route=\/wp\/v2\/posts"}],"about":[{"href":"https:\/\/fmtinkunaco.ar\/index.php?rest_route=\/wp\/v2\/types\/post"}],"author":[{"embeddable":true,"href":"https:\/\/fmtinkunaco.ar\/index.php?rest_route=\/wp\/v2\/users\/1"}],"replies":[{"embeddable":true,"href":"https:\/\/fmtinkunaco.ar\/index.php?rest_route=%2Fwp%2Fv2%2Fcomments&post=2284"}],"version-history":[{"count":0,"href":"https:\/\/fmtinkunaco.ar\/index.php?rest_route=\/wp\/v2\/posts\/2284\/revisions"}],"wp:featuredmedia":[{"embeddable":true,"href":"https:\/\/fmtinkunaco.ar\/index.php?rest_route=\/"}],"wp:attachment":[{"href":"https:\/\/fmtinkunaco.ar\/index.php?rest_route=%2Fwp%2Fv2%2Fmedia&parent=2284"}],"wp:term":[{"taxonomy":"category","embeddable":true,"href":"https:\/\/fmtinkunaco.ar\/index.php?rest_route=%2Fwp%2Fv2%2Fcategories&post=2284"},{"taxonomy":"post_tag","embeddable":true,"href":"https:\/\/fmtinkunaco.ar\/index.php?rest_route=%2Fwp%2Fv2%2Ftags&post=2284"}],"curies":[{"name":"wp","href":"https:\/\/api.w.org\/{rel}","templated":true}]}}