{"id":2287,"date":"2020-07-29T10:42:29","date_gmt":"2020-07-29T13:42:29","guid":{"rendered":"http:\/\/fmtinkunaco.com.ar\/?p=2287"},"modified":"2020-07-29T10:42:29","modified_gmt":"2020-07-29T13:42:29","slug":"la-asamblea-no-al-cierre-de-las-salitas-manifiesta-su-preocupacion-por-despidos-en-el-municipio","status":"publish","type":"post","link":"https:\/\/fmtinkunaco.ar\/?p=2287","title":{"rendered":"La asamblea no al cierre de las salitas manifiesta su preocupaci\u00f3n por despidos en el municipio"},"content":{"rendered":"<p>La asamblea no al cierre de las salitas, manifiesta su preocupaci\u00f3n por los despidos y bajas fraudulentas dadas a conocer en las \u00faltimas horas, por parte del municipio en el \u00e1rea de salud.<\/p>\n<p>En di\u00e1logo con el programa radial \u201cEncuentro con las Noticias\u201d, Elvira Bali\u00f1a, integrante de la Asamblea no al cierre de las salitas de Jos\u00e9. C. Paz, se refiri\u00f3 a la situaci\u00f3n de despido de la <a href=\"http:\/\/fmtinkunaco.com.ar\/grave-denuncia-de-bajas-fraudulentas-en-becas-del-programa-medicos-comunitarios-por-parte-del-municipio-de-jose-c-paz\/\">psic\u00f3loga Carolina Vel\u00e1zquez Rivarola<\/a>, <em>\u201cEn la salita de Mirador de Altube est\u00e1 la psic\u00f3loga Carolina Vel\u00e1zquez, es muy querida en el barrio tanto ni\u00f1os como j\u00f3venes y justamente en este momento de pandemia nos enteramos de que a ella no le est\u00e1n pagando\u201d<\/em>.<\/p>\n<p>Bali\u00f1a, adem\u00e1s, remarc\u00f3 que en estos momentos es sumamente importante contar con este tipo de atenci\u00f3n, <em>\u201cLa asamblea decidi\u00f3 que no puede ser, que es necesaria porque es una necesidad imprescindible para la salud integral de la poblaci\u00f3n contar en este momento con una psic\u00f3loga\u201d<\/em>.<\/p>\n<p>La asamblea no al cierre de las salitas, es una de las organizaciones que firm\u00f3 la <a href=\"http:\/\/fmtinkunaco.com.ar\/jose-c-paz-carta-abierta-al-intendente-mario-ishii-por-parte-de-la-mesa-de-organizaciones\/\">carta abierta a Mario Ishii<\/a>, exigi\u00e9ndole respuestas concretas en este contexto de emergencia sanitaria y alimentaria.<\/p>\n<p>Compartimos la entrevista completa<\/p>\n<p><a href=\"https:\/\/archive.org\/details\/audio-elvira-balin-a-29-07-2020\">Descargar<\/a><\/p>\n<p>&nbsp;<\/p>\n<audio class=\"wp-audio-shortcode\" id=\"audio-2287-2\" preload=\"none\" style=\"width: 100%;\" controls=\"controls\"><source type=\"audio\/mpeg\" src=\"https:\/\/archive.org\/download\/audio-elvira-balin-a-29-07-2020\/AUDIO%20-%20ELVIRA%20BALI%C3%91A%2029%2007%202020.mp3?_=2\" \/><a href=\"https:\/\/archive.org\/download\/audio-elvira-balin-a-29-07-2020\/AUDIO%20-%20ELVIRA%20BALI%C3%91A%2029%2007%202020.mp3\">https:\/\/archive.org\/download\/audio-elvira-balin-a-29-07-2020\/AUDIO%20-%20ELVIRA%20BALI%C3%91A%2029%2007%202020.mp3<\/a><\/audio>\n<div class=\"powerpress_player\" id=\"powerpress_player_6770\"><audio class=\"wp-audio-shortcode\" id=\"audio-2287-1\" preload=\"none\" style=\"width: 100%;\" controls=\"controls\"><source type=\"audio\/mpeg\" src=\"https:\/\/archive.org\/download\/audio-elvira-balin-a-29-07-2020\/AUDIO%20-%20ELVIRA%20BALI%C3%91A%2029%2007%202020.mp3?_=1\" \/><a href=\"https:\/\/archive.org\/download\/audio-elvira-balin-a-29-07-2020\/AUDIO%20-%20ELVIRA%20BALI%C3%91A%2029%2007%202020.mp3\">https:\/\/archive.org\/download\/audio-elvira-balin-a-29-07-2020\/AUDIO%20-%20ELVIRA%20BALI%C3%91A%2029%2007%202020.mp3<\/a><\/audio><\/div><p class=\"powerpress_links powerpress_links_mp3\" style=\"margin-bottom: 1px !important;\">Podcast: <a href=\"https:\/\/archive.org\/download\/audio-elvira-balin-a-29-07-2020\/AUDIO%20-%20ELVIRA%20BALI%C3%91A%2029%2007%202020.mp3\" class=\"powerpress_link_pinw\" target=\"_blank\" title=\"Reproducir en una nueva ventana\" onclick=\"return powerpress_pinw('https:\/\/fmtinkunaco.ar\/?powerpress_pinw=2287-podcast');\" rel=\"nofollow\">Reproducir en una nueva ventana<\/a> | <a href=\"https:\/\/archive.org\/download\/audio-elvira-balin-a-29-07-2020\/AUDIO%20-%20ELVIRA%20BALI%C3%91A%2029%2007%202020.mp3\" class=\"powerpress_link_d\" title=\"Descargar\" rel=\"nofollow\" download=\"AUDIO%20-%20ELVIRA%20BALI%C3%91A%2029%2007%202020.mp3\">Descargar<\/a><\/p>","protected":false},"excerpt":{"rendered":"<p>La asamblea no al cierre de las salitas, manifiesta su preocupaci\u00f3n por los despidos y bajas fraudulentas dadas a conocer en las \u00faltimas horas, por parte del municipio en el \u00e1rea de salud. En di\u00e1logo con el programa radial \u201cEncuentro con las Noticias\u201d, Elvira Bali\u00f1a, integrante de la Asamblea no al cierre de las salitas [&hellip;]<\/p>\n","protected":false},"author":1,"featured_media":2288,"comment_status":"open","ping_status":"open","sticky":false,"template":"","format":"standard","meta":{"footnotes":""},"categories":[4,7],"tags":[52,153,303,337],"class_list":["post-2287","post","type-post","status-publish","format-standard","has-post-thumbnail","hentry","category-derechos-humanos","category-salud","tag-asamblea-no-al-cierre-de-las-salitas","tag-despidos","tag-mario-ishii","tag-municipio-de-jose-c-paz"],"_links":{"self":[{"href":"https:\/\/fmtinkunaco.ar\/index.php?rest_route=\/wp\/v2\/posts\/2287","targetHints":{"allow":["GET"]}}],"collection":[{"href":"https:\/\/fmtinkunaco.ar\/index.php?rest_route=\/wp\/v2\/posts"}],"about":[{"href":"https:\/\/fmtinkunaco.ar\/index.php?rest_route=\/wp\/v2\/types\/post"}],"author":[{"embeddable":true,"href":"https:\/\/fmtinkunaco.ar\/index.php?rest_route=\/wp\/v2\/users\/1"}],"replies":[{"embeddable":true,"href":"https:\/\/fmtinkunaco.ar\/index.php?rest_route=%2Fwp%2Fv2%2Fcomments&post=2287"}],"version-history":[{"count":0,"href":"https:\/\/fmtinkunaco.ar\/index.php?rest_route=\/wp\/v2\/posts\/2287\/revisions"}],"wp:featuredmedia":[{"embeddable":true,"href":"https:\/\/fmtinkunaco.ar\/index.php?rest_route=\/"}],"wp:attachment":[{"href":"https:\/\/fmtinkunaco.ar\/index.php?rest_route=%2Fwp%2Fv2%2Fmedia&parent=2287"}],"wp:term":[{"taxonomy":"category","embeddable":true,"href":"https:\/\/fmtinkunaco.ar\/index.php?rest_route=%2Fwp%2Fv2%2Fcategories&post=2287"},{"taxonomy":"post_tag","embeddable":true,"href":"https:\/\/fmtinkunaco.ar\/index.php?rest_route=%2Fwp%2Fv2%2Ftags&post=2287"}],"curies":[{"name":"wp","href":"https:\/\/api.w.org\/{rel}","templated":true}]}}