{"id":2291,"date":"2020-07-29T11:16:43","date_gmt":"2020-07-29T14:16:43","guid":{"rendered":"http:\/\/fmtinkunaco.com.ar\/?p=2291"},"modified":"2020-07-29T11:16:43","modified_gmt":"2020-07-29T14:16:43","slug":"malvinas-argentinas-trabajadores-de-trento-vidrios-denuncian-que-la-empresa-debe-salarios-aguinaldo-y-obra-social","status":"publish","type":"post","link":"https:\/\/fmtinkunaco.ar\/?p=2291","title":{"rendered":"Malvinas Argentinas: Trabajadores de Trento Vidrios denuncian que la empresa debe salarios, aguinaldo y obra social"},"content":{"rendered":"<p>La Asamblea de trabajadoras y trabajadores de TRENTO Vidrios, ubicada en Malvinas Argentinas, resolvi\u00f3 en asamblea realizar un corte en la Colectora Este, Ramal Pilar, Km 33,500 Autopista Panamericana, debido a que la Patronal no paga sueldos ni aguinaldo a sus trabajadores, incumpliendo decretos presidenciales y resoluciones del Ministerio de Trabajo Bonaerense.<\/p>\n<p>Tras la reincorporaci\u00f3n de los despedidos v\u00eda judicial y el compromiso asumido ante la cartera laboral que conduce Mara Ru\u00edz Malec en pagar la totalidad de los salarios adeudados, el SATIVA CTAA denunci\u00f3 que la empresa TRENTO VIDRIOS debe salarios, aguinaldo, y dej\u00f3 sin obra social a varios compa\u00f1eros en medio de la pandemia.<\/p>\n<p>El corte ser\u00e1 acompa\u00f1ado de una olla popular.<\/p>\n<p>En dialogo con el programa radial \u201cEncuentro con las Noticias\u201d, H\u00e9ctor Godoy, Delegado del gremio SATIVA, se refiri\u00f3 al conflicto, <em>\u201cEst\u00e1 es como la segunda etapa de reclamo en situaci\u00f3n de pandemia, hab\u00edamos comenzado cuando arranco el aislamiento obligatorio que la empresa nos despidi\u00f3, no pago sueldos, obra social tampoco, y en base a la lucha nosotros logramos el tema de los pagos al 100%, la reincorporaci\u00f3n de los compa\u00f1eros pero la empresa dejo pendiente la mitad del sueldo del mes de abril y a los compa\u00f1eros reincorporados no les dio el alta en el AFIP y tuvimos complicaciones con el tema de los ATP de los compa\u00f1ero reincorporados<\/em>\u201d.<\/p>\n<p>SATIVA CTAA denuncia que la empresa TRENTO VIDRIOS debe salarios, aguinaldo, y dej\u00f3 sin obra social a varios trabajadores en medio de la pandemia.<\/p>\n<p>Godoy, remarc\u00f3, <em>\u201cLo que la empresa est\u00e1 buscando es la debilidad, que la gente se canse y lo llamen a arreglar, porque eso es lo que est\u00e1 buscando, claramente\u201d<\/em>.<\/p>\n<p>H\u00e9ctor Godoy, adem\u00e1s, convoca al corte y olla popular del d\u00eda de hoy, <em>\u201cA las 11 de la ma\u00f1ana vamos a hacer un corte en Panamericana, para ver si por parte de la municipalidad o el gobierno escuchan los reclamos y haber que beneficios tienen hacia lograr lo que estamos reclamando\u201d<\/em>.<\/p>\n<p>Compartimos la entrevista completa<\/p>\n<p><a href=\"https:\/\/archive.org\/details\/audio-hector-godoy-29-07-2020\">Descargar<\/a><\/p>\n<p>&nbsp;<\/p>\n<audio class=\"wp-audio-shortcode\" id=\"audio-2291-2\" preload=\"none\" style=\"width: 100%;\" controls=\"controls\"><source type=\"audio\/mpeg\" src=\"https:\/\/archive.org\/download\/audio-hector-godoy-29-07-2020\/AUDIO%20-%20HECTOR%20GODOY%2029%2007%202020.mp3?_=2\" \/><a href=\"https:\/\/archive.org\/download\/audio-hector-godoy-29-07-2020\/AUDIO%20-%20HECTOR%20GODOY%2029%2007%202020.mp3\">https:\/\/archive.org\/download\/audio-hector-godoy-29-07-2020\/AUDIO%20-%20HECTOR%20GODOY%2029%2007%202020.mp3<\/a><\/audio>\n<div class=\"powerpress_player\" id=\"powerpress_player_4965\"><audio class=\"wp-audio-shortcode\" id=\"audio-2291-1\" preload=\"none\" style=\"width: 100%;\" controls=\"controls\"><source type=\"audio\/mpeg\" src=\"https:\/\/archive.org\/download\/audio-hector-godoy-29-07-2020\/AUDIO%20-%20HECTOR%20GODOY%2029%2007%202020.mp3?_=1\" \/><a href=\"https:\/\/archive.org\/download\/audio-hector-godoy-29-07-2020\/AUDIO%20-%20HECTOR%20GODOY%2029%2007%202020.mp3\">https:\/\/archive.org\/download\/audio-hector-godoy-29-07-2020\/AUDIO%20-%20HECTOR%20GODOY%2029%2007%202020.mp3<\/a><\/audio><\/div><p class=\"powerpress_links powerpress_links_mp3\" style=\"margin-bottom: 1px !important;\">Podcast: <a href=\"https:\/\/archive.org\/download\/audio-hector-godoy-29-07-2020\/AUDIO%20-%20HECTOR%20GODOY%2029%2007%202020.mp3\" class=\"powerpress_link_pinw\" target=\"_blank\" title=\"Reproducir en una nueva ventana\" onclick=\"return powerpress_pinw('https:\/\/fmtinkunaco.ar\/?powerpress_pinw=2291-podcast');\" rel=\"nofollow\">Reproducir en una nueva ventana<\/a> | <a href=\"https:\/\/archive.org\/download\/audio-hector-godoy-29-07-2020\/AUDIO%20-%20HECTOR%20GODOY%2029%2007%202020.mp3\" class=\"powerpress_link_d\" title=\"Descargar\" rel=\"nofollow\" download=\"AUDIO%20-%20HECTOR%20GODOY%2029%2007%202020.mp3\">Descargar<\/a><\/p>","protected":false},"excerpt":{"rendered":"<p>La Asamblea de trabajadoras y trabajadores de TRENTO Vidrios, ubicada en Malvinas Argentinas, resolvi\u00f3 en asamblea realizar un corte en la Colectora Este, Ramal Pilar, Km 33,500 Autopista Panamericana, debido a que la Patronal no paga sueldos ni aguinaldo a sus trabajadores, incumpliendo decretos presidenciales y resoluciones del Ministerio de Trabajo Bonaerense. Tras la reincorporaci\u00f3n [&hellip;]<\/p>\n","protected":false},"author":1,"featured_media":2292,"comment_status":"open","ping_status":"open","sticky":false,"template":"","format":"standard","meta":{"footnotes":""},"categories":[4],"tags":[338,450,490],"class_list":["post-2291","post","type-post","status-publish","format-standard","has-post-thumbnail","hentry","category-derechos-humanos","tag-municipio-de-malvinas-argentinas","tag-sativa-ctaa","tag-trento-vidrios"],"_links":{"self":[{"href":"https:\/\/fmtinkunaco.ar\/index.php?rest_route=\/wp\/v2\/posts\/2291","targetHints":{"allow":["GET"]}}],"collection":[{"href":"https:\/\/fmtinkunaco.ar\/index.php?rest_route=\/wp\/v2\/posts"}],"about":[{"href":"https:\/\/fmtinkunaco.ar\/index.php?rest_route=\/wp\/v2\/types\/post"}],"author":[{"embeddable":true,"href":"https:\/\/fmtinkunaco.ar\/index.php?rest_route=\/wp\/v2\/users\/1"}],"replies":[{"embeddable":true,"href":"https:\/\/fmtinkunaco.ar\/index.php?rest_route=%2Fwp%2Fv2%2Fcomments&post=2291"}],"version-history":[{"count":0,"href":"https:\/\/fmtinkunaco.ar\/index.php?rest_route=\/wp\/v2\/posts\/2291\/revisions"}],"wp:featuredmedia":[{"embeddable":true,"href":"https:\/\/fmtinkunaco.ar\/index.php?rest_route=\/"}],"wp:attachment":[{"href":"https:\/\/fmtinkunaco.ar\/index.php?rest_route=%2Fwp%2Fv2%2Fmedia&parent=2291"}],"wp:term":[{"taxonomy":"category","embeddable":true,"href":"https:\/\/fmtinkunaco.ar\/index.php?rest_route=%2Fwp%2Fv2%2Fcategories&post=2291"},{"taxonomy":"post_tag","embeddable":true,"href":"https:\/\/fmtinkunaco.ar\/index.php?rest_route=%2Fwp%2Fv2%2Ftags&post=2291"}],"curies":[{"name":"wp","href":"https:\/\/api.w.org\/{rel}","templated":true}]}}