{"id":2294,"date":"2020-07-30T11:19:19","date_gmt":"2020-07-30T14:19:19","guid":{"rendered":"http:\/\/fmtinkunaco.com.ar\/?p=2294"},"modified":"2020-07-30T11:19:19","modified_gmt":"2020-07-30T14:19:19","slug":"san-miguel-fallecieron-16-residentes-de-un-geriatrico-luego-de-un-violento-operativo-municipal-por-un-caso-covid-positivo","status":"publish","type":"post","link":"https:\/\/fmtinkunaco.ar\/?p=2294","title":{"rendered":"San Miguel: fallecieron 16 residentes de un geri\u00e1trico luego de un violento operativo municipal por un caso covid positivo"},"content":{"rendered":"<p>El d\u00eda 2 de julio, el municipio realiz\u00f3 un violento operativo seg\u00fan denuncian familiares del geri\u00e1trico Bello Horizonte y luego del mismo fallecieron 16 residentes.<\/p>\n<p>Actualmente, familiares y sobrevivientes del operativo realizaron una denuncia por la violencia ejercida en el operativo y por la falta se protocolo.<\/p>\n<p>En di\u00e1logo con el programa radial \u201cEncuentro con las Noticias\u201d, Patricia, familiar de una de las v\u00edctimas del geri\u00e1trico, se refiri\u00f3 a lo realizado por el municipio de San Miguel, <em>\u201cMi madre estaba en ese geri\u00e1trico, muy bien cuidada, cuando aparece la noticia de que hay una de las empleadas que presenta covid positivo, se la a\u00edsla. Y ah\u00ed toma parte el municipio, a trav\u00e9s de de su secretario de salud y de ah\u00ed en m\u00e1s hay un descontrol donde ellos se apropian de nuestros familiares y hacen los que se les da absolutamente la gana porque es as\u00ed.<\/em><br \/>\n<em> Nunca nos informaron acerca de c\u00f3mo iba a hacer llevado a cabo ese protocolo, para tener noticias de nuestros familiares ten\u00edamos que insistir al secretario de salud, a los responsables de este operativo que; que uno de los responsables, por ejemplo, es el secretario de transito que no s\u00e9 qu\u00e9 es lo que tiene que ver para hacer un operativo de traslado en un caso as\u00ed\u201d<\/em>.<\/p>\n<p>Adem\u00e1s, las familias denuncian que luego del operativo perdieron todo rastro de sus familiares, <em>\u201cLa cuesti\u00f3n es que evacuan toda la residencia, teniendo en cuenta que estaban evacuando abuelos con una edad avanzada en los d\u00edas muy fr\u00edos, los evacuan al centro de confinamiento del Colegio M\u00e1ximo y desde ah\u00ed nosotros perdemos todo rastro con nuestros familiares\u201d<\/em>.<\/p>\n<p>Patricia, sostuvo que su madre tenia covid negativo\u00a0 y aun as\u00ed la trasladan al Hospital porque dec\u00edan tenia s\u00edntomas, <em>\u201cDel Colegio M\u00e1ximo la trasladan al Hospital San Miguel Arc\u00e1ngel de Bella Vista porque presentaba seg\u00fan ellos, s\u00edntomas, y cuando esta all\u00e1 me dice que est\u00e1 bien. (\u2026) El \u00faltimo parte que yo recibo, ya despu\u00e9s est\u00e1n ah\u00ed en Arc\u00e1ngel es que ella tiene una neumon\u00eda severa. Mientras tanto la pasearon con dos hisopados negativos, por dos centros de confinamiento\u201d<\/em>.<\/p>\n<p>Las familias tambi\u00e9n denuncian un abandono de personas por parte de los centros de confinamientos, as\u00ed lo remarc\u00f3 Patricia, <em>\u201cNos enteramos despu\u00e9s, por una de las enfermeras que es de la residencia y que estuvo tambi\u00e9n confinada en el M\u00e1ximo, que no les daban de comer, que pasaban much\u00edsimo frio, les dejaban la comida en la puerta a los ancianos que muchos de ellos no se pod\u00edan movilizar por si mismo. En el caso de mi mam\u00e1, nunca fue cambiada. Estuvo con la ropa que sali\u00f3 de la residencia hasta el d\u00eda que muri\u00f3, y siendo que yo acerque ropa al colegio M\u00e1ximo y tambi\u00e9n al geri\u00e1trico donde ella estaba\u00bb<\/em>.<\/p>\n<p>Familiares de los fallecidos y sobrevivientes elevaron una denuncia penal en la UFI N\u00b0 4 de San Mart\u00edn contra diversos integrantes (el subsecretario de salud, m\u00e9dicos, agentes de tr\u00e1nsito) del Municipio de San Miguel.<\/p>\n<p>Compartimos entrevista completa<\/p>\n<p><a href=\"https:\/\/archive.org\/details\/audio-patricia-familiar-30-07-2020\">Descargar<\/a><\/p>\n<p>&nbsp;<\/p>\n<audio class=\"wp-audio-shortcode\" id=\"audio-2294-2\" preload=\"none\" style=\"width: 100%;\" controls=\"controls\"><source type=\"audio\/mpeg\" src=\"https:\/\/archive.org\/download\/audio-patricia-familiar-30-07-2020\/AUDIO%20-%20PATRICIA%20%28FAMILIAR%29%2030%2007%202020.mp3?_=2\" \/><a href=\"https:\/\/archive.org\/download\/audio-patricia-familiar-30-07-2020\/AUDIO%20-%20PATRICIA%20%28FAMILIAR%29%2030%2007%202020.mp3\">https:\/\/archive.org\/download\/audio-patricia-familiar-30-07-2020\/AUDIO%20-%20PATRICIA%20%28FAMILIAR%29%2030%2007%202020.mp3<\/a><\/audio>\n<div class=\"powerpress_player\" id=\"powerpress_player_5423\"><audio class=\"wp-audio-shortcode\" id=\"audio-2294-1\" preload=\"none\" style=\"width: 100%;\" controls=\"controls\"><source type=\"audio\/mpeg\" src=\"https:\/\/archive.org\/download\/audio-patricia-familiar-30-07-2020\/AUDIO%20-%20PATRICIA%20%28FAMILIAR%29%2030%2007%202020.mp3?_=1\" \/><a href=\"https:\/\/archive.org\/download\/audio-patricia-familiar-30-07-2020\/AUDIO%20-%20PATRICIA%20%28FAMILIAR%29%2030%2007%202020.mp3\">https:\/\/archive.org\/download\/audio-patricia-familiar-30-07-2020\/AUDIO%20-%20PATRICIA%20%28FAMILIAR%29%2030%2007%202020.mp3<\/a><\/audio><\/div><p class=\"powerpress_links powerpress_links_mp3\" style=\"margin-bottom: 1px !important;\">Podcast: <a href=\"https:\/\/archive.org\/download\/audio-patricia-familiar-30-07-2020\/AUDIO%20-%20PATRICIA%20%28FAMILIAR%29%2030%2007%202020.mp3\" class=\"powerpress_link_pinw\" target=\"_blank\" title=\"Reproducir en una nueva ventana\" onclick=\"return powerpress_pinw('https:\/\/fmtinkunaco.ar\/?powerpress_pinw=2294-podcast');\" rel=\"nofollow\">Reproducir en una nueva ventana<\/a> | <a href=\"https:\/\/archive.org\/download\/audio-patricia-familiar-30-07-2020\/AUDIO%20-%20PATRICIA%20%28FAMILIAR%29%2030%2007%202020.mp3\" class=\"powerpress_link_d\" title=\"Descargar\" rel=\"nofollow\" download=\"AUDIO%20-%20PATRICIA%20%28FAMILIAR%29%2030%2007%202020.mp3\">Descargar<\/a><\/p>","protected":false},"excerpt":{"rendered":"<p>El d\u00eda 2 de julio, el municipio realiz\u00f3 un violento operativo seg\u00fan denuncian familiares del geri\u00e1trico Bello Horizonte y luego del mismo fallecieron 16 residentes. Actualmente, familiares y sobrevivientes del operativo realizaron una denuncia por la violencia ejercida en el operativo y por la falta se protocolo. En di\u00e1logo con el programa radial \u201cEncuentro con [&hellip;]<\/p>\n","protected":false},"author":1,"featured_media":2295,"comment_status":"open","ping_status":"open","sticky":false,"template":"","format":"standard","meta":{"footnotes":""},"categories":[7],"tags":[135,138,445],"class_list":["post-2294","post","type-post","status-publish","format-standard","has-post-thumbnail","hentry","category-salud","tag-coronavirus","tag-covid-19","tag-san-miguel"],"_links":{"self":[{"href":"https:\/\/fmtinkunaco.ar\/index.php?rest_route=\/wp\/v2\/posts\/2294","targetHints":{"allow":["GET"]}}],"collection":[{"href":"https:\/\/fmtinkunaco.ar\/index.php?rest_route=\/wp\/v2\/posts"}],"about":[{"href":"https:\/\/fmtinkunaco.ar\/index.php?rest_route=\/wp\/v2\/types\/post"}],"author":[{"embeddable":true,"href":"https:\/\/fmtinkunaco.ar\/index.php?rest_route=\/wp\/v2\/users\/1"}],"replies":[{"embeddable":true,"href":"https:\/\/fmtinkunaco.ar\/index.php?rest_route=%2Fwp%2Fv2%2Fcomments&post=2294"}],"version-history":[{"count":0,"href":"https:\/\/fmtinkunaco.ar\/index.php?rest_route=\/wp\/v2\/posts\/2294\/revisions"}],"wp:featuredmedia":[{"embeddable":true,"href":"https:\/\/fmtinkunaco.ar\/index.php?rest_route=\/"}],"wp:attachment":[{"href":"https:\/\/fmtinkunaco.ar\/index.php?rest_route=%2Fwp%2Fv2%2Fmedia&parent=2294"}],"wp:term":[{"taxonomy":"category","embeddable":true,"href":"https:\/\/fmtinkunaco.ar\/index.php?rest_route=%2Fwp%2Fv2%2Fcategories&post=2294"},{"taxonomy":"post_tag","embeddable":true,"href":"https:\/\/fmtinkunaco.ar\/index.php?rest_route=%2Fwp%2Fv2%2Ftags&post=2294"}],"curies":[{"name":"wp","href":"https:\/\/api.w.org\/{rel}","templated":true}]}}