{"id":2301,"date":"2020-08-03T11:36:28","date_gmt":"2020-08-03T14:36:28","guid":{"rendered":"http:\/\/fmtinkunaco.com.ar\/?p=2301"},"modified":"2020-08-03T11:36:28","modified_gmt":"2020-08-03T14:36:28","slug":"malvinas-argentinas-el-municipio-acompana-a-las-comunidades-migrantes","status":"publish","type":"post","link":"https:\/\/fmtinkunaco.ar\/?p=2301","title":{"rendered":"Malvinas Argentinas: El municipio acompa\u00f1a a las comunidades migrantes"},"content":{"rendered":"<p>A partir de la articulaci\u00f3n del municipio de Malvinas Argentinas con la Secretaria de Derechos Humanos de la provincia de Buenos Aires y Acci\u00f3n Social, se logr\u00f3 acompa\u00f1ar a las comunidades migrantes con ayuda representada en mercader\u00eda y de documentaci\u00f3n.<\/p>\n<p>En di\u00e1logo con el programa radial \u201cEncuentro con las Noticias\u201d, Silvia Burgos, integrante del Municipio de Malvinas Argentinas, se refiri\u00f3 al trabajo que se encuentran realizando desde el d\u00eda jueves<em>, \u201cNosotros, por suerte, con una articulaci\u00f3n que tuvimos con la subsecretaria de derechos humanos de provincia y ellos a su vez con la secretaria de acci\u00f3n social nos bajaron mercader\u00eda para migrantes espec\u00edficamente\u201d<\/em>.<\/p>\n<p>Adem\u00e1s, Burgos, remarc\u00f3 que adem\u00e1s de brindarles mercader\u00eda a la comunidad migrante, han realizado un relevamiento que dio un numero de 2 mil personas sin documentos, <em>\u201cDesde el d\u00eda jueves que estamos recorriendo varios barrios, ya hab\u00edamos hecho nosotros un relevamiento, nosotros tenemos un listado muy extenso, son casi 10 mil migrantes los que viven ac\u00e1 y calculamos que son 2 mil los que no est\u00e1n documentados. As\u00ed que estamos saliendo por todos los barrios donde sabemos que est\u00e1n la mayor\u00eda y hacemos un relevamiento de aquellos que est\u00e1n en situaci\u00f3n bastante precaria\u201d<\/em>.<\/p>\n<p>En esta l\u00ednea, desde el espacio se encuentran realizando un trabajo de documentar a la comunidad, <em>\u201cNosotros lo que estamos haciendo ahora junto con el Centro de Acceso a la Justicia, estamos tratando de, en este momento de pandemia, documentar a la gente que est\u00e1 muy enferma, la que tiene que hacer tratamientos oncol\u00f3gicos, y no tiene su documento. Y despu\u00e9s seguiremos con el resto que son un mont\u00f3n\u201d<\/em>.<\/p>\n<p>Hoy el operativo se realiza en la localidad de Grand Bourg.<\/p>\n<p>Compartimos la entrevista completa<\/p>\n<p><a href=\"https:\/\/archive.org\/details\/audio-silvia-burgos-03-08-2020\">Descargar<\/a><\/p>\n<p>&nbsp;<\/p>\n<audio class=\"wp-audio-shortcode\" id=\"audio-2301-2\" preload=\"none\" style=\"width: 100%;\" controls=\"controls\"><source type=\"audio\/mpeg\" src=\"https:\/\/archive.org\/download\/audio-silvia-burgos-03-08-2020\/AUDIO%20-%20SILVIA%20BURGOS%2003%2008%202020.mp3?_=2\" \/><a href=\"https:\/\/archive.org\/download\/audio-silvia-burgos-03-08-2020\/AUDIO%20-%20SILVIA%20BURGOS%2003%2008%202020.mp3\">https:\/\/archive.org\/download\/audio-silvia-burgos-03-08-2020\/AUDIO%20-%20SILVIA%20BURGOS%2003%2008%202020.mp3<\/a><\/audio>\n<div class=\"powerpress_player\" id=\"powerpress_player_4225\"><audio class=\"wp-audio-shortcode\" id=\"audio-2301-1\" preload=\"none\" style=\"width: 100%;\" controls=\"controls\"><source type=\"audio\/mpeg\" src=\"https:\/\/archive.org\/download\/audio-silvia-burgos-03-08-2020\/AUDIO%20-%20SILVIA%20BURGOS%2003%2008%202020.mp3?_=1\" \/><a href=\"https:\/\/archive.org\/download\/audio-silvia-burgos-03-08-2020\/AUDIO%20-%20SILVIA%20BURGOS%2003%2008%202020.mp3\">https:\/\/archive.org\/download\/audio-silvia-burgos-03-08-2020\/AUDIO%20-%20SILVIA%20BURGOS%2003%2008%202020.mp3<\/a><\/audio><\/div><p class=\"powerpress_links powerpress_links_mp3\" style=\"margin-bottom: 1px !important;\">Podcast: <a href=\"https:\/\/archive.org\/download\/audio-silvia-burgos-03-08-2020\/AUDIO%20-%20SILVIA%20BURGOS%2003%2008%202020.mp3\" class=\"powerpress_link_pinw\" target=\"_blank\" title=\"Reproducir en una nueva ventana\" onclick=\"return powerpress_pinw('https:\/\/fmtinkunaco.ar\/?powerpress_pinw=2301-podcast');\" rel=\"nofollow\">Reproducir en una nueva ventana<\/a> | <a href=\"https:\/\/archive.org\/download\/audio-silvia-burgos-03-08-2020\/AUDIO%20-%20SILVIA%20BURGOS%2003%2008%202020.mp3\" class=\"powerpress_link_d\" title=\"Descargar\" rel=\"nofollow\" download=\"AUDIO%20-%20SILVIA%20BURGOS%2003%2008%202020.mp3\">Descargar<\/a><\/p>","protected":false},"excerpt":{"rendered":"<p>A partir de la articulaci\u00f3n del municipio de Malvinas Argentinas con la Secretaria de Derechos Humanos de la provincia de Buenos Aires y Acci\u00f3n Social, se logr\u00f3 acompa\u00f1ar a las comunidades migrantes con ayuda representada en mercader\u00eda y de documentaci\u00f3n. En di\u00e1logo con el programa radial \u201cEncuentro con las Noticias\u201d, Silvia Burgos, integrante del Municipio [&hellip;]<\/p>\n","protected":false},"author":1,"featured_media":2302,"comment_status":"open","ping_status":"open","sticky":false,"template":"","format":"standard","meta":{"footnotes":""},"categories":[4,9],"tags":[120,338,460],"class_list":["post-2301","post","type-post","status-publish","format-standard","has-post-thumbnail","hentry","category-derechos-humanos","category-sociedad","tag-comunidad-migrante","tag-municipio-de-malvinas-argentinas","tag-silvia-burgos"],"_links":{"self":[{"href":"https:\/\/fmtinkunaco.ar\/index.php?rest_route=\/wp\/v2\/posts\/2301","targetHints":{"allow":["GET"]}}],"collection":[{"href":"https:\/\/fmtinkunaco.ar\/index.php?rest_route=\/wp\/v2\/posts"}],"about":[{"href":"https:\/\/fmtinkunaco.ar\/index.php?rest_route=\/wp\/v2\/types\/post"}],"author":[{"embeddable":true,"href":"https:\/\/fmtinkunaco.ar\/index.php?rest_route=\/wp\/v2\/users\/1"}],"replies":[{"embeddable":true,"href":"https:\/\/fmtinkunaco.ar\/index.php?rest_route=%2Fwp%2Fv2%2Fcomments&post=2301"}],"version-history":[{"count":0,"href":"https:\/\/fmtinkunaco.ar\/index.php?rest_route=\/wp\/v2\/posts\/2301\/revisions"}],"wp:featuredmedia":[{"embeddable":true,"href":"https:\/\/fmtinkunaco.ar\/index.php?rest_route=\/"}],"wp:attachment":[{"href":"https:\/\/fmtinkunaco.ar\/index.php?rest_route=%2Fwp%2Fv2%2Fmedia&parent=2301"}],"wp:term":[{"taxonomy":"category","embeddable":true,"href":"https:\/\/fmtinkunaco.ar\/index.php?rest_route=%2Fwp%2Fv2%2Fcategories&post=2301"},{"taxonomy":"post_tag","embeddable":true,"href":"https:\/\/fmtinkunaco.ar\/index.php?rest_route=%2Fwp%2Fv2%2Ftags&post=2301"}],"curies":[{"name":"wp","href":"https:\/\/api.w.org\/{rel}","templated":true}]}}