{"id":2304,"date":"2020-08-04T09:47:23","date_gmt":"2020-08-04T12:47:23","guid":{"rendered":"http:\/\/fmtinkunaco.com.ar\/?p=2304"},"modified":"2020-08-04T09:47:23","modified_gmt":"2020-08-04T12:47:23","slug":"se-extiende-el-plazo-del-4to-concurso-de-cuentos-infantiles-del-papel-a-la-radio","status":"publish","type":"post","link":"https:\/\/fmtinkunaco.ar\/?p=2304","title":{"rendered":"Se extiende el plazo del 4to Concurso de Cuentos Infantiles \u00abDel Papel a la Radio\u00bb"},"content":{"rendered":"<p>Porque estamos esperando tu cuento, extendemos la convocatoria hasta el 31 de agosto.]<\/p>\n<p>En tiempos de aislamiento social, preventivo y obligatorio, para cuidarnos como una gran comunidad, proponemos la creaci\u00f3n literaria familiar como una forma de encuentro, creaci\u00f3n y recreaci\u00f3n.<\/p>\n<p>Ahora ten\u00e9s tiempo hasta 31 de agosto para enviarnos tu cuento al correo: fmtinkunaco@yahoo.com.ar o al WhatsApp 1166905002<\/p>\n<p>Las categor\u00edas son:<\/p>\n<p>*Ni\u00f1os y ni\u00f1as hasta 6 a\u00f1os<br \/>\n*Ni\u00f1os y ni\u00f1as de 7 a 12 a\u00f1os.<br \/>\n*Ni\u00f1os, ni\u00f1as y J\u00f3venes de 13 a 18 a\u00f1os<\/p>\n<p>Todos los cuentos recibidos tendr\u00e1n su diploma de reconocimiento.<\/p>\n","protected":false},"excerpt":{"rendered":"<p>Porque estamos esperando tu cuento, extendemos la convocatoria hasta el 31 de agosto.] En tiempos de aislamiento social, preventivo y obligatorio, para cuidarnos como una gran comunidad, proponemos la creaci\u00f3n literaria familiar como una forma de encuentro, creaci\u00f3n y recreaci\u00f3n. Ahora ten\u00e9s tiempo hasta 31 de agosto para enviarnos tu cuento al correo: fmtinkunaco@yahoo.com.ar o [&hellip;]<\/p>\n","protected":false},"author":1,"featured_media":2306,"comment_status":"open","ping_status":"open","sticky":false,"template":"","format":"standard","meta":{"footnotes":""},"categories":[3,5],"tags":[123,217],"class_list":["post-2304","post","type-post","status-publish","format-standard","has-post-thumbnail","hentry","category-cultura","category-educacion","tag-concurso-de-cuentos-infantiles","tag-fm-tinkunaco"],"_links":{"self":[{"href":"https:\/\/fmtinkunaco.ar\/index.php?rest_route=\/wp\/v2\/posts\/2304","targetHints":{"allow":["GET"]}}],"collection":[{"href":"https:\/\/fmtinkunaco.ar\/index.php?rest_route=\/wp\/v2\/posts"}],"about":[{"href":"https:\/\/fmtinkunaco.ar\/index.php?rest_route=\/wp\/v2\/types\/post"}],"author":[{"embeddable":true,"href":"https:\/\/fmtinkunaco.ar\/index.php?rest_route=\/wp\/v2\/users\/1"}],"replies":[{"embeddable":true,"href":"https:\/\/fmtinkunaco.ar\/index.php?rest_route=%2Fwp%2Fv2%2Fcomments&post=2304"}],"version-history":[{"count":0,"href":"https:\/\/fmtinkunaco.ar\/index.php?rest_route=\/wp\/v2\/posts\/2304\/revisions"}],"wp:featuredmedia":[{"embeddable":true,"href":"https:\/\/fmtinkunaco.ar\/index.php?rest_route=\/"}],"wp:attachment":[{"href":"https:\/\/fmtinkunaco.ar\/index.php?rest_route=%2Fwp%2Fv2%2Fmedia&parent=2304"}],"wp:term":[{"taxonomy":"category","embeddable":true,"href":"https:\/\/fmtinkunaco.ar\/index.php?rest_route=%2Fwp%2Fv2%2Fcategories&post=2304"},{"taxonomy":"post_tag","embeddable":true,"href":"https:\/\/fmtinkunaco.ar\/index.php?rest_route=%2Fwp%2Fv2%2Ftags&post=2304"}],"curies":[{"name":"wp","href":"https:\/\/api.w.org\/{rel}","templated":true}]}}