{"id":2308,"date":"2020-08-04T10:35:36","date_gmt":"2020-08-04T13:35:36","guid":{"rendered":"http:\/\/fmtinkunaco.com.ar\/?p=2308"},"modified":"2020-08-04T10:35:36","modified_gmt":"2020-08-04T13:35:36","slug":"jornada-de-donacion-de-sangre-en-los-polvorines","status":"publish","type":"post","link":"https:\/\/fmtinkunaco.ar\/?p=2308","title":{"rendered":"Jornada de donaci\u00f3n de sangre en Los Polvorines"},"content":{"rendered":"<p>El grupo solidario Cero Blastos, convoca a la jornada de donaci\u00f3n de sangre del pr\u00f3ximo s\u00e1bado 8 de agosto, a partir de las 9hs.<\/p>\n<p>En di\u00e1logo con el programa radial \u201cEncuentro con las Noticias\u201d, Ruben Reyna, integrante del Grupo Cero Blastos, se refiri\u00f3 al trabajo que vienen realizando, <em>\u201cNosotros solemos hacer jornadas de donaci\u00f3n de sangre, en conjunto con Hemoterapia del Trauma, con el Garraham, con el Posadas y en este caso lo hacemos con la Fundaci\u00f3n Fundosol. Es porque depende del paciente, la enfermedad que tenga y d\u00f3nde se atienda, es abastecido su tratamiento por un banco de sangre\u201d<\/em>.<\/p>\n<p>Adem\u00e1s, remarc\u00f3, los principales requisitos para las personas que quieren acercarse a donar sangre, <em>\u201cDe 18 a 65 a\u00f1os, s\u00ed tienen 16 pueden ir acompa\u00f1ados por un mayor y para la donaci\u00f3n de sangre hay que estar en un buen estado de salud, no haber tenido ninguna cirug\u00eda en el \u00faltimo a\u00f1o, ni ning\u00fan tatuaje, ning\u00fan piercing, no estar medicado y ya lo que hacemos es quien se quiera postular como posible donante de m\u00e9dula tambi\u00e9n lo puede hacer en esta campa\u00f1a<\/em>\u201d.<\/p>\n<p>La jornada es el s\u00e1bado 8 de agosto, a partir de las 9 de la ma\u00f1ana, en Los Polvorines \u2013 Avenida Presidente Per\u00f3n 2651.<\/p>\n<p>Los turnos pueden solicitarse, a trav\u00e9s del 11 5098 2503.<\/p>\n<p>Compartimos la entrevista completa<\/p>\n<p><a href=\"https:\/\/archive.org\/details\/audio-ruben-reyna-cero-blastos-04-08-2020\">Descargar<\/a><\/p>\n<p>&nbsp;<\/p>\n<audio class=\"wp-audio-shortcode\" id=\"audio-2308-2\" preload=\"none\" style=\"width: 100%;\" controls=\"controls\"><source type=\"audio\/mpeg\" src=\"https:\/\/archive.org\/download\/audio-ruben-reyna-cero-blastos-04-08-2020\/AUDIO%20-%20RUBEN%20REYNA%20%28CERO%20BLASTOS%29%2004%2008%202020.mp3?_=2\" \/><a href=\"https:\/\/archive.org\/download\/audio-ruben-reyna-cero-blastos-04-08-2020\/AUDIO%20-%20RUBEN%20REYNA%20%28CERO%20BLASTOS%29%2004%2008%202020.mp3\">https:\/\/archive.org\/download\/audio-ruben-reyna-cero-blastos-04-08-2020\/AUDIO%20-%20RUBEN%20REYNA%20%28CERO%20BLASTOS%29%2004%2008%202020.mp3<\/a><\/audio>\n<div class=\"powerpress_player\" id=\"powerpress_player_8611\"><audio class=\"wp-audio-shortcode\" id=\"audio-2308-1\" preload=\"none\" style=\"width: 100%;\" controls=\"controls\"><source type=\"audio\/mpeg\" src=\"https:\/\/archive.org\/download\/audio-ruben-reyna-cero-blastos-04-08-2020\/AUDIO%20-%20RUBEN%20REYNA%20%28CERO%20BLASTOS%29%2004%2008%202020.mp3?_=1\" \/><a href=\"https:\/\/archive.org\/download\/audio-ruben-reyna-cero-blastos-04-08-2020\/AUDIO%20-%20RUBEN%20REYNA%20%28CERO%20BLASTOS%29%2004%2008%202020.mp3\">https:\/\/archive.org\/download\/audio-ruben-reyna-cero-blastos-04-08-2020\/AUDIO%20-%20RUBEN%20REYNA%20%28CERO%20BLASTOS%29%2004%2008%202020.mp3<\/a><\/audio><\/div><p class=\"powerpress_links powerpress_links_mp3\" style=\"margin-bottom: 1px !important;\">Podcast: <a href=\"https:\/\/archive.org\/download\/audio-ruben-reyna-cero-blastos-04-08-2020\/AUDIO%20-%20RUBEN%20REYNA%20%28CERO%20BLASTOS%29%2004%2008%202020.mp3\" class=\"powerpress_link_pinw\" target=\"_blank\" title=\"Reproducir en una nueva ventana\" onclick=\"return powerpress_pinw('https:\/\/fmtinkunaco.ar\/?powerpress_pinw=2308-podcast');\" rel=\"nofollow\">Reproducir en una nueva ventana<\/a> | <a href=\"https:\/\/archive.org\/download\/audio-ruben-reyna-cero-blastos-04-08-2020\/AUDIO%20-%20RUBEN%20REYNA%20%28CERO%20BLASTOS%29%2004%2008%202020.mp3\" class=\"powerpress_link_d\" title=\"Descargar\" rel=\"nofollow\" download=\"AUDIO%20-%20RUBEN%20REYNA%20%28CERO%20BLASTOS%29%2004%2008%202020.mp3\">Descargar<\/a><\/p>","protected":false},"excerpt":{"rendered":"<p>El grupo solidario Cero Blastos, convoca a la jornada de donaci\u00f3n de sangre del pr\u00f3ximo s\u00e1bado 8 de agosto, a partir de las 9hs. En di\u00e1logo con el programa radial \u201cEncuentro con las Noticias\u201d, Ruben Reyna, integrante del Grupo Cero Blastos, se refiri\u00f3 al trabajo que vienen realizando, \u201cNosotros solemos hacer jornadas de donaci\u00f3n de [&hellip;]<\/p>\n","protected":false},"author":1,"featured_media":2309,"comment_status":"open","ping_status":"open","sticky":false,"template":"","format":"standard","meta":{"footnotes":""},"categories":[7],"tags":[169,338],"class_list":["post-2308","post","type-post","status-publish","format-standard","has-post-thumbnail","hentry","category-salud","tag-donacion-de-sangre","tag-municipio-de-malvinas-argentinas"],"_links":{"self":[{"href":"https:\/\/fmtinkunaco.ar\/index.php?rest_route=\/wp\/v2\/posts\/2308","targetHints":{"allow":["GET"]}}],"collection":[{"href":"https:\/\/fmtinkunaco.ar\/index.php?rest_route=\/wp\/v2\/posts"}],"about":[{"href":"https:\/\/fmtinkunaco.ar\/index.php?rest_route=\/wp\/v2\/types\/post"}],"author":[{"embeddable":true,"href":"https:\/\/fmtinkunaco.ar\/index.php?rest_route=\/wp\/v2\/users\/1"}],"replies":[{"embeddable":true,"href":"https:\/\/fmtinkunaco.ar\/index.php?rest_route=%2Fwp%2Fv2%2Fcomments&post=2308"}],"version-history":[{"count":0,"href":"https:\/\/fmtinkunaco.ar\/index.php?rest_route=\/wp\/v2\/posts\/2308\/revisions"}],"wp:featuredmedia":[{"embeddable":true,"href":"https:\/\/fmtinkunaco.ar\/index.php?rest_route=\/"}],"wp:attachment":[{"href":"https:\/\/fmtinkunaco.ar\/index.php?rest_route=%2Fwp%2Fv2%2Fmedia&parent=2308"}],"wp:term":[{"taxonomy":"category","embeddable":true,"href":"https:\/\/fmtinkunaco.ar\/index.php?rest_route=%2Fwp%2Fv2%2Fcategories&post=2308"},{"taxonomy":"post_tag","embeddable":true,"href":"https:\/\/fmtinkunaco.ar\/index.php?rest_route=%2Fwp%2Fv2%2Ftags&post=2308"}],"curies":[{"name":"wp","href":"https:\/\/api.w.org\/{rel}","templated":true}]}}