{"id":2314,"date":"2020-08-05T10:43:15","date_gmt":"2020-08-05T13:43:15","guid":{"rendered":"http:\/\/fmtinkunaco.com.ar\/?p=2314"},"modified":"2020-08-05T10:43:15","modified_gmt":"2020-08-05T13:43:15","slug":"la-asamblea-no-al-cierre-de-las-salitas-de-jose-c-paz-realizo-un-reconocimiento-publico-a-los-doctores-de-franco-y-godoy","status":"publish","type":"post","link":"https:\/\/fmtinkunaco.ar\/?p=2314","title":{"rendered":"La asamblea no al cierre de las salitas de Jos\u00e9. C. Paz, realiz\u00f3 un reconocimiento p\u00fablico a los Doctores De Franco y Godoy."},"content":{"rendered":"<p>En las \u00faltimas horas, la asamblea no al cierre de las salitas de Jos\u00e9. C. Paz, realiz\u00f3 un reconocimiento p\u00fablico a los Doctores De Franco y Godoy. Y expresaron su rechazo al destrato que recibieron por parte del intendente Mario Ishii.<\/p>\n<p>Hace unas semanas, se dio a conocer que el Dr. De Franco y el Dr. Godoy asum\u00edan funciones en la Secretar\u00eda de Salud, De Franco como Director M\u00e9dico y Godoy \u00a0como Responsable de la Atenci\u00f3n Primaria de la Salud.<\/p>\n<p>En medio de diferentes acciones que le deban una mirada comunitaria y un importante compromiso de los doctores, los mismos fueron maltratados, acusados de no estar cumpliendo su trabajo, y menospreciados por el propio Ishii.<\/p>\n<p>En di\u00e1logo con el programa radial \u201cEncuentro con las Noticias\u201d, Marcelo Ochoa, integrante de la asamblea no al cierre de las salitas, se refiri\u00f3 a la situaci\u00f3n <em>\u201cEsto si bien tuvo lugar hace un par de semanas, decidimos de alguna manera darle el tiempo y la difusi\u00f3n que se merece porque sabemos que el propio Ejecutivo Municipal y el \u00c1rea de la Secretar\u00eda de Salud estuvo envuelto en declaraciones muy tristes para lo que es la definici\u00f3n de pol\u00edticas p\u00fablicas locales en salud, entonces quer\u00edamos tambi\u00e9n darle el espacio que se merec\u00eda\u201d<\/em>.<\/p>\n<p>Ochoa, adem\u00e1s, se refiri\u00f3 al motivo que movi\u00f3 a la asamblea a visibilizar estos hechos, <em>\u201cLa asamblea siempre asumi\u00f3 el compromiso de hacer p\u00fablicas las cuestiones relacionadas a las condiciones laborales de los m\u00e9dicos, de los administrativos\u201d<\/em>.<\/p>\n<p>A partir de la publicaci\u00f3n que realiz\u00f3 la Asamblea en sus redes sociales, la misma se llen\u00f3 de comentarios de agradecimiento, reconocimiento y cari\u00f1o para los Doctores De Franco y Godoy.<\/p>\n<p>De Franco durante m\u00e1s de 20 a\u00f1os trabaj\u00f3 en el \u00e1rea de pacientes con tuberculos y form\u00f3 AMS. Godoy por su parte se dedica a la parte de neumonolog\u00eda infantil.<\/p>\n<p>Haciendo click aqu\u00ed podes acceder a la publicaci\u00f3n.<\/p>\n<p>Compartimos la entrevista completa<\/p>\n<p><a href=\"https:\/\/archive.org\/details\/audio-marcelo-ochoa-no-al-cierre-de-las-salitas-05-08-2020\">Descargar<\/a><\/p>\n<p>&nbsp;<\/p>\n<audio class=\"wp-audio-shortcode\" id=\"audio-2314-2\" preload=\"none\" style=\"width: 100%;\" controls=\"controls\"><source type=\"audio\/mpeg\" src=\"https:\/\/archive.org\/download\/audio-marcelo-ochoa-no-al-cierre-de-las-salitas-05-08-2020\/AUDIO%20-%20MARCELO%20OCHOA%20%28NO%20AL%20CIERRE%20DE%20LAS%20SALITAS%29%2005%2008%202020.mp3?_=2\" \/><a href=\"https:\/\/archive.org\/download\/audio-marcelo-ochoa-no-al-cierre-de-las-salitas-05-08-2020\/AUDIO%20-%20MARCELO%20OCHOA%20%28NO%20AL%20CIERRE%20DE%20LAS%20SALITAS%29%2005%2008%202020.mp3\">https:\/\/archive.org\/download\/audio-marcelo-ochoa-no-al-cierre-de-las-salitas-05-08-2020\/AUDIO%20-%20MARCELO%20OCHOA%20%28NO%20AL%20CIERRE%20DE%20LAS%20SALITAS%29%2005%2008%202020.mp3<\/a><\/audio>\n<div class=\"powerpress_player\" id=\"powerpress_player_3707\"><audio class=\"wp-audio-shortcode\" id=\"audio-2314-1\" preload=\"none\" style=\"width: 100%;\" controls=\"controls\"><source type=\"audio\/mpeg\" src=\"https:\/\/archive.org\/download\/audio-marcelo-ochoa-no-al-cierre-de-las-salitas-05-08-2020\/AUDIO%20-%20MARCELO%20OCHOA%20%28NO%20AL%20CIERRE%20DE%20LAS%20SALITAS%29%2005%2008%202020.mp3?_=1\" \/><a href=\"https:\/\/archive.org\/download\/audio-marcelo-ochoa-no-al-cierre-de-las-salitas-05-08-2020\/AUDIO%20-%20MARCELO%20OCHOA%20%28NO%20AL%20CIERRE%20DE%20LAS%20SALITAS%29%2005%2008%202020.mp3\">https:\/\/archive.org\/download\/audio-marcelo-ochoa-no-al-cierre-de-las-salitas-05-08-2020\/AUDIO%20-%20MARCELO%20OCHOA%20%28NO%20AL%20CIERRE%20DE%20LAS%20SALITAS%29%2005%2008%202020.mp3<\/a><\/audio><\/div><p class=\"powerpress_links powerpress_links_mp3\" style=\"margin-bottom: 1px !important;\">Podcast: <a href=\"https:\/\/archive.org\/download\/audio-marcelo-ochoa-no-al-cierre-de-las-salitas-05-08-2020\/AUDIO%20-%20MARCELO%20OCHOA%20%28NO%20AL%20CIERRE%20DE%20LAS%20SALITAS%29%2005%2008%202020.mp3\" class=\"powerpress_link_pinw\" target=\"_blank\" title=\"Reproducir en una nueva ventana\" onclick=\"return powerpress_pinw('https:\/\/fmtinkunaco.ar\/?powerpress_pinw=2314-podcast');\" rel=\"nofollow\">Reproducir en una nueva ventana<\/a> | <a href=\"https:\/\/archive.org\/download\/audio-marcelo-ochoa-no-al-cierre-de-las-salitas-05-08-2020\/AUDIO%20-%20MARCELO%20OCHOA%20%28NO%20AL%20CIERRE%20DE%20LAS%20SALITAS%29%2005%2008%202020.mp3\" class=\"powerpress_link_d\" title=\"Descargar\" rel=\"nofollow\" download=\"AUDIO%20-%20MARCELO%20OCHOA%20%28NO%20AL%20CIERRE%20DE%20LAS%20SALITAS%29%2005%2008%202020.mp3\">Descargar<\/a><\/p>","protected":false},"excerpt":{"rendered":"<p>En las \u00faltimas horas, la asamblea no al cierre de las salitas de Jos\u00e9. C. Paz, realiz\u00f3 un reconocimiento p\u00fablico a los Doctores De Franco y Godoy. Y expresaron su rechazo al destrato que recibieron por parte del intendente Mario Ishii. Hace unas semanas, se dio a conocer que el Dr. De Franco y el [&hellip;]<\/p>\n","protected":false},"author":1,"featured_media":2315,"comment_status":"open","ping_status":"open","sticky":false,"template":"","format":"standard","meta":{"footnotes":""},"categories":[7],"tags":[52,172,173,303,337],"class_list":["post-2314","post","type-post","status-publish","format-standard","has-post-thumbnail","hentry","category-salud","tag-asamblea-no-al-cierre-de-las-salitas","tag-dr-franco","tag-dr-godoy","tag-mario-ishii","tag-municipio-de-jose-c-paz"],"_links":{"self":[{"href":"https:\/\/fmtinkunaco.ar\/index.php?rest_route=\/wp\/v2\/posts\/2314","targetHints":{"allow":["GET"]}}],"collection":[{"href":"https:\/\/fmtinkunaco.ar\/index.php?rest_route=\/wp\/v2\/posts"}],"about":[{"href":"https:\/\/fmtinkunaco.ar\/index.php?rest_route=\/wp\/v2\/types\/post"}],"author":[{"embeddable":true,"href":"https:\/\/fmtinkunaco.ar\/index.php?rest_route=\/wp\/v2\/users\/1"}],"replies":[{"embeddable":true,"href":"https:\/\/fmtinkunaco.ar\/index.php?rest_route=%2Fwp%2Fv2%2Fcomments&post=2314"}],"version-history":[{"count":0,"href":"https:\/\/fmtinkunaco.ar\/index.php?rest_route=\/wp\/v2\/posts\/2314\/revisions"}],"wp:featuredmedia":[{"embeddable":true,"href":"https:\/\/fmtinkunaco.ar\/index.php?rest_route=\/"}],"wp:attachment":[{"href":"https:\/\/fmtinkunaco.ar\/index.php?rest_route=%2Fwp%2Fv2%2Fmedia&parent=2314"}],"wp:term":[{"taxonomy":"category","embeddable":true,"href":"https:\/\/fmtinkunaco.ar\/index.php?rest_route=%2Fwp%2Fv2%2Fcategories&post=2314"},{"taxonomy":"post_tag","embeddable":true,"href":"https:\/\/fmtinkunaco.ar\/index.php?rest_route=%2Fwp%2Fv2%2Ftags&post=2314"}],"curies":[{"name":"wp","href":"https:\/\/api.w.org\/{rel}","templated":true}]}}