{"id":2320,"date":"2020-08-06T09:46:54","date_gmt":"2020-08-06T12:46:54","guid":{"rendered":"http:\/\/fmtinkunaco.com.ar\/?p=2320"},"modified":"2020-08-06T09:46:54","modified_gmt":"2020-08-06T12:46:54","slug":"movimiento-nacional-ferroviario-se-cumplen-9-anos-de-la-reincorporacion-de-los-companeros-despedidos-por-tba-y-perseguidos-por-la-fraternidad","status":"publish","type":"post","link":"https:\/\/fmtinkunaco.ar\/?p=2320","title":{"rendered":"Movimiento Nacional Ferroviario: se cumplen 9 a\u00f1os de la reincorporaci\u00f3n de los compa\u00f1eros despedidos por TBA y perseguidos por La Fraternidad"},"content":{"rendered":"<p>Se cumplen 9 a\u00f1os de la reincorporaci\u00f3n de los compa\u00f1eros despedidos por TBA y perseguidos por La Fraternidad. Tras casi 4 a\u00f1os de lucha y movimiento, se logr\u00f3. Hoy los compa\u00f1eros siguen trabajando, sin haber perdido su dignidad ni rendirse a los aprietes.<\/p>\n<p>Compartimos las entrevistas completas, realizada por el programa radial \u201cEmpezar de Nuevo\u201d de la FM Tinkunaco.<\/p>\n<p>Miguel Fern\u00e1ndez<\/p>\n<p><a href=\"https:\/\/archive.org\/details\/audio-01-miguel-fernandez\">Descargar<\/a><\/p>\n<audio class=\"wp-audio-shortcode\" id=\"audio-2320-2\" preload=\"none\" style=\"width: 100%;\" controls=\"controls\"><source type=\"audio\/mpeg\" src=\"https:\/\/archive.org\/download\/audio-01-miguel-fernandez\/AUDIO%2001%20-%20MIGUEL%20FERNANDEZ.mp3?_=2\" \/><a href=\"https:\/\/archive.org\/download\/audio-01-miguel-fernandez\/AUDIO%2001%20-%20MIGUEL%20FERNANDEZ.mp3\">https:\/\/archive.org\/download\/audio-01-miguel-fernandez\/AUDIO%2001%20-%20MIGUEL%20FERNANDEZ.mp3<\/a><\/audio>\n<p>&nbsp;<\/p>\n<p>Julio Rivadeneira<\/p>\n<p><a href=\"https:\/\/archive.org\/details\/audio-02-julio-rivadeneira\">Descargar<\/a><\/p>\n<p>&nbsp;<\/p>\n<audio class=\"wp-audio-shortcode\" id=\"audio-2320-3\" preload=\"none\" style=\"width: 100%;\" controls=\"controls\"><source type=\"audio\/mpeg\" src=\"https:\/\/archive.org\/download\/audio-02-julio-rivadeneira\/AUDIO%2002%20-%20JULIO%20RIVADENEIRA.mp3?_=3\" \/><a href=\"https:\/\/archive.org\/download\/audio-02-julio-rivadeneira\/AUDIO%2002%20-%20JULIO%20RIVADENEIRA.mp3\">https:\/\/archive.org\/download\/audio-02-julio-rivadeneira\/AUDIO%2002%20-%20JULIO%20RIVADENEIRA.mp3<\/a><\/audio>\n<div class=\"powerpress_player\" id=\"powerpress_player_501\"><audio class=\"wp-audio-shortcode\" id=\"audio-2320-1\" preload=\"none\" style=\"width: 100%;\" controls=\"controls\"><source type=\"audio\/mpeg\" src=\"https:\/\/archive.org\/download\/audio-01-miguel-fernandez\/AUDIO%2001%20-%20MIGUEL%20FERNANDEZ.mp3?_=1\" \/><a href=\"https:\/\/archive.org\/download\/audio-01-miguel-fernandez\/AUDIO%2001%20-%20MIGUEL%20FERNANDEZ.mp3\">https:\/\/archive.org\/download\/audio-01-miguel-fernandez\/AUDIO%2001%20-%20MIGUEL%20FERNANDEZ.mp3<\/a><\/audio><\/div><p class=\"powerpress_links powerpress_links_mp3\" style=\"margin-bottom: 1px !important;\">Podcast: <a href=\"https:\/\/archive.org\/download\/audio-01-miguel-fernandez\/AUDIO%2001%20-%20MIGUEL%20FERNANDEZ.mp3\" class=\"powerpress_link_pinw\" target=\"_blank\" title=\"Reproducir en una nueva ventana\" onclick=\"return powerpress_pinw('https:\/\/fmtinkunaco.ar\/?powerpress_pinw=2320-podcast');\" rel=\"nofollow\">Reproducir en una nueva ventana<\/a> | <a href=\"https:\/\/archive.org\/download\/audio-01-miguel-fernandez\/AUDIO%2001%20-%20MIGUEL%20FERNANDEZ.mp3\" class=\"powerpress_link_d\" title=\"Descargar\" rel=\"nofollow\" download=\"AUDIO%2001%20-%20MIGUEL%20FERNANDEZ.mp3\">Descargar<\/a><\/p>","protected":false},"excerpt":{"rendered":"<p>Se cumplen 9 a\u00f1os de la reincorporaci\u00f3n de los compa\u00f1eros despedidos por TBA y perseguidos por La Fraternidad. Tras casi 4 a\u00f1os de lucha y movimiento, se logr\u00f3. Hoy los compa\u00f1eros siguen trabajando, sin haber perdido su dignidad ni rendirse a los aprietes. Compartimos las entrevistas completas, realizada por el programa radial \u201cEmpezar de Nuevo\u201d [&hellip;]<\/p>\n","protected":false},"author":1,"featured_media":2321,"comment_status":"open","ping_status":"open","sticky":false,"template":"","format":"standard","meta":{"footnotes":""},"categories":[9],"tags":[186,217,329,489],"class_list":["post-2320","post","type-post","status-publish","format-standard","has-post-thumbnail","hentry","category-sociedad","tag-empezar-de-nuevo","tag-fm-tinkunaco","tag-movimiento-nacional-ferroviario","tag-tren-sarmiento"],"_links":{"self":[{"href":"https:\/\/fmtinkunaco.ar\/index.php?rest_route=\/wp\/v2\/posts\/2320","targetHints":{"allow":["GET"]}}],"collection":[{"href":"https:\/\/fmtinkunaco.ar\/index.php?rest_route=\/wp\/v2\/posts"}],"about":[{"href":"https:\/\/fmtinkunaco.ar\/index.php?rest_route=\/wp\/v2\/types\/post"}],"author":[{"embeddable":true,"href":"https:\/\/fmtinkunaco.ar\/index.php?rest_route=\/wp\/v2\/users\/1"}],"replies":[{"embeddable":true,"href":"https:\/\/fmtinkunaco.ar\/index.php?rest_route=%2Fwp%2Fv2%2Fcomments&post=2320"}],"version-history":[{"count":0,"href":"https:\/\/fmtinkunaco.ar\/index.php?rest_route=\/wp\/v2\/posts\/2320\/revisions"}],"wp:featuredmedia":[{"embeddable":true,"href":"https:\/\/fmtinkunaco.ar\/index.php?rest_route=\/"}],"wp:attachment":[{"href":"https:\/\/fmtinkunaco.ar\/index.php?rest_route=%2Fwp%2Fv2%2Fmedia&parent=2320"}],"wp:term":[{"taxonomy":"category","embeddable":true,"href":"https:\/\/fmtinkunaco.ar\/index.php?rest_route=%2Fwp%2Fv2%2Fcategories&post=2320"},{"taxonomy":"post_tag","embeddable":true,"href":"https:\/\/fmtinkunaco.ar\/index.php?rest_route=%2Fwp%2Fv2%2Ftags&post=2320"}],"curies":[{"name":"wp","href":"https:\/\/api.w.org\/{rel}","templated":true}]}}