{"id":2323,"date":"2020-08-06T11:36:38","date_gmt":"2020-08-06T14:36:38","guid":{"rendered":"http:\/\/fmtinkunaco.com.ar\/?p=2323"},"modified":"2020-08-06T11:36:38","modified_gmt":"2020-08-06T14:36:38","slug":"escobar-trabajadores-y-trabajadoras-toman-de-manera-pacifica-el-sanatorio-plaza","status":"publish","type":"post","link":"https:\/\/fmtinkunaco.ar\/?p=2323","title":{"rendered":"Escobar: Trabajadores y Trabajadoras toman de manera pac\u00edfica el Sanatorio Plaza"},"content":{"rendered":"<p>Los trabajadores y trabajadoras del Sanatorio Plaza, se encuentran exigiendo el pago de sus sueldos adeudados, aguinaldo y la reincorporaci\u00f3n a sus puestos de trabajo.<\/p>\n<p>El Sanatorio Plaza es PAMI dependiente, este organismo decidi\u00f3 quitarle las c\u00e1pitas al sanatorio y ponerlas a disposici\u00f3n del municipio de Escobar.<\/p>\n<p>En di\u00e1logo con el programa radial \u201cEncuentro con las Noticias\u201d, Itati, quien acompa\u00f1a la lucha de los compa\u00f1eros y compa\u00f1eras, se refiri\u00f3 al conflicto, <em>\u201cEste Sanatorio era PAMI dependiente, trabajaba con 7.800 c\u00e1pitas del PAMI y lo que ha hecho ahora el PAMI es retirarle esas c\u00e1pitas a este sanatorio y entreg\u00e1rselo al gobierno municipal para que lo gestione su gobierno municipal. Lo cierto es que, los due\u00f1os, la patronal le dijeron bueno s\u00ed PAMI me retira las c\u00e1pitas yo no puedo seguir abierto y se cerr\u00f3 el lugar\u201d<\/em>.<\/p>\n<p>Adem\u00e1s, Itat\u00ed, se refiri\u00f3 a la toma pac\u00edfica el Sanatorio, <em>\u201cLo que decidieron los trabajadores al ver que se empezaban a llevar las cosas es permanecer en una ocupaci\u00f3n pac\u00edfica dentro del sanatorio a fin de que se reabra y por supuesto de que regularicen la cantidad de salarios y aguinaldo adeudados pero aparte tener trabajo<\/em>\u201d.<\/p>\n<p>Compartimos la entrevista completa<\/p>\n<p><a href=\"https:\/\/archive.org\/details\/audio-01-itati-docente\">Descargar<\/a><\/p>\n<audio class=\"wp-audio-shortcode\" id=\"audio-2323-2\" preload=\"none\" style=\"width: 100%;\" controls=\"controls\"><source type=\"audio\/mpeg\" src=\"https:\/\/archive.org\/download\/audio-01-itati-docente\/AUDIO%2001%20-%20ITATI%20%28DOCENTE%29.mp3?_=2\" \/><a href=\"https:\/\/archive.org\/download\/audio-01-itati-docente\/AUDIO%2001%20-%20ITATI%20%28DOCENTE%29.mp3\">https:\/\/archive.org\/download\/audio-01-itati-docente\/AUDIO%2001%20-%20ITATI%20%28DOCENTE%29.mp3<\/a><\/audio>\n<p>&nbsp;<\/p>\n<p>Enzo, trabajador administrativo del Sanatorio, describi\u00f3 el tema salarial, <em>\u201cEl sanatorio lo \u00fanico que hac\u00eda era internaci\u00f3n de PAMI, ellos recib\u00edan la plata y nos pagaban 50% del sueldo pero m\u00e1s no pod\u00edan pagar seg\u00fan ellos. Estos \u00faltimos 6 meses nos pagaban un poco menos de la mitad del sueldo que ten\u00edamos que cobrar\u201d<\/em>.<\/p>\n<p>Actualmente son 26 los trabajadores y trabajadoras afectados por el conflicto, algunos profesionales m\u00e9dicos se encuentran en juicio con el Sanatorio.<\/p>\n<p>Enzo, tambi\u00e9n, se refiri\u00f3 a la respuesta de la patronal, <em>\u201cHace 3 semanas se acerc\u00f3 el apoderado de la empresa, nos dijo que esta semana nos iba a llamar para pagarnos lo que nos deb\u00eda, que no vengamos m\u00e1s a trabajar y que esperemos la llamada. O sea no hubo ninguna carta documento, nada legal escrito\u201d<\/em>.<\/p>\n<p>En el d\u00eda de hoy, los trabajadores y trabajadores se manifestar\u00e1n frente al municipio de Escobar, encabezado por el intendente Ariel Sujarchuk, con el objetivo de que las autoridades puedan resolver el conflicto.<\/p>\n<p>Aunque los trabajadores remarcan que solo han recibido negativas y desinter\u00e9s por parte del Ejecutivo Municipal.<\/p>\n<p>Compartimos la entrevista completa<\/p>\n<p><a href=\"https:\/\/archive.org\/details\/audio-02-enzo-administrativo-sanatorio-plaza\">Descargar<\/a><\/p>\n<p>&nbsp;<\/p>\n<audio class=\"wp-audio-shortcode\" id=\"audio-2323-3\" preload=\"none\" style=\"width: 100%;\" controls=\"controls\"><source type=\"audio\/mpeg\" src=\"https:\/\/archive.org\/download\/audio-02-enzo-administrativo-sanatorio-plaza\/AUDIO%2002%20-%20ENZO%20%28ADMINISTRATIVO%20SANATORIO%20PLAZA%29.mp3?_=3\" \/><a href=\"https:\/\/archive.org\/download\/audio-02-enzo-administrativo-sanatorio-plaza\/AUDIO%2002%20-%20ENZO%20%28ADMINISTRATIVO%20SANATORIO%20PLAZA%29.mp3\">https:\/\/archive.org\/download\/audio-02-enzo-administrativo-sanatorio-plaza\/AUDIO%2002%20-%20ENZO%20%28ADMINISTRATIVO%20SANATORIO%20PLAZA%29.mp3<\/a><\/audio>\n<p>&nbsp;<\/p>\n<p>Fotograf\u00eda:\u00a0https:\/\/noticias106.com\/<\/p>\n<p>&nbsp;<\/p>\n<p>&nbsp;<\/p>\n<div class=\"powerpress_player\" id=\"powerpress_player_9923\"><audio class=\"wp-audio-shortcode\" id=\"audio-2323-1\" preload=\"none\" style=\"width: 100%;\" controls=\"controls\"><source type=\"audio\/mpeg\" src=\"https:\/\/archive.org\/download\/audio-01-itati-docente\/AUDIO%2001%20-%20ITATI%20%28DOCENTE%29.mp3?_=1\" \/><a href=\"https:\/\/archive.org\/download\/audio-01-itati-docente\/AUDIO%2001%20-%20ITATI%20%28DOCENTE%29.mp3\">https:\/\/archive.org\/download\/audio-01-itati-docente\/AUDIO%2001%20-%20ITATI%20%28DOCENTE%29.mp3<\/a><\/audio><\/div><p class=\"powerpress_links powerpress_links_mp3\" style=\"margin-bottom: 1px !important;\">Podcast: <a href=\"https:\/\/archive.org\/download\/audio-01-itati-docente\/AUDIO%2001%20-%20ITATI%20%28DOCENTE%29.mp3\" class=\"powerpress_link_pinw\" target=\"_blank\" title=\"Reproducir en una nueva ventana\" onclick=\"return powerpress_pinw('https:\/\/fmtinkunaco.ar\/?powerpress_pinw=2323-podcast');\" rel=\"nofollow\">Reproducir en una nueva ventana<\/a> | <a href=\"https:\/\/archive.org\/download\/audio-01-itati-docente\/AUDIO%2001%20-%20ITATI%20%28DOCENTE%29.mp3\" class=\"powerpress_link_d\" title=\"Descargar\" rel=\"nofollow\" download=\"AUDIO%2001%20-%20ITATI%20%28DOCENTE%29.mp3\">Descargar<\/a><\/p>","protected":false},"excerpt":{"rendered":"<p>Los trabajadores y trabajadoras del Sanatorio Plaza, se encuentran exigiendo el pago de sus sueldos adeudados, aguinaldo y la reincorporaci\u00f3n a sus puestos de trabajo. El Sanatorio Plaza es PAMI dependiente, este organismo decidi\u00f3 quitarle las c\u00e1pitas al sanatorio y ponerlas a disposici\u00f3n del municipio de Escobar. En di\u00e1logo con el programa radial \u201cEncuentro con [&hellip;]<\/p>\n","protected":false},"author":1,"featured_media":2324,"comment_status":"open","ping_status":"open","sticky":false,"template":"","format":"standard","meta":{"footnotes":""},"categories":[7],"tags":[188,443,484],"class_list":["post-2323","post","type-post","status-publish","format-standard","has-post-thumbnail","hentry","category-salud","tag-escobar","tag-salud-publica","tag-trabajadorxs-de-la-salud"],"_links":{"self":[{"href":"https:\/\/fmtinkunaco.ar\/index.php?rest_route=\/wp\/v2\/posts\/2323","targetHints":{"allow":["GET"]}}],"collection":[{"href":"https:\/\/fmtinkunaco.ar\/index.php?rest_route=\/wp\/v2\/posts"}],"about":[{"href":"https:\/\/fmtinkunaco.ar\/index.php?rest_route=\/wp\/v2\/types\/post"}],"author":[{"embeddable":true,"href":"https:\/\/fmtinkunaco.ar\/index.php?rest_route=\/wp\/v2\/users\/1"}],"replies":[{"embeddable":true,"href":"https:\/\/fmtinkunaco.ar\/index.php?rest_route=%2Fwp%2Fv2%2Fcomments&post=2323"}],"version-history":[{"count":0,"href":"https:\/\/fmtinkunaco.ar\/index.php?rest_route=\/wp\/v2\/posts\/2323\/revisions"}],"wp:featuredmedia":[{"embeddable":true,"href":"https:\/\/fmtinkunaco.ar\/index.php?rest_route=\/"}],"wp:attachment":[{"href":"https:\/\/fmtinkunaco.ar\/index.php?rest_route=%2Fwp%2Fv2%2Fmedia&parent=2323"}],"wp:term":[{"taxonomy":"category","embeddable":true,"href":"https:\/\/fmtinkunaco.ar\/index.php?rest_route=%2Fwp%2Fv2%2Fcategories&post=2323"},{"taxonomy":"post_tag","embeddable":true,"href":"https:\/\/fmtinkunaco.ar\/index.php?rest_route=%2Fwp%2Fv2%2Ftags&post=2323"}],"curies":[{"name":"wp","href":"https:\/\/api.w.org\/{rel}","templated":true}]}}