{"id":2327,"date":"2020-08-07T11:19:52","date_gmt":"2020-08-07T14:19:52","guid":{"rendered":"http:\/\/fmtinkunaco.com.ar\/?p=2327"},"modified":"2020-08-07T11:19:52","modified_gmt":"2020-08-07T14:19:52","slug":"jose-c-paz-reinicio-de-la-continuidad-pedagogica","status":"publish","type":"post","link":"https:\/\/fmtinkunaco.ar\/?p=2327","title":{"rendered":"Jos\u00e9. C. Paz: Reinici\u00f3 de la continuidad pedag\u00f3gica"},"content":{"rendered":"<p>Con la finalizaci\u00f3n del receso de invierno, lleg\u00f3 la continuidad pedag\u00f3gica de modo virtual y el balance de la primera parte del a\u00f1o para rever diferentes cuestiones.<\/p>\n<p>En di\u00e1logo con el programa radial \u201cEncuentro con las Noticias\u201d, Daniel Mart\u00ednez, SUTEBA Jos\u00e9. C. Paz \u2013 seccional General Sarmiento, se refiri\u00f3 al reinicio de la continuidad pedag\u00f3gica, <em>\u201cLo que marca el reinicio es justamente que esta semana hubo entrega de bolsones alimentarios, en el marco de un pico de pandemia y una multiplicaci\u00f3n de casos que en Jos\u00e9. C. Paz llega a 2.079, creo que es el n\u00famero de hoy. Esto como preocupaci\u00f3n, hay escuelas que tenemos hasta 10 casos de familias o chicos que est\u00e1n infectados de COVID. As\u00ed que con la preocupaci\u00f3n sanitaria\u201d<\/em>.<\/p>\n<p>Adem\u00e1s, Mart\u00ednez, realiz\u00f3 una descripci\u00f3n de las principales complicaciones de esta continuidad, <em>\u201cNosotros planteamos la preocupaci\u00f3n, en principio, cuando empez\u00f3 el ASPO y se transforma la escuela presencial en una escuela virtual, que en relaci\u00f3n al sobretrabajo, la sobre exigencia, los gastos que origina el sostenimiento de estas actividades en el marco de la virtualidad. Hemos ido aprendiendo, corrigiendo, una de las cuestiones que seguimos reclamando es primero la provisi\u00f3n no solamente el tema de la aparici\u00f3n de cr\u00e9ditos y dem\u00e1s que implicar\u00eda el endeudamiento de los docentes, sino la garant\u00eda del estado del abastecimiento del materias informativo necesario y la capacitaci\u00f3n necesaria en cuanto al manejo de estos instrumentos tecnol\u00f3gicos\u201d<\/em>.<\/p>\n<p>Pr\u00f3ximamente, adem\u00e1s, se realizara la renovaci\u00f3n de planteles escolares y se har\u00e1n de modo virtual los actos p\u00fablicos.<\/p>\n<p>Compartimos la entrevista completa<\/p>\n<p><a href=\"https:\/\/archive.org\/details\/audio-daniel-martinez-suteba-gral-sarmiento-07-08-2020\">Descargar<\/p>\n<p><\/a><\/p>\n<audio class=\"wp-audio-shortcode\" id=\"audio-2327-2\" preload=\"none\" style=\"width: 100%;\" controls=\"controls\"><source type=\"audio\/mpeg\" src=\"https:\/\/archive.org\/download\/audio-daniel-martinez-suteba-gral-sarmiento-07-08-2020\/AUDIO%20-%20DANIEL%20MARTINEZ%20%28SUTEBA%20GRAL%20SARMIENTO%29%2007%2008%202020.mp3?_=2\" \/><a href=\"https:\/\/archive.org\/download\/audio-daniel-martinez-suteba-gral-sarmiento-07-08-2020\/AUDIO%20-%20DANIEL%20MARTINEZ%20%28SUTEBA%20GRAL%20SARMIENTO%29%2007%2008%202020.mp3\">https:\/\/archive.org\/download\/audio-daniel-martinez-suteba-gral-sarmiento-07-08-2020\/AUDIO%20-%20DANIEL%20MARTINEZ%20%28SUTEBA%20GRAL%20SARMIENTO%29%2007%2008%202020.mp3<\/a><\/audio>\n<div class=\"powerpress_player\" id=\"powerpress_player_2269\"><audio class=\"wp-audio-shortcode\" id=\"audio-2327-1\" preload=\"none\" style=\"width: 100%;\" controls=\"controls\"><source type=\"audio\/mpeg\" src=\"https:\/\/archive.org\/download\/audio-daniel-martinez-suteba-gral-sarmiento-07-08-2020\/AUDIO%20-%20DANIEL%20MARTINEZ%20%28SUTEBA%20GRAL%20SARMIENTO%29%2007%2008%202020.mp3?_=1\" \/><a href=\"https:\/\/archive.org\/download\/audio-daniel-martinez-suteba-gral-sarmiento-07-08-2020\/AUDIO%20-%20DANIEL%20MARTINEZ%20%28SUTEBA%20GRAL%20SARMIENTO%29%2007%2008%202020.mp3\">https:\/\/archive.org\/download\/audio-daniel-martinez-suteba-gral-sarmiento-07-08-2020\/AUDIO%20-%20DANIEL%20MARTINEZ%20%28SUTEBA%20GRAL%20SARMIENTO%29%2007%2008%202020.mp3<\/a><\/audio><\/div><p class=\"powerpress_links powerpress_links_mp3\" style=\"margin-bottom: 1px !important;\">Podcast: <a href=\"https:\/\/archive.org\/download\/audio-daniel-martinez-suteba-gral-sarmiento-07-08-2020\/AUDIO%20-%20DANIEL%20MARTINEZ%20%28SUTEBA%20GRAL%20SARMIENTO%29%2007%2008%202020.mp3\" class=\"powerpress_link_pinw\" target=\"_blank\" title=\"Reproducir en una nueva ventana\" onclick=\"return powerpress_pinw('https:\/\/fmtinkunaco.ar\/?powerpress_pinw=2327-podcast');\" rel=\"nofollow\">Reproducir en una nueva ventana<\/a> | <a href=\"https:\/\/archive.org\/download\/audio-daniel-martinez-suteba-gral-sarmiento-07-08-2020\/AUDIO%20-%20DANIEL%20MARTINEZ%20%28SUTEBA%20GRAL%20SARMIENTO%29%2007%2008%202020.mp3\" class=\"powerpress_link_d\" title=\"Descargar\" rel=\"nofollow\" download=\"AUDIO%20-%20DANIEL%20MARTINEZ%20%28SUTEBA%20GRAL%20SARMIENTO%29%2007%2008%202020.mp3\">Descargar<\/a><\/p>","protected":false},"excerpt":{"rendered":"<p>Con la finalizaci\u00f3n del receso de invierno, lleg\u00f3 la continuidad pedag\u00f3gica de modo virtual y el balance de la primera parte del a\u00f1o para rever diferentes cuestiones. En di\u00e1logo con el programa radial \u201cEncuentro con las Noticias\u201d, Daniel Mart\u00ednez, SUTEBA Jos\u00e9. C. Paz \u2013 seccional General Sarmiento, se refiri\u00f3 al reinicio de la continuidad pedag\u00f3gica, [&hellip;]<\/p>\n","protected":false},"author":1,"featured_media":2181,"comment_status":"open","ping_status":"open","sticky":false,"template":"","format":"standard","meta":{"footnotes":""},"categories":[5],"tags":[129,174,187,337],"class_list":["post-2327","post","type-post","status-publish","format-standard","has-post-thumbnail","hentry","category-educacion","tag-continuidad-pedagogica","tag-eduacion","tag-entrega-de-bolsones","tag-municipio-de-jose-c-paz"],"_links":{"self":[{"href":"https:\/\/fmtinkunaco.ar\/index.php?rest_route=\/wp\/v2\/posts\/2327","targetHints":{"allow":["GET"]}}],"collection":[{"href":"https:\/\/fmtinkunaco.ar\/index.php?rest_route=\/wp\/v2\/posts"}],"about":[{"href":"https:\/\/fmtinkunaco.ar\/index.php?rest_route=\/wp\/v2\/types\/post"}],"author":[{"embeddable":true,"href":"https:\/\/fmtinkunaco.ar\/index.php?rest_route=\/wp\/v2\/users\/1"}],"replies":[{"embeddable":true,"href":"https:\/\/fmtinkunaco.ar\/index.php?rest_route=%2Fwp%2Fv2%2Fcomments&post=2327"}],"version-history":[{"count":0,"href":"https:\/\/fmtinkunaco.ar\/index.php?rest_route=\/wp\/v2\/posts\/2327\/revisions"}],"wp:featuredmedia":[{"embeddable":true,"href":"https:\/\/fmtinkunaco.ar\/index.php?rest_route=\/"}],"wp:attachment":[{"href":"https:\/\/fmtinkunaco.ar\/index.php?rest_route=%2Fwp%2Fv2%2Fmedia&parent=2327"}],"wp:term":[{"taxonomy":"category","embeddable":true,"href":"https:\/\/fmtinkunaco.ar\/index.php?rest_route=%2Fwp%2Fv2%2Fcategories&post=2327"},{"taxonomy":"post_tag","embeddable":true,"href":"https:\/\/fmtinkunaco.ar\/index.php?rest_route=%2Fwp%2Fv2%2Ftags&post=2327"}],"curies":[{"name":"wp","href":"https:\/\/api.w.org\/{rel}","templated":true}]}}