{"id":2329,"date":"2020-08-11T11:10:48","date_gmt":"2020-08-11T14:10:48","guid":{"rendered":"http:\/\/fmtinkunaco.com.ar\/?p=2329"},"modified":"2020-08-11T11:10:48","modified_gmt":"2020-08-11T14:10:48","slug":"trabajadores-del-centro-de-recepcion-de-menores-de-pablo-nogues-continuan-denunciando-la-precariedad-laboral","status":"publish","type":"post","link":"https:\/\/fmtinkunaco.ar\/?p=2329","title":{"rendered":"Trabajadores del Centro de Recepci\u00f3n de Menores de Pablo Nogu\u00e9s contin\u00faan denunciando la precariedad laboral"},"content":{"rendered":"<p>Trabajadores y trabajadoras del Centro de Recepci\u00f3n de Menores de Pablo Nogu\u00e9s, se encuentran denunciando la precariedad laboral actual, y exigen principalmente la suspensi\u00f3n del ingreso de menores al centro y el ingreso de personal.<\/p>\n<p>Existe un alto n\u00famero de contagiados y contagiadas por COVID 19 en el centro de recepci\u00f3n, falleciendo el fin de semana uno de los integrantes del \u00e1rea de Ni\u00f1ez y Adolescencia.<\/p>\n<p>En di\u00e1logo con el programa radial \u201cEncuentro con las Noticias\u201d, Antonio Gonz\u00e1lez, docente del centro de recepci\u00f3n, se refiri\u00f3 a la situaci\u00f3n como docente, \u00a0<em>\u201cDesde el comienzo del\u00a0 aislamiento social, preventivo y obligatorio, todos los docentes no hemos podido continuar con nuestras tareas habituales dentro del instituto. Vale recordar que es un espacio bastante complejo en el cual nosotros actuamos, con todas las particularidades que tiene dar clases en contexto de encierro\u201d<\/em>.<\/p>\n<p>Los y las docentes, se enteraron de la situaci\u00f3n interna del lugar por diferentes compa\u00f1eros que visibilizaron la situaci\u00f3n.<\/p>\n<p>En est\u00e1 l\u00ednea, Gonz\u00e1lez, describi\u00f3, <em>\u201cLa situaci\u00f3n est\u00e1 bastante compleja, hay varias familias de las asistentes que est\u00e1n a la espera de resultados; algunos dieron positivos, otros dieron negativos. \u00a0No hay nuevos nombramientos dentro de los asistentes que trabajan, as\u00ed que es la misma cantidad de gente y tienen que hacer muchas veces el mismo trabajo o m\u00e1s, menos personas. Es una situaci\u00f3n muy compleja, hay gente del sector de cocina, gente del sector de salud o asistentes mismos que est\u00e1n a la espera de resultados y que tambi\u00e9n muchos de ellos son personas calificadas como personas de riesgo<\/em>\u201d.<\/p>\n<p>Finalmente, Antonio Gonz\u00e1lez, remarc\u00f3 <em>\u201cNosotros nos pudimos comunicar con la Secretar\u00eda de Educaci\u00f3n de Malvinas Argentinas, no nos dieron muchas respuestas; y tambi\u00e9n nos comunicamos con la Secretar\u00eda de Derechos Humanos del Municipio y no informaron que hoy iban a acercarse al establecimiento a exigir explicaciones con respecto a estas situaciones\u201d<\/em>.<\/p>\n<p>Compartimos la entrevista completa<\/p>\n<p><a href=\"https:\/\/archive.org\/details\/audio-antonio-gonzalez-11-08-2020\">Descargar<\/a><\/p>\n<p>&nbsp;<\/p>\n<audio class=\"wp-audio-shortcode\" id=\"audio-2329-2\" preload=\"none\" style=\"width: 100%;\" controls=\"controls\"><source type=\"audio\/mpeg\" src=\"https:\/\/archive.org\/download\/audio-antonio-gonzalez-11-08-2020\/AUDIO%20-%20ANTONIO%20GONZALEZ%2011%2008%202020.mp3?_=2\" \/><a href=\"https:\/\/archive.org\/download\/audio-antonio-gonzalez-11-08-2020\/AUDIO%20-%20ANTONIO%20GONZALEZ%2011%2008%202020.mp3\">https:\/\/archive.org\/download\/audio-antonio-gonzalez-11-08-2020\/AUDIO%20-%20ANTONIO%20GONZALEZ%2011%2008%202020.mp3<\/a><\/audio>\n<p>&nbsp;<\/p>\n<div class=\"powerpress_player\" id=\"powerpress_player_8374\"><audio class=\"wp-audio-shortcode\" id=\"audio-2329-1\" preload=\"none\" style=\"width: 100%;\" controls=\"controls\"><source type=\"audio\/mpeg\" src=\"https:\/\/archive.org\/download\/audio-antonio-gonzalez-11-08-2020\/AUDIO%20-%20ANTONIO%20GONZALEZ%2011%2008%202020.mp3?_=1\" \/><a href=\"https:\/\/archive.org\/download\/audio-antonio-gonzalez-11-08-2020\/AUDIO%20-%20ANTONIO%20GONZALEZ%2011%2008%202020.mp3\">https:\/\/archive.org\/download\/audio-antonio-gonzalez-11-08-2020\/AUDIO%20-%20ANTONIO%20GONZALEZ%2011%2008%202020.mp3<\/a><\/audio><\/div><p class=\"powerpress_links powerpress_links_mp3\" style=\"margin-bottom: 1px !important;\">Podcast: <a href=\"https:\/\/archive.org\/download\/audio-antonio-gonzalez-11-08-2020\/AUDIO%20-%20ANTONIO%20GONZALEZ%2011%2008%202020.mp3\" class=\"powerpress_link_pinw\" target=\"_blank\" title=\"Reproducir en una nueva ventana\" onclick=\"return powerpress_pinw('https:\/\/fmtinkunaco.ar\/?powerpress_pinw=2329-podcast');\" rel=\"nofollow\">Reproducir en una nueva ventana<\/a> | <a href=\"https:\/\/archive.org\/download\/audio-antonio-gonzalez-11-08-2020\/AUDIO%20-%20ANTONIO%20GONZALEZ%2011%2008%202020.mp3\" class=\"powerpress_link_d\" title=\"Descargar\" rel=\"nofollow\" download=\"AUDIO%20-%20ANTONIO%20GONZALEZ%2011%2008%202020.mp3\">Descargar<\/a><\/p>","protected":false},"excerpt":{"rendered":"<p>Trabajadores y trabajadoras del Centro de Recepci\u00f3n de Menores de Pablo Nogu\u00e9s, se encuentran denunciando la precariedad laboral actual, y exigen principalmente la suspensi\u00f3n del ingreso de menores al centro y el ingreso de personal. Existe un alto n\u00famero de contagiados y contagiadas por COVID 19 en el centro de recepci\u00f3n, falleciendo el fin de [&hellip;]<\/p>\n","protected":false},"author":1,"featured_media":2332,"comment_status":"open","ping_status":"open","sticky":false,"template":"","format":"standard","meta":{"footnotes":""},"categories":[4],"tags":[103,338,369],"class_list":["post-2329","post","type-post","status-publish","format-standard","has-post-thumbnail","hentry","category-derechos-humanos","tag-centro-de-recepcion-de-menores","tag-municipio-de-malvinas-argentinas","tag-pablo-nogues"],"_links":{"self":[{"href":"https:\/\/fmtinkunaco.ar\/index.php?rest_route=\/wp\/v2\/posts\/2329","targetHints":{"allow":["GET"]}}],"collection":[{"href":"https:\/\/fmtinkunaco.ar\/index.php?rest_route=\/wp\/v2\/posts"}],"about":[{"href":"https:\/\/fmtinkunaco.ar\/index.php?rest_route=\/wp\/v2\/types\/post"}],"author":[{"embeddable":true,"href":"https:\/\/fmtinkunaco.ar\/index.php?rest_route=\/wp\/v2\/users\/1"}],"replies":[{"embeddable":true,"href":"https:\/\/fmtinkunaco.ar\/index.php?rest_route=%2Fwp%2Fv2%2Fcomments&post=2329"}],"version-history":[{"count":0,"href":"https:\/\/fmtinkunaco.ar\/index.php?rest_route=\/wp\/v2\/posts\/2329\/revisions"}],"wp:featuredmedia":[{"embeddable":true,"href":"https:\/\/fmtinkunaco.ar\/index.php?rest_route=\/"}],"wp:attachment":[{"href":"https:\/\/fmtinkunaco.ar\/index.php?rest_route=%2Fwp%2Fv2%2Fmedia&parent=2329"}],"wp:term":[{"taxonomy":"category","embeddable":true,"href":"https:\/\/fmtinkunaco.ar\/index.php?rest_route=%2Fwp%2Fv2%2Fcategories&post=2329"},{"taxonomy":"post_tag","embeddable":true,"href":"https:\/\/fmtinkunaco.ar\/index.php?rest_route=%2Fwp%2Fv2%2Ftags&post=2329"}],"curies":[{"name":"wp","href":"https:\/\/api.w.org\/{rel}","templated":true}]}}