{"id":2334,"date":"2020-08-18T10:35:41","date_gmt":"2020-08-18T13:35:41","guid":{"rendered":"http:\/\/fmtinkunaco.com.ar\/?p=2334"},"modified":"2020-08-18T10:35:41","modified_gmt":"2020-08-18T13:35:41","slug":"aumentan-los-casos-de-covid-19-en-el-hospital-mercante","status":"publish","type":"post","link":"https:\/\/fmtinkunaco.ar\/?p=2334","title":{"rendered":"Aumentan los casos de COVID 19 en el Hospital Mercante"},"content":{"rendered":"<p>En el Hospital provincial Mercante de Jos\u00e9. C. Paz aumentaron los casos sospechosos y positivos de COVID 19.<\/p>\n<p>En di\u00e1logo con el programa radial \u201cEncuentro con las Noticias\u201d, Silvia Mitschenco, Enfermera del Hospital Mercante de Jos\u00e9. C. Paz, se refiri\u00f3 al incremento de casos sospechosos y positivos covid en el Mercante, \u00a0<em>\u201cEl hospital tambi\u00e9n ha tenido un incremento de casos en todas las \u00e1reas, en el sector C tenemos cantidad de casos sospechosos, 10;\u00a0 cantidad de casos confirmados por covid, 1 y 1 caso de aislamiento. De las 8 camas de terapia, que son las camas al cien por cien, 2 est\u00e1n ocupadas con casos confirmados de covid y 2 son casos sospechosos y en pediatr\u00eda tenemos 3 casos de aislamiento por sospechas de covid<\/em>\u201d.<\/p>\n<p>Adem\u00e1s, Mitschenco, remarc\u00f3 que seg\u00fan el control que realizaron como gremio y comisi\u00f3n, hay un alto n\u00famero de infectados en el sector de enfermer\u00eda, <em>\u201cEl personal con mayor \u00edndice de contagio, y casos confirmados de nuestros compa\u00f1eros, han sido los del sector de terapia intensiva de adultos. Nuestro control como gremio y como comisi\u00f3n, arrojaban que el 50% del personal de enfermer\u00eda hab\u00eda contra\u00eddo y estaba confirmado como covid positivo\u201d<\/em>.<\/p>\n<p>Finalmente, Mitschenco, denunci\u00f3 que muchos compa\u00f1eros y compa\u00f1eras que son personal de riesgo, se encuentran luchando por el reconocimiento de sus carpetas medicas, <em>\u201cEn qu\u00e9 situaci\u00f3n estamos hoy los trabajadores, en la lucha de reconocimiento de las carpetas medicas; nosotros aun tenemos compa\u00f1eros que no se los quiere reconocer y darles la carpeta medica. \u00a0Son personal de riesgo, por eso la cantidad de compa\u00f1eros que tenemos en la salud, compa\u00f1eras del hospital San Isidro, compa\u00f1eras del hospital Castex, todos los casos coincidentemente que han fallecido eran personal de riesgo, eran compa\u00f1eros que ten\u00edan que estar protegidos, no tendr\u00edan que haber estado en el hospital\u201d<\/em>.<\/p>\n<p>Compartimos la entrevista completa<\/p>\n<p><a href=\"https:\/\/archive.org\/details\/audio-silvia-mitschenco-13-08-2020\">Descargar<\/a><\/p>\n<audio class=\"wp-audio-shortcode\" id=\"audio-2334-2\" preload=\"none\" style=\"width: 100%;\" controls=\"controls\"><source type=\"audio\/mpeg\" src=\"https:\/\/archive.org\/download\/audio-silvia-mitschenco-13-08-2020\/AUDIO%20-%20SILVIA%20MITSCHENCO%2013%2008%202020.mp3?_=2\" \/><a href=\"https:\/\/archive.org\/download\/audio-silvia-mitschenco-13-08-2020\/AUDIO%20-%20SILVIA%20MITSCHENCO%2013%2008%202020.mp3\">https:\/\/archive.org\/download\/audio-silvia-mitschenco-13-08-2020\/AUDIO%20-%20SILVIA%20MITSCHENCO%2013%2008%202020.mp3<\/a><\/audio>\n<p>&nbsp;<\/p>\n<div class=\"powerpress_player\" id=\"powerpress_player_9326\"><audio class=\"wp-audio-shortcode\" id=\"audio-2334-1\" preload=\"none\" style=\"width: 100%;\" controls=\"controls\"><source type=\"audio\/mpeg\" src=\"https:\/\/archive.org\/download\/audio-silvia-mitschenco-13-08-2020\/AUDIO%20-%20SILVIA%20MITSCHENCO%2013%2008%202020.mp3?_=1\" \/><a href=\"https:\/\/archive.org\/download\/audio-silvia-mitschenco-13-08-2020\/AUDIO%20-%20SILVIA%20MITSCHENCO%2013%2008%202020.mp3\">https:\/\/archive.org\/download\/audio-silvia-mitschenco-13-08-2020\/AUDIO%20-%20SILVIA%20MITSCHENCO%2013%2008%202020.mp3<\/a><\/audio><\/div><p class=\"powerpress_links powerpress_links_mp3\" style=\"margin-bottom: 1px !important;\">Podcast: <a href=\"https:\/\/archive.org\/download\/audio-silvia-mitschenco-13-08-2020\/AUDIO%20-%20SILVIA%20MITSCHENCO%2013%2008%202020.mp3\" class=\"powerpress_link_pinw\" target=\"_blank\" title=\"Reproducir en una nueva ventana\" onclick=\"return powerpress_pinw('https:\/\/fmtinkunaco.ar\/?powerpress_pinw=2334-podcast');\" rel=\"nofollow\">Reproducir en una nueva ventana<\/a> | <a href=\"https:\/\/archive.org\/download\/audio-silvia-mitschenco-13-08-2020\/AUDIO%20-%20SILVIA%20MITSCHENCO%2013%2008%202020.mp3\" class=\"powerpress_link_d\" title=\"Descargar\" rel=\"nofollow\" download=\"AUDIO%20-%20SILVIA%20MITSCHENCO%2013%2008%202020.mp3\">Descargar<\/a><\/p>","protected":false},"excerpt":{"rendered":"<p>En el Hospital provincial Mercante de Jos\u00e9. C. Paz aumentaron los casos sospechosos y positivos de COVID 19. En di\u00e1logo con el programa radial \u201cEncuentro con las Noticias\u201d, Silvia Mitschenco, Enfermera del Hospital Mercante de Jos\u00e9. C. Paz, se refiri\u00f3 al incremento de casos sospechosos y positivos covid en el Mercante, \u00a0\u201cEl hospital tambi\u00e9n ha [&hellip;]<\/p>\n","protected":false},"author":1,"featured_media":1957,"comment_status":"open","ping_status":"open","sticky":false,"template":"","format":"standard","meta":{"footnotes":""},"categories":[7],"tags":[245,337],"class_list":["post-2334","post","type-post","status-publish","format-standard","has-post-thumbnail","hentry","category-salud","tag-hospital-mercante","tag-municipio-de-jose-c-paz"],"_links":{"self":[{"href":"https:\/\/fmtinkunaco.ar\/index.php?rest_route=\/wp\/v2\/posts\/2334","targetHints":{"allow":["GET"]}}],"collection":[{"href":"https:\/\/fmtinkunaco.ar\/index.php?rest_route=\/wp\/v2\/posts"}],"about":[{"href":"https:\/\/fmtinkunaco.ar\/index.php?rest_route=\/wp\/v2\/types\/post"}],"author":[{"embeddable":true,"href":"https:\/\/fmtinkunaco.ar\/index.php?rest_route=\/wp\/v2\/users\/1"}],"replies":[{"embeddable":true,"href":"https:\/\/fmtinkunaco.ar\/index.php?rest_route=%2Fwp%2Fv2%2Fcomments&post=2334"}],"version-history":[{"count":0,"href":"https:\/\/fmtinkunaco.ar\/index.php?rest_route=\/wp\/v2\/posts\/2334\/revisions"}],"wp:featuredmedia":[{"embeddable":true,"href":"https:\/\/fmtinkunaco.ar\/index.php?rest_route=\/"}],"wp:attachment":[{"href":"https:\/\/fmtinkunaco.ar\/index.php?rest_route=%2Fwp%2Fv2%2Fmedia&parent=2334"}],"wp:term":[{"taxonomy":"category","embeddable":true,"href":"https:\/\/fmtinkunaco.ar\/index.php?rest_route=%2Fwp%2Fv2%2Fcategories&post=2334"},{"taxonomy":"post_tag","embeddable":true,"href":"https:\/\/fmtinkunaco.ar\/index.php?rest_route=%2Fwp%2Fv2%2Ftags&post=2334"}],"curies":[{"name":"wp","href":"https:\/\/api.w.org\/{rel}","templated":true}]}}