{"id":2340,"date":"2020-08-18T11:17:45","date_gmt":"2020-08-18T14:17:45","guid":{"rendered":"http:\/\/fmtinkunaco.com.ar\/?p=2340"},"modified":"2020-08-18T11:17:45","modified_gmt":"2020-08-18T14:17:45","slug":"trabajadores-del-centro-de-recepcion-de-menores-de-pablo-nogues-denuncian-falta-de-medidas-de-cuidado-y-precariedad-laboral","status":"publish","type":"post","link":"https:\/\/fmtinkunaco.ar\/?p=2340","title":{"rendered":"Trabajadores del Centro de Recepci\u00f3n de Menores de Pablo Nogu\u00e9s denuncian falta de medidas de cuidado y precariedad laboral"},"content":{"rendered":"<p>Trabajadores y trabajadoras del Centro de Recepci\u00f3n de Menores, reclaman acciones por los contagios de\u00a0COVID 19\u00a0y denuncian la responsabilidad en la muerte de un compa\u00f1ero.<\/p>\n<p>En di\u00e1logo con el programa radial \u201cEncuentro con las Noticias\u201d, H\u00e9ctor Quiroga, Secretario General de ATE de Malvinas Argentinas y trabajador del Centro de Recepci\u00f3n, se refiri\u00f3 al protocolo y herramientas que solicitaron a las autoridades, <em>\u201cTuvimos 3 reuniones donde empezamos a solicitar las medidas m\u00ednimas de ingreso, un term\u00f3metro, alcohol en gel, guantes. Se preparo un lugar para que en caso de tener algunos chicos con alg\u00fan s\u00edntoma, se pueda aislar. Nosotros consideramos que si ten\u00eda un chico iba a ser r\u00e1pidamente propagado a todos, entonces con un lugar para dos, no era suficiente, que hab\u00eda que alertar, que hab\u00eda que empezar a tomar otras medidas, que se ten\u00eda que profundizar el protocolo. Y lamentablemente no se hizo caso, lo plantearon como una cuesti\u00f3n alarmista y hoy pagamos las consecuencias de esa desidia y de la falta de preparaci\u00f3n por parte de las autoridades<\/em>\u201d.<\/p>\n<p>La asamblea que se desarroll\u00f3 en el Centro de Recepci\u00f3n, exige:<\/p>\n<p>&#8211; Hisopados para el personal y los j\u00f3venes alojados.<\/p>\n<p>&#8211; Condiciones dignas de salud e higiene laboral.<\/p>\n<p>&#8211; Informe y Balance por escrito de las acciones tomadas.<\/p>\n<p>&#8211; Renuncia inmediata de los responsables.<\/p>\n<p>&#8211; Incorporaci\u00f3n urgente de personal.<\/p>\n<p>&#8211; Bonificaci\u00f3n del 120%.<\/p>\n<p>&#8211; Apertura de Paritarias.<\/p>\n<p>En esta l\u00ednea, Quiroga, remarc\u00f3 que las autoridades se comprometieron a comenzar a testear, \u201c<em>Las autoridades se comprometieron a comenzar a testear a los chicos y a testear a los adultos, asi que bueno es un peque\u00f1o avance en medio de esto pero esto se debe, b\u00e1sicamente, a que los compa\u00f1eros est\u00e1n en la puerta del instituto, sino no nos daban ninguna bolilla<\/em>\u201d.<\/p>\n<p>Compartimos entrevista completa<\/p>\n<p><a href=\"https:\/\/archive.org\/details\/audio-hector-quiroga-14-08-2020\">Descargar \u00a0<\/a><\/p>\n<p>&nbsp;<\/p>\n<audio class=\"wp-audio-shortcode\" id=\"audio-2340-2\" preload=\"none\" style=\"width: 100%;\" controls=\"controls\"><source type=\"audio\/mpeg\" src=\"https:\/\/archive.org\/download\/audio-hector-quiroga-14-08-2020\/AUDIO%20-%20HECTOR%20QUIROGA%2014%2008%202020.mp3?_=2\" \/><a href=\"https:\/\/archive.org\/download\/audio-hector-quiroga-14-08-2020\/AUDIO%20-%20HECTOR%20QUIROGA%2014%2008%202020.mp3\">https:\/\/archive.org\/download\/audio-hector-quiroga-14-08-2020\/AUDIO%20-%20HECTOR%20QUIROGA%2014%2008%202020.mp3<\/a><\/audio>\n<div class=\"powerpress_player\" id=\"powerpress_player_7315\"><audio class=\"wp-audio-shortcode\" id=\"audio-2340-1\" preload=\"none\" style=\"width: 100%;\" controls=\"controls\"><source type=\"audio\/mpeg\" src=\"https:\/\/archive.org\/download\/audio-hector-quiroga-14-08-2020\/AUDIO%20-%20HECTOR%20QUIROGA%2014%2008%202020.mp3?_=1\" \/><a href=\"https:\/\/archive.org\/download\/audio-hector-quiroga-14-08-2020\/AUDIO%20-%20HECTOR%20QUIROGA%2014%2008%202020.mp3\">https:\/\/archive.org\/download\/audio-hector-quiroga-14-08-2020\/AUDIO%20-%20HECTOR%20QUIROGA%2014%2008%202020.mp3<\/a><\/audio><\/div><p class=\"powerpress_links powerpress_links_mp3\" style=\"margin-bottom: 1px !important;\">Podcast: <a href=\"https:\/\/archive.org\/download\/audio-hector-quiroga-14-08-2020\/AUDIO%20-%20HECTOR%20QUIROGA%2014%2008%202020.mp3\" class=\"powerpress_link_pinw\" target=\"_blank\" title=\"Reproducir en una nueva ventana\" onclick=\"return powerpress_pinw('https:\/\/fmtinkunaco.ar\/?powerpress_pinw=2340-podcast');\" rel=\"nofollow\">Reproducir en una nueva ventana<\/a> | <a href=\"https:\/\/archive.org\/download\/audio-hector-quiroga-14-08-2020\/AUDIO%20-%20HECTOR%20QUIROGA%2014%2008%202020.mp3\" class=\"powerpress_link_d\" title=\"Descargar\" rel=\"nofollow\" download=\"AUDIO%20-%20HECTOR%20QUIROGA%2014%2008%202020.mp3\">Descargar<\/a><\/p>","protected":false},"excerpt":{"rendered":"<p>Trabajadores y trabajadoras del Centro de Recepci\u00f3n de Menores, reclaman acciones por los contagios de\u00a0COVID 19\u00a0y denuncian la responsabilidad en la muerte de un compa\u00f1ero. En di\u00e1logo con el programa radial \u201cEncuentro con las Noticias\u201d, H\u00e9ctor Quiroga, Secretario General de ATE de Malvinas Argentinas y trabajador del Centro de Recepci\u00f3n, se refiri\u00f3 al protocolo y [&hellip;]<\/p>\n","protected":false},"author":1,"featured_media":2332,"comment_status":"open","ping_status":"open","sticky":false,"template":"","format":"standard","meta":{"footnotes":""},"categories":[4],"tags":[103,369],"class_list":["post-2340","post","type-post","status-publish","format-standard","has-post-thumbnail","hentry","category-derechos-humanos","tag-centro-de-recepcion-de-menores","tag-pablo-nogues"],"_links":{"self":[{"href":"https:\/\/fmtinkunaco.ar\/index.php?rest_route=\/wp\/v2\/posts\/2340","targetHints":{"allow":["GET"]}}],"collection":[{"href":"https:\/\/fmtinkunaco.ar\/index.php?rest_route=\/wp\/v2\/posts"}],"about":[{"href":"https:\/\/fmtinkunaco.ar\/index.php?rest_route=\/wp\/v2\/types\/post"}],"author":[{"embeddable":true,"href":"https:\/\/fmtinkunaco.ar\/index.php?rest_route=\/wp\/v2\/users\/1"}],"replies":[{"embeddable":true,"href":"https:\/\/fmtinkunaco.ar\/index.php?rest_route=%2Fwp%2Fv2%2Fcomments&post=2340"}],"version-history":[{"count":0,"href":"https:\/\/fmtinkunaco.ar\/index.php?rest_route=\/wp\/v2\/posts\/2340\/revisions"}],"wp:featuredmedia":[{"embeddable":true,"href":"https:\/\/fmtinkunaco.ar\/index.php?rest_route=\/"}],"wp:attachment":[{"href":"https:\/\/fmtinkunaco.ar\/index.php?rest_route=%2Fwp%2Fv2%2Fmedia&parent=2340"}],"wp:term":[{"taxonomy":"category","embeddable":true,"href":"https:\/\/fmtinkunaco.ar\/index.php?rest_route=%2Fwp%2Fv2%2Fcategories&post=2340"},{"taxonomy":"post_tag","embeddable":true,"href":"https:\/\/fmtinkunaco.ar\/index.php?rest_route=%2Fwp%2Fv2%2Ftags&post=2340"}],"curies":[{"name":"wp","href":"https:\/\/api.w.org\/{rel}","templated":true}]}}