{"id":2352,"date":"2020-08-20T10:16:05","date_gmt":"2020-08-20T13:16:05","guid":{"rendered":"http:\/\/fmtinkunaco.com.ar\/?p=2352"},"modified":"2020-08-20T10:16:05","modified_gmt":"2020-08-20T13:16:05","slug":"fesprosa-y-40-organizaciones-gremiales-realizan-hoy-la-jornada-nacional-de-lucha-en-salud","status":"publish","type":"post","link":"https:\/\/fmtinkunaco.ar\/?p=2352","title":{"rendered":"FESPROSA y 40 organizaciones gremiales realizan hoy la Jornada Nacional de Lucha en Salud"},"content":{"rendered":"<p>Actualmente, el sector sanitario alcanza el n\u00famero de 20.000 infectados \u00a0y 65 fallecidos por COVOD 19 y denuncian desde mucho antes del comienzo de la pandemia la precarizaci\u00f3n laboral.<\/p>\n<p>En este marco, en el d\u00eda de hoy convocan a una jornada nacional de lucha.<\/p>\n<p>En di\u00e1logo con el programa radial \u201cEncuentro con las Noticias\u201d, Jorge Yabkowski, Secretario General de la Federaci\u00f3n Sindical de Profesionales de la Salud de la Rep\u00fablica Argentina (FESPROSA), se refiri\u00f3 a la situaci\u00f3n actual de los y las trabajadoras de la salud, <em>\u201cEs preocupante, porque ya pasamos la barrera de los 20 mil infectados con 65 fallecidos; buena parte de los infectados sobretodo de la \u00faltima etapa son del AMBA, \u00a0de los 20 mil unos 18 mil son del \u00c1rea Metropolitana de Buenos Aires. Entre los fallecidos, muchos hombres, muchos enfermeros, tambi\u00e9n colegas profesionales de la salud, personal auxiliar.<\/em><br \/>\n<em> La estamos pasando dif\u00edcil, hay un grado de agotamiento fuerte porque los equipos se van diezmando, en el Posadas tenemos m\u00e1s de 500 infectados y \u00a01300 aislados; lo cual hace que se sobrecargue el trabajo de la gente que queda, en un momento en el cual el pico de saturaci\u00f3n de camas est\u00e1 en el borde, no decimos que desbord\u00f3 pero s\u00ed que est\u00e1 en el borde goteando\u201d<\/em>.<\/p>\n<p>Adem\u00e1s, Yabkowski se refiri\u00f3 a la situaci\u00f3n paritaria del personal de salud, <em>\u201cVes la paritaria de camioneros 28, 30; bancarios 27 y preguntas por las estatales y qu\u00e9 te dice el Ministro, no tenemos plata, no podemos llamar a paritaria estatal porque el d\u00e9ficit fiscal aumentar\u00eda arriba de 7 puntos el PBI, as\u00ed que olv\u00eddense hasta el a\u00f1o que viene y por ultimo pedimos la extensi\u00f3n del bono hasta fin de a\u00f1o porque la pandemia no se termina y la duplicaci\u00f3n porque 5 mil pesos hoy no llenas el changuito y tambi\u00e9n nos dijeron que no hab\u00eda plata. Asi que es como te aplaudo, pero no te reconozco\u201d<\/em>.<\/p>\n<p>En este marco, en el d\u00eda de hoy se realizar\u00e1 una medida de fuerza a nivel nacional con el objetivo principal de la desprecarizaci\u00f3n laboral y el aumento salarial, <em>\u201cLa medida nacional tiene que ver con que vamos a estar movilizados en todo el pa\u00eds, de acuerdo a la zona va a ser la movilizaci\u00f3n, va a haber actividades de visibilizaci\u00f3n ac\u00e1 en el AMBA , en los hospitales. No vamos a marchar, vamos a tener una concentraci\u00f3n en la Plaza de San Justo nada m\u00e1s; en el interior va a haber caravanas; (\u2026) de R\u00edo Turbio a Tartagal vamos a estar movilizados con esta consigna de denos bola, no nos conformen con un perd\u00f3n\u201d<\/em>.<\/p>\n<p>Compartimos la entrevista completa<\/p>\n<p><a href=\"https:\/\/archive.org\/details\/audio-jorge-yabkowski\">Descargar<\/a><\/p>\n<audio class=\"wp-audio-shortcode\" id=\"audio-2352-2\" preload=\"none\" style=\"width: 100%;\" controls=\"controls\"><source type=\"audio\/mpeg\" src=\"https:\/\/archive.org\/download\/audio-jorge-yabkowski\/AUDIO%20-%20JORGE%20YABKOWSKI.mp3?_=2\" \/><a href=\"https:\/\/archive.org\/download\/audio-jorge-yabkowski\/AUDIO%20-%20JORGE%20YABKOWSKI.mp3\">https:\/\/archive.org\/download\/audio-jorge-yabkowski\/AUDIO%20-%20JORGE%20YABKOWSKI.mp3<\/a><\/audio>\n<div class=\"powerpress_player\" id=\"powerpress_player_3936\"><audio class=\"wp-audio-shortcode\" id=\"audio-2352-1\" preload=\"none\" style=\"width: 100%;\" controls=\"controls\"><source type=\"audio\/mpeg\" src=\"https:\/\/archive.org\/download\/audio-jorge-yabkowski\/AUDIO%20-%20JORGE%20YABKOWSKI.mp3?_=1\" \/><a href=\"https:\/\/archive.org\/download\/audio-jorge-yabkowski\/AUDIO%20-%20JORGE%20YABKOWSKI.mp3\">https:\/\/archive.org\/download\/audio-jorge-yabkowski\/AUDIO%20-%20JORGE%20YABKOWSKI.mp3<\/a><\/audio><\/div><p class=\"powerpress_links powerpress_links_mp3\" style=\"margin-bottom: 1px !important;\">Podcast: <a href=\"https:\/\/archive.org\/download\/audio-jorge-yabkowski\/AUDIO%20-%20JORGE%20YABKOWSKI.mp3\" class=\"powerpress_link_pinw\" target=\"_blank\" title=\"Reproducir en una nueva ventana\" onclick=\"return powerpress_pinw('https:\/\/fmtinkunaco.ar\/?powerpress_pinw=2352-podcast');\" rel=\"nofollow\">Reproducir en una nueva ventana<\/a> | <a href=\"https:\/\/archive.org\/download\/audio-jorge-yabkowski\/AUDIO%20-%20JORGE%20YABKOWSKI.mp3\" class=\"powerpress_link_d\" title=\"Descargar\" rel=\"nofollow\" download=\"AUDIO%20-%20JORGE%20YABKOWSKI.mp3\">Descargar<\/a><\/p>","protected":false},"excerpt":{"rendered":"<p>Actualmente, el sector sanitario alcanza el n\u00famero de 20.000 infectados \u00a0y 65 fallecidos por COVOD 19 y denuncian desde mucho antes del comienzo de la pandemia la precarizaci\u00f3n laboral. En este marco, en el d\u00eda de hoy convocan a una jornada nacional de lucha. En di\u00e1logo con el programa radial \u201cEncuentro con las Noticias\u201d, Jorge [&hellip;]<\/p>\n","protected":false},"author":1,"featured_media":2353,"comment_status":"open","ping_status":"open","sticky":false,"template":"","format":"standard","meta":{"footnotes":""},"categories":[7],"tags":[214,264],"class_list":["post-2352","post","type-post","status-publish","format-standard","has-post-thumbnail","hentry","category-salud","tag-fesprosa","tag-jornada-nacional-de-lucha"],"_links":{"self":[{"href":"https:\/\/fmtinkunaco.ar\/index.php?rest_route=\/wp\/v2\/posts\/2352","targetHints":{"allow":["GET"]}}],"collection":[{"href":"https:\/\/fmtinkunaco.ar\/index.php?rest_route=\/wp\/v2\/posts"}],"about":[{"href":"https:\/\/fmtinkunaco.ar\/index.php?rest_route=\/wp\/v2\/types\/post"}],"author":[{"embeddable":true,"href":"https:\/\/fmtinkunaco.ar\/index.php?rest_route=\/wp\/v2\/users\/1"}],"replies":[{"embeddable":true,"href":"https:\/\/fmtinkunaco.ar\/index.php?rest_route=%2Fwp%2Fv2%2Fcomments&post=2352"}],"version-history":[{"count":0,"href":"https:\/\/fmtinkunaco.ar\/index.php?rest_route=\/wp\/v2\/posts\/2352\/revisions"}],"wp:featuredmedia":[{"embeddable":true,"href":"https:\/\/fmtinkunaco.ar\/index.php?rest_route=\/"}],"wp:attachment":[{"href":"https:\/\/fmtinkunaco.ar\/index.php?rest_route=%2Fwp%2Fv2%2Fmedia&parent=2352"}],"wp:term":[{"taxonomy":"category","embeddable":true,"href":"https:\/\/fmtinkunaco.ar\/index.php?rest_route=%2Fwp%2Fv2%2Fcategories&post=2352"},{"taxonomy":"post_tag","embeddable":true,"href":"https:\/\/fmtinkunaco.ar\/index.php?rest_route=%2Fwp%2Fv2%2Ftags&post=2352"}],"curies":[{"name":"wp","href":"https:\/\/api.w.org\/{rel}","templated":true}]}}