{"id":2356,"date":"2020-08-20T11:30:22","date_gmt":"2020-08-20T14:30:22","guid":{"rendered":"http:\/\/fmtinkunaco.com.ar\/?p=2356"},"modified":"2020-08-20T11:30:22","modified_gmt":"2020-08-20T14:30:22","slug":"centro-de-recepcion-de-menores-covid-restricciones-y-tension","status":"publish","type":"post","link":"https:\/\/fmtinkunaco.ar\/?p=2356","title":{"rendered":"Centro de Recepci\u00f3n de Menores: COVID, restricciones y tensi\u00f3n"},"content":{"rendered":"<p>Ayer por la noche, j\u00f3venes del Centro de Recepci\u00f3n de Menores de Pablo Nogu\u00e9s, realizaron un levantamiento contra diferentes restricciones a sus derechos dentro del establecimiento.<\/p>\n<p>Las autoridades les recortaron derechos, a partir de la baja en el n\u00famero de personal por el aumento en casos positivos de covid.<\/p>\n<p>En consecuencia de este levantamiento, tres asistentes fueron heridos pero se encuentran bien.<\/p>\n<p>En di\u00e1logo con el programa radial \u201cEncuentro con las Noticias\u201d, H\u00e9ctor Quiroga, Secretario General de ATE de Malvinas Argentinas y trabajador del Centro de Recepci\u00f3n, describi\u00f3 la situaci\u00f3n en la que actualmente se encuentra el Centro de Recepci\u00f3n de Menores de Pablo Nogu\u00e9s, <em>\u201cEsto es un correlato de una historia anunciada porque todo surge de la falta de prevenci\u00f3n en las medidas que se necesitaban en una instituci\u00f3n cerrada con un poco m\u00e1s de 50 chicos, que est\u00e1n obviamente privados de su libertad y trabajadores que lamentablemente se fueron enfermando de a poco. (\u2026) Al irse enfermando muchos de los compa\u00f1eros que hac\u00edan extras, se empezaron a verse los agujeros de falta de personal y esta es una situaci\u00f3n que se viene profundizando en los \u00faltimos cuatro a\u00f1os pero en realidad hace m\u00e1s de una d\u00e9cada que esta as\u00ed. (\u2026) Tenemos la parte estructural muy deteriorada, con hacinamiento, con los chicos que est\u00e1n privados\u201d<\/em>.<\/p>\n<p>Adem\u00e1s, Quiroga, se refiri\u00f3 a la situaci\u00f3n que desencadeno el reclamo de los j\u00f3venes del Centro y a la situaci\u00f3n sanitaria, <em>\u201cViene la autoridad sanitaria y hace testeos a 10 j\u00f3venes, de 2 m\u00f3dulos, 5 de cada modulo, nosotros tenemos 3 m\u00f3dulos. De esos 10 testeos, los 10 dan positivo, lo que determina en el d\u00eda de ayer la autoridad sanitaria, de acuerdo a lo que ellos tienen establecido, que quiere decir que toda la instituci\u00f3n ya tiene el covid. (\u2026) Al haber menos gente, ayer hab\u00eda tres trabajadores y siempre somos entre 6 y 7 por m\u00f3dulo y llego a los chicos el comentario de que se iban a reducir las salidas por no contar con el personal suficiente, \u00a0los chicos tienen que salir al patio y al comedor, se salen de a mitades pero si vos no ten\u00e9s un numero para la integridad de ellos y de los trabajadores, no podes sacarlos. Obviamente esto lo decidieron las autoridades y en vez de decir, ma\u00f1ana vamos a convocar a m\u00e1s personal, la idea es achicarles derechos, pasarle el problema a los pibes. Y anoche cuando se quiso realizar el acueste, un grupo que estaba en el comedor quiere manotearles la llave a un asistente, ten\u00edan una punta y lo lastiman. Y otro lo alcanza a sacar al asistente y tambi\u00e9n lo lastima. (\u2026) a la madrugada otro modulo presento reclamos y otro asistente es tambi\u00e9n lastimado\u201d<\/em>.<\/p>\n<p>Finalmente, Quiroga remarc\u00f3 que en el marco de los reclamos de la noche de ayer, las autoridades provinciales realizaron diferentes promesas pero que han llegado tarde, <em>\u201cAyer se hicieron presentes funcionarios de la provincia y les garantizaban que iban a dar barbijos y alcohol, nosotros lo ven\u00edamos haciendo pero volvieron a repetir lo mismo. Pero nosotros lo que planteamos no es que est\u00e1 mal, es que llegaron tarde\u201d<\/em>.<\/p>\n<p>Actualmente, la situaci\u00f3n se normaliz\u00f3.<\/p>\n<p>Compartimos la entrevista completa<\/p>\n<p><a href=\"https:\/\/archive.org\/details\/audio-hector-quiroga-ate-malvinas-20-08-2020\">Descargar<\/a><\/p>\n<p>&nbsp;<\/p>\n<audio class=\"wp-audio-shortcode\" id=\"audio-2356-2\" preload=\"none\" style=\"width: 100%;\" controls=\"controls\"><source type=\"audio\/mpeg\" src=\"https:\/\/archive.org\/download\/audio-hector-quiroga-ate-malvinas-20-08-2020\/AUDIO%20-%20HECTOR%20QUIROGA%20%28ATE%20MALVINAS%29%2020%2008%202020.mp3?_=2\" \/><a href=\"https:\/\/archive.org\/download\/audio-hector-quiroga-ate-malvinas-20-08-2020\/AUDIO%20-%20HECTOR%20QUIROGA%20%28ATE%20MALVINAS%29%2020%2008%202020.mp3\">https:\/\/archive.org\/download\/audio-hector-quiroga-ate-malvinas-20-08-2020\/AUDIO%20-%20HECTOR%20QUIROGA%20%28ATE%20MALVINAS%29%2020%2008%202020.mp3<\/a><\/audio>\n<div class=\"powerpress_player\" id=\"powerpress_player_122\"><audio class=\"wp-audio-shortcode\" id=\"audio-2356-1\" preload=\"none\" style=\"width: 100%;\" controls=\"controls\"><source type=\"audio\/mpeg\" src=\"https:\/\/archive.org\/download\/audio-hector-quiroga-ate-malvinas-20-08-2020\/AUDIO%20-%20HECTOR%20QUIROGA%20%28ATE%20MALVINAS%29%2020%2008%202020.mp3?_=1\" \/><a href=\"https:\/\/archive.org\/download\/audio-hector-quiroga-ate-malvinas-20-08-2020\/AUDIO%20-%20HECTOR%20QUIROGA%20%28ATE%20MALVINAS%29%2020%2008%202020.mp3\">https:\/\/archive.org\/download\/audio-hector-quiroga-ate-malvinas-20-08-2020\/AUDIO%20-%20HECTOR%20QUIROGA%20%28ATE%20MALVINAS%29%2020%2008%202020.mp3<\/a><\/audio><\/div><p class=\"powerpress_links powerpress_links_mp3\" style=\"margin-bottom: 1px !important;\">Podcast: <a href=\"https:\/\/archive.org\/download\/audio-hector-quiroga-ate-malvinas-20-08-2020\/AUDIO%20-%20HECTOR%20QUIROGA%20%28ATE%20MALVINAS%29%2020%2008%202020.mp3\" class=\"powerpress_link_pinw\" target=\"_blank\" title=\"Reproducir en una nueva ventana\" onclick=\"return powerpress_pinw('https:\/\/fmtinkunaco.ar\/?powerpress_pinw=2356-podcast');\" rel=\"nofollow\">Reproducir en una nueva ventana<\/a> | <a href=\"https:\/\/archive.org\/download\/audio-hector-quiroga-ate-malvinas-20-08-2020\/AUDIO%20-%20HECTOR%20QUIROGA%20%28ATE%20MALVINAS%29%2020%2008%202020.mp3\" class=\"powerpress_link_d\" title=\"Descargar\" rel=\"nofollow\" download=\"AUDIO%20-%20HECTOR%20QUIROGA%20%28ATE%20MALVINAS%29%2020%2008%202020.mp3\">Descargar<\/a><\/p>","protected":false},"excerpt":{"rendered":"<p>Ayer por la noche, j\u00f3venes del Centro de Recepci\u00f3n de Menores de Pablo Nogu\u00e9s, realizaron un levantamiento contra diferentes restricciones a sus derechos dentro del establecimiento. Las autoridades les recortaron derechos, a partir de la baja en el n\u00famero de personal por el aumento en casos positivos de covid. En consecuencia de este levantamiento, tres [&hellip;]<\/p>\n","protected":false},"author":1,"featured_media":2332,"comment_status":"open","ping_status":"open","sticky":false,"template":"","format":"standard","meta":{"footnotes":""},"categories":[4],"tags":[103],"class_list":["post-2356","post","type-post","status-publish","format-standard","has-post-thumbnail","hentry","category-derechos-humanos","tag-centro-de-recepcion-de-menores"],"_links":{"self":[{"href":"https:\/\/fmtinkunaco.ar\/index.php?rest_route=\/wp\/v2\/posts\/2356","targetHints":{"allow":["GET"]}}],"collection":[{"href":"https:\/\/fmtinkunaco.ar\/index.php?rest_route=\/wp\/v2\/posts"}],"about":[{"href":"https:\/\/fmtinkunaco.ar\/index.php?rest_route=\/wp\/v2\/types\/post"}],"author":[{"embeddable":true,"href":"https:\/\/fmtinkunaco.ar\/index.php?rest_route=\/wp\/v2\/users\/1"}],"replies":[{"embeddable":true,"href":"https:\/\/fmtinkunaco.ar\/index.php?rest_route=%2Fwp%2Fv2%2Fcomments&post=2356"}],"version-history":[{"count":0,"href":"https:\/\/fmtinkunaco.ar\/index.php?rest_route=\/wp\/v2\/posts\/2356\/revisions"}],"wp:featuredmedia":[{"embeddable":true,"href":"https:\/\/fmtinkunaco.ar\/index.php?rest_route=\/"}],"wp:attachment":[{"href":"https:\/\/fmtinkunaco.ar\/index.php?rest_route=%2Fwp%2Fv2%2Fmedia&parent=2356"}],"wp:term":[{"taxonomy":"category","embeddable":true,"href":"https:\/\/fmtinkunaco.ar\/index.php?rest_route=%2Fwp%2Fv2%2Fcategories&post=2356"},{"taxonomy":"post_tag","embeddable":true,"href":"https:\/\/fmtinkunaco.ar\/index.php?rest_route=%2Fwp%2Fv2%2Ftags&post=2356"}],"curies":[{"name":"wp","href":"https:\/\/api.w.org\/{rel}","templated":true}]}}