{"id":2358,"date":"2020-08-21T10:07:46","date_gmt":"2020-08-21T13:07:46","guid":{"rendered":"http:\/\/fmtinkunaco.com.ar\/?p=2358"},"modified":"2020-08-21T10:07:46","modified_gmt":"2020-08-21T13:07:46","slug":"a-44-anos-de-la-masacre-de-fatima","status":"publish","type":"post","link":"https:\/\/fmtinkunaco.ar\/?p=2358","title":{"rendered":"A 44 a\u00f1os de la Masacre de F\u00e1tima"},"content":{"rendered":"<p>En el marco de la pandemia, el aniversario de la Masacre de F\u00e1tima se vivi\u00f3 con diferentes actos conmemorativos con asistencia limitada pero sin perder la Memoria.<\/p>\n<p>En la madrugada del 20 de agosto de 1976, 20 hombres y 10 mujeres \u00a0fueron secuestrados por fuerzas militares, trasladadas a Pilar y dinamitadas.<\/p>\n<p>En di\u00e1logo con el programa radial \u201cEncuentro con las Noticias\u201d, Hugo Argente, hermano de una de las v\u00edctimas del terrorismo de estado, se refiri\u00f3 a lo at\u00edpico de este nuevo aniversario, <em>\u201cTodos los a\u00f1os nosotros ac\u00e1 en CABA \u00edbamos a lo que era la superintendencia de seguridad federal, que es donde estuvieron detenidos desaparecidos los compa\u00f1eros. De ah\u00ed los sacaron la madrugada del 20, los trasladaron hasta Pilar y en F\u00e1tima los asesinaron, los amontonaron y los dinamitaron. Despu\u00e9s de la superintendencia, pas\u00e1bamos por casa, com\u00edamos algo e \u00edbamos a la Escuela 9, ah\u00ed nos junt\u00e1bamos y hac\u00edamos el recorrido, desde ah\u00ed, al lugar donde fueron asesinados los compa\u00f1eros. Hoy es un d\u00eda at\u00edpico, y con esto de la pandemia no podemos hacer eso pero nosotros los familiares hicimos un video explicando que m\u00e1s all\u00e1 de no poder estar presentes como todos los a\u00f1os, est\u00e1n siempre en nuestro coraz\u00f3n, en nuestros recuerdos y reivindicamos su gloria y levantamos su bandera de lucha<\/em>\u201d.<\/p>\n<p>Adem\u00e1s, Argente, remarc\u00f3 <em>\u201cYo siempre digo que cre\u00edan que los mataban y los estaban sembrando, mis hijos, mis nietos, la misma juventud, esas ganas de mantener vivo, de conocer, de saber porque no nos interesa que crean que nosotros fuimos los due\u00f1os de la verdad, pero s\u00ed que sepan nuestra verdad\u201d<\/em>.<\/p>\n<p>Compartimos la entrevista completa<\/p>\n<p><a href=\"https:\/\/archive.org\/details\/audio-hugo-argente-masacre-de-fatima-20-08-2020\">Descargar<\/a><\/p>\n<audio class=\"wp-audio-shortcode\" id=\"audio-2358-2\" preload=\"none\" style=\"width: 100%;\" controls=\"controls\"><source type=\"audio\/mpeg\" src=\"https:\/\/archive.org\/download\/audio-hugo-argente-masacre-de-fatima-20-08-2020\/AUDIO%20-%20HUGO%20ARGENTE%20%28MASACRE%20DE%20FATIMA%29%2020%2008%202020.mp3?_=2\" \/><a href=\"https:\/\/archive.org\/download\/audio-hugo-argente-masacre-de-fatima-20-08-2020\/AUDIO%20-%20HUGO%20ARGENTE%20%28MASACRE%20DE%20FATIMA%29%2020%2008%202020.mp3\">https:\/\/archive.org\/download\/audio-hugo-argente-masacre-de-fatima-20-08-2020\/AUDIO%20-%20HUGO%20ARGENTE%20%28MASACRE%20DE%20FATIMA%29%2020%2008%202020.mp3<\/a><\/audio>\n<div class=\"powerpress_player\" id=\"powerpress_player_7475\"><audio class=\"wp-audio-shortcode\" id=\"audio-2358-1\" preload=\"none\" style=\"width: 100%;\" controls=\"controls\"><source type=\"audio\/mpeg\" src=\"https:\/\/archive.org\/download\/audio-hugo-argente-masacre-de-fatima-20-08-2020\/AUDIO%20-%20HUGO%20ARGENTE%20%28MASACRE%20DE%20FATIMA%29%2020%2008%202020.mp3?_=1\" \/><a href=\"https:\/\/archive.org\/download\/audio-hugo-argente-masacre-de-fatima-20-08-2020\/AUDIO%20-%20HUGO%20ARGENTE%20%28MASACRE%20DE%20FATIMA%29%2020%2008%202020.mp3\">https:\/\/archive.org\/download\/audio-hugo-argente-masacre-de-fatima-20-08-2020\/AUDIO%20-%20HUGO%20ARGENTE%20%28MASACRE%20DE%20FATIMA%29%2020%2008%202020.mp3<\/a><\/audio><\/div><p class=\"powerpress_links powerpress_links_mp3\" style=\"margin-bottom: 1px !important;\">Podcast: <a href=\"https:\/\/archive.org\/download\/audio-hugo-argente-masacre-de-fatima-20-08-2020\/AUDIO%20-%20HUGO%20ARGENTE%20%28MASACRE%20DE%20FATIMA%29%2020%2008%202020.mp3\" class=\"powerpress_link_pinw\" target=\"_blank\" title=\"Reproducir en una nueva ventana\" onclick=\"return powerpress_pinw('https:\/\/fmtinkunaco.ar\/?powerpress_pinw=2358-podcast');\" rel=\"nofollow\">Reproducir en una nueva ventana<\/a> | <a href=\"https:\/\/archive.org\/download\/audio-hugo-argente-masacre-de-fatima-20-08-2020\/AUDIO%20-%20HUGO%20ARGENTE%20%28MASACRE%20DE%20FATIMA%29%2020%2008%202020.mp3\" class=\"powerpress_link_d\" title=\"Descargar\" rel=\"nofollow\" download=\"AUDIO%20-%20HUGO%20ARGENTE%20%28MASACRE%20DE%20FATIMA%29%2020%2008%202020.mp3\">Descargar<\/a><\/p>","protected":false},"excerpt":{"rendered":"<p>En el marco de la pandemia, el aniversario de la Masacre de F\u00e1tima se vivi\u00f3 con diferentes actos conmemorativos con asistencia limitada pero sin perder la Memoria. En la madrugada del 20 de agosto de 1976, 20 hombres y 10 mujeres \u00a0fueron secuestrados por fuerzas militares, trasladadas a Pilar y dinamitadas. En di\u00e1logo con el [&hellip;]<\/p>\n","protected":false},"author":1,"featured_media":2359,"comment_status":"open","ping_status":"open","sticky":false,"template":"","format":"standard","meta":{"footnotes":""},"categories":[4],"tags":[305,340],"class_list":["post-2358","post","type-post","status-publish","format-standard","has-post-thumbnail","hentry","category-derechos-humanos","tag-masacre-de-fatima","tag-municipio-de-pilar"],"_links":{"self":[{"href":"https:\/\/fmtinkunaco.ar\/index.php?rest_route=\/wp\/v2\/posts\/2358","targetHints":{"allow":["GET"]}}],"collection":[{"href":"https:\/\/fmtinkunaco.ar\/index.php?rest_route=\/wp\/v2\/posts"}],"about":[{"href":"https:\/\/fmtinkunaco.ar\/index.php?rest_route=\/wp\/v2\/types\/post"}],"author":[{"embeddable":true,"href":"https:\/\/fmtinkunaco.ar\/index.php?rest_route=\/wp\/v2\/users\/1"}],"replies":[{"embeddable":true,"href":"https:\/\/fmtinkunaco.ar\/index.php?rest_route=%2Fwp%2Fv2%2Fcomments&post=2358"}],"version-history":[{"count":0,"href":"https:\/\/fmtinkunaco.ar\/index.php?rest_route=\/wp\/v2\/posts\/2358\/revisions"}],"wp:featuredmedia":[{"embeddable":true,"href":"https:\/\/fmtinkunaco.ar\/index.php?rest_route=\/"}],"wp:attachment":[{"href":"https:\/\/fmtinkunaco.ar\/index.php?rest_route=%2Fwp%2Fv2%2Fmedia&parent=2358"}],"wp:term":[{"taxonomy":"category","embeddable":true,"href":"https:\/\/fmtinkunaco.ar\/index.php?rest_route=%2Fwp%2Fv2%2Fcategories&post=2358"},{"taxonomy":"post_tag","embeddable":true,"href":"https:\/\/fmtinkunaco.ar\/index.php?rest_route=%2Fwp%2Fv2%2Ftags&post=2358"}],"curies":[{"name":"wp","href":"https:\/\/api.w.org\/{rel}","templated":true}]}}