{"id":2361,"date":"2020-08-25T10:41:51","date_gmt":"2020-08-25T13:41:51","guid":{"rendered":"http:\/\/fmtinkunaco.com.ar\/?p=2361"},"modified":"2020-08-25T10:41:51","modified_gmt":"2020-08-25T13:41:51","slug":"la-comisaria-1ra-de-pilar-denunciada-por-hostigamiento-sexual-y-homofobico","status":"publish","type":"post","link":"https:\/\/fmtinkunaco.ar\/?p=2361","title":{"rendered":"La Comisar\u00eda 1ra de Pilar denunciada por hostigamiento sexual y homof\u00f3bico"},"content":{"rendered":"<p>Ayer, un integrante de la Asamblea Permanente LGBT+ del Partido de Pilar, fue arrestado cuatro horas en la Comisaria 1ra de Pilar, por llevar su tapaboca bajo mientras andaba en bicicleta.<br \/>\nDesde la Asamblea denuncian que fue desnudado y humillado.<\/p>\n<p>Y exigen al municipio de Pilar que accione contra estos hechos aberrantes.<\/p>\n<p>En di\u00e1logo con el programa radial \u201cEncuentro con las Noticias\u201d, Lucas, quien fue v\u00edctima de la violencia institucional, describi\u00f3 los hechos, <em>\u201cEl argumento por el cual me detienen es porque yo no ten\u00eda puesto el barbijo, eso por lo menos dice la denuncia, yo lo ten\u00eda puesto pero estaba andando en bici y lo ten\u00eda bajo, por eso me detienen y me quieren revisar la mochila, yo me negu\u00e9 porque no estaba en ninguna actitud sospechosa y no tienen derecho a revisarme. A lo cual ellos me dicen que me van a llevar a la comisaria. (\u2026) Ah\u00ed comenz\u00f3 el hostigamiento, cuando me ven las medias que yo ten\u00eda con la bandera del orgullo, primero me dijeron maric\u00f3n y en el auto cuando me llevaban me preguntaron por mi sexualidad\u201d<\/em>.<\/p>\n<p>Adem\u00e1s, Lucas, remarc\u00f3 que en ning\u00fan momento le permitieron llamar a un abogado ni informar que \u00e9l se encontraba en el lugar, <em>\u201cEn la comisar\u00eda, no me permit\u00edan llamar a un abogado y nadie sab\u00eda que yo estaba ah\u00ed, en el calabozo me hicieron desnudar; supuestamente es parte de la requisa o de lo normal, la verdad no s\u00e9 por qu\u00e9 me llevaron al calabozo. S\u00ed lo \u00fanico que ten\u00edan que hacer era tomarme declaraci\u00f3n\u201d<\/em>.<\/p>\n<p>Y describi\u00f3 el momento de firmar la conformidad para irse, expresa haberlo hecho bajo amenaza, <em>\u201cAl momento en el que me hacen firmar la denuncia o la conformidad con lo que estaba escrito, una escena muy extra\u00f1a en la cual cierran las puertas de la comisaria, me hacen ponerme de espaldas, yo no sab\u00eda que iba a pasar as\u00ed que firme todo y pr\u00e1cticamente sin leer. La verdad es que considero que estaba bajo amenaza porque estaba solo con un polic\u00eda, nadie sab\u00eda que yo estaba ah\u00ed, la puerta de la comisaria estaba cerrada<\/em>\u201d.<\/p>\n<p>Frente a esta situaci\u00f3n de violencia institucional, la Asamblea Permanente LGBT + de Pilar, de la cual Lucas es integrante, convoca en el d\u00eda de hoy a un banderazo frente a la comisar\u00eda 1ra de Pilar, ubicada en Tucum\u00e1n y Rivadavia, a partir de las 11hs.<\/p>\n<p>Compartimos la entrevista completa<\/p>\n<p><a href=\"https:\/\/archive.org\/details\/audio-lucas-violencia-institucional-25-05-2020\">Descargar<\/p>\n<p><\/a><\/p>\n<audio class=\"wp-audio-shortcode\" id=\"audio-2361-2\" preload=\"none\" style=\"width: 100%;\" controls=\"controls\"><source type=\"audio\/mpeg\" src=\"https:\/\/archive.org\/download\/audio-lucas-violencia-institucional-25-05-2020\/AUDIO%20-%20LUCAS%20%28VIOLENCIA%20INSTITUCIONAL%29%2025%2005%202020.mp3?_=2\" \/><a href=\"https:\/\/archive.org\/download\/audio-lucas-violencia-institucional-25-05-2020\/AUDIO%20-%20LUCAS%20%28VIOLENCIA%20INSTITUCIONAL%29%2025%2005%202020.mp3\">https:\/\/archive.org\/download\/audio-lucas-violencia-institucional-25-05-2020\/AUDIO%20-%20LUCAS%20%28VIOLENCIA%20INSTITUCIONAL%29%2025%2005%202020.mp3<\/a><\/audio>\n<div class=\"powerpress_player\" id=\"powerpress_player_6373\"><audio class=\"wp-audio-shortcode\" id=\"audio-2361-1\" preload=\"none\" style=\"width: 100%;\" controls=\"controls\"><source type=\"audio\/mpeg\" src=\"https:\/\/archive.org\/download\/audio-lucas-violencia-institucional-25-05-2020\/AUDIO%20-%20LUCAS%20%28VIOLENCIA%20INSTITUCIONAL%29%2025%2005%202020.mp3?_=1\" \/><a href=\"https:\/\/archive.org\/download\/audio-lucas-violencia-institucional-25-05-2020\/AUDIO%20-%20LUCAS%20%28VIOLENCIA%20INSTITUCIONAL%29%2025%2005%202020.mp3\">https:\/\/archive.org\/download\/audio-lucas-violencia-institucional-25-05-2020\/AUDIO%20-%20LUCAS%20%28VIOLENCIA%20INSTITUCIONAL%29%2025%2005%202020.mp3<\/a><\/audio><\/div><p class=\"powerpress_links powerpress_links_mp3\" style=\"margin-bottom: 1px !important;\">Podcast: <a href=\"https:\/\/archive.org\/download\/audio-lucas-violencia-institucional-25-05-2020\/AUDIO%20-%20LUCAS%20%28VIOLENCIA%20INSTITUCIONAL%29%2025%2005%202020.mp3\" class=\"powerpress_link_pinw\" target=\"_blank\" title=\"Reproducir en una nueva ventana\" onclick=\"return powerpress_pinw('https:\/\/fmtinkunaco.ar\/?powerpress_pinw=2361-podcast');\" rel=\"nofollow\">Reproducir en una nueva ventana<\/a> | <a href=\"https:\/\/archive.org\/download\/audio-lucas-violencia-institucional-25-05-2020\/AUDIO%20-%20LUCAS%20%28VIOLENCIA%20INSTITUCIONAL%29%2025%2005%202020.mp3\" class=\"powerpress_link_d\" title=\"Descargar\" rel=\"nofollow\" download=\"AUDIO%20-%20LUCAS%20%28VIOLENCIA%20INSTITUCIONAL%29%2025%2005%202020.mp3\">Descargar<\/a><\/p>","protected":false},"excerpt":{"rendered":"<p>Ayer, un integrante de la Asamblea Permanente LGBT+ del Partido de Pilar, fue arrestado cuatro horas en la Comisaria 1ra de Pilar, por llevar su tapaboca bajo mientras andaba en bicicleta. Desde la Asamblea denuncian que fue desnudado y humillado. Y exigen al municipio de Pilar que accione contra estos hechos aberrantes. En di\u00e1logo con [&hellip;]<\/p>\n","protected":false},"author":1,"featured_media":2362,"comment_status":"open","ping_status":"open","sticky":false,"template":"","format":"standard","meta":{"footnotes":""},"categories":[4],"tags":[54,117,516],"class_list":["post-2361","post","type-post","status-publish","format-standard","has-post-thumbnail","hentry","category-derechos-humanos","tag-asamblea-permanente-lgbt-pilar","tag-comisaria-1ra-de-pilar","tag-violencia-institucional"],"_links":{"self":[{"href":"https:\/\/fmtinkunaco.ar\/index.php?rest_route=\/wp\/v2\/posts\/2361","targetHints":{"allow":["GET"]}}],"collection":[{"href":"https:\/\/fmtinkunaco.ar\/index.php?rest_route=\/wp\/v2\/posts"}],"about":[{"href":"https:\/\/fmtinkunaco.ar\/index.php?rest_route=\/wp\/v2\/types\/post"}],"author":[{"embeddable":true,"href":"https:\/\/fmtinkunaco.ar\/index.php?rest_route=\/wp\/v2\/users\/1"}],"replies":[{"embeddable":true,"href":"https:\/\/fmtinkunaco.ar\/index.php?rest_route=%2Fwp%2Fv2%2Fcomments&post=2361"}],"version-history":[{"count":0,"href":"https:\/\/fmtinkunaco.ar\/index.php?rest_route=\/wp\/v2\/posts\/2361\/revisions"}],"wp:featuredmedia":[{"embeddable":true,"href":"https:\/\/fmtinkunaco.ar\/index.php?rest_route=\/"}],"wp:attachment":[{"href":"https:\/\/fmtinkunaco.ar\/index.php?rest_route=%2Fwp%2Fv2%2Fmedia&parent=2361"}],"wp:term":[{"taxonomy":"category","embeddable":true,"href":"https:\/\/fmtinkunaco.ar\/index.php?rest_route=%2Fwp%2Fv2%2Fcategories&post=2361"},{"taxonomy":"post_tag","embeddable":true,"href":"https:\/\/fmtinkunaco.ar\/index.php?rest_route=%2Fwp%2Fv2%2Ftags&post=2361"}],"curies":[{"name":"wp","href":"https:\/\/api.w.org\/{rel}","templated":true}]}}